{"id":39714,"date":"2026-03-05T18:59:39","date_gmt":"2026-03-05T23:59:39","guid":{"rendered":"https:\/\/marthacifuentes.com\/portada\/?p=39714"},"modified":"2026-03-05T19:01:22","modified_gmt":"2026-03-06T00:01:22","slug":"encuesta-casanare-redes-polemica","status":"publish","type":"post","link":"https:\/\/marthacifuentes.com\/portada\/encuesta-casanare-redes-polemica\/","title":{"rendered":"Dudosa encuesta que circula en redes genera pol\u00e9mica pol\u00edtica en Casanare y provoca reacci\u00f3n de Cambio Radical"},"content":{"rendered":"\n<p>En los \u00faltimos d\u00edas comenz\u00f3 a circular en Casanare un documento en formato PDF que presenta los resultados de una dudosa encuesta sobre intenci\u00f3n de voto para la C\u00e1mara de Representantes.<\/p>\n\n\n\n<p>El archivo empez\u00f3 a difundirse principalmente a trav\u00e9s de <strong>grupos de WhatsApp<\/strong>, justo cuando faltan pocas horas para las elecciones al Congreso.<\/p>\n\n\n\n<p>El documento contiene gr\u00e1ficos, tablas y una ficha t\u00e9cnica que describe la metodolog\u00eda del estudio.<\/p>\n\n\n\n<p>Uno de los elementos que m\u00e1s ha llamado la atenci\u00f3n es que el informe ubica a <strong>Arledy Alvarado<\/strong>, candidata del Centro Democr\u00e1tico, encabezando la disputa por una de las dos curules que el departamento elige en la C\u00e1mara de Representantes.<\/p>\n\n\n\n<p>Sin embargo, m\u00e1s all\u00e1 de los resultados del documento, lo que ha despertado preguntas en distintos sectores pol\u00edticos es <strong>la forma en que empez\u00f3 a circular y el contexto en el que apareci\u00f3 en el debate p\u00fablico<\/strong>.<\/p>\n\n\n\n<hr class=\"wp-block-separator has-alpha-channel-opacity\"\/>\n\n\n\n<h2 class=\"wp-block-heading\">Una ficha t\u00e9cnica que deja interrogantes<\/h2>\n\n\n\n<p>El PDF contiene una ficha t\u00e9cnica que describe algunos elementos metodol\u00f3gicos del supuesto estudio.<\/p>\n\n\n\n<p>No obstante, el documento no permite verificar con claridad si el sondeo <strong>cumple plenamente con los requisitos establecidos por la legislaci\u00f3n electoral colombiana para la difusi\u00f3n de encuestas de intenci\u00f3n de voto<\/strong>.<\/p>\n\n\n\n<p>En Colombia, la elaboraci\u00f3n y publicaci\u00f3n de encuestas electorales est\u00e1 regulada por el <strong>Consejo Nacional Electoral (CNE)<\/strong>, entidad que exige que estos estudios cumplan criterios t\u00e9cnicos espec\u00edficos y est\u00e9n registrados ante esa autoridad.<\/p>\n\n\n\n<hr class=\"wp-block-separator has-alpha-channel-opacity\"\/>\n\n\n\n<h2 class=\"wp-block-heading\">Mensajes de publicidad pol\u00edtica pagada<\/h2>\n\n\n\n<p>Mientras el documento circulaba en redes y cadenas de mensajer\u00eda, en <strong>al menos cuatro medios digitales del departamento<\/strong> apareci\u00f3 publicidad pol\u00edtica pagada con un mensaje pr\u00e1cticamente id\u00e9ntico.<\/p>\n\n\n\n<p>El texto difundido se\u00f1alaba:<\/p>\n\n\n\n<blockquote class=\"wp-block-quote is-layout-flow wp-block-quote-is-layout-flow\">\n<p>\u201cAl parecer, Casanare ya tiene definidos sus pr\u00f3ximos representantes:<br>Arledy Alvarado (101) del Centro Democr\u00e1tico<br>Diego Garc\u00eda \u2013 101 de Alianza por Casanare (Alianza Verde y En Marcha).<br>Seg\u00fan los \u00faltimos sondeos digitales y las encuestas que se han registrado, las curules de estos candidatos ser\u00edan las m\u00e1s seguras\u201d.<\/p>\n<\/blockquote>\n\n\n\n<p>En estas publicaciones <strong>no se mostraba la encuesta ni sus resultados<\/strong>, pero s\u00ed se hac\u00eda referencia a supuestos \u201csondeos\u201d o \u201cencuestas\u201d que respaldar\u00edan esa afirmaci\u00f3n.<\/p>\n\n\n\n<p>La coincidencia entre la circulaci\u00f3n del documento en PDF y la aparici\u00f3n de estos mensajes de publicidad pol\u00edtica pagada ha despertado comentarios en los corrillos pol\u00edticos del departamento.<\/p>\n\n\n\n<hr class=\"wp-block-separator has-alpha-channel-opacity\"\/>\n\n\n\n<h2 class=\"wp-block-heading\">Cambio Radical cuestiona la difusi\u00f3n de encuestas<\/h2>\n\n\n\n<p>La pol\u00e9mica tambi\u00e9n gener\u00f3 reacciones desde otros sectores pol\u00edticos.<\/p>\n\n\n\n<p>La candidata a la C\u00e1mara de Representantes por <strong>Cambio Radical, Amanda Roc\u00edo Gonz\u00e1lez<\/strong>, cuestion\u00f3 la difusi\u00f3n de publicaciones en redes sociales que presentan \u201cganadores\u201d anticipados en la contienda electoral.<\/p>\n\n\n\n<p>Pronunciamiento de esa colectividad:<\/p>\n\n\n\n<blockquote class=\"wp-block-quote is-layout-flow wp-block-quote-is-layout-flow\">\n<p>\u201cCambio Radical cuestion\u00f3 la difusi\u00f3n de publicaciones en redes sociales que presentan \u2018ganadores\u2019 anticipados a la C\u00e1mara de Representantes, advirtiendo que este tipo de contenidos debe cumplir estrictamente lo establecido en la Ley 2494 de 2025 y en las disposiciones del Consejo Nacional Electoral\u201d.<\/p>\n<\/blockquote>\n\n\n\n<p>\u201cLa colectividad se\u00f1al\u00f3 que divulgar supuestas encuestas o proyecciones sin respaldo legal no solo desinforma a la ciudadan\u00eda, sino que puede acarrear sanciones conforme a la normativa electoral vigente\u201d.<\/p>\n\n\n\n<h2 class=\"wp-block-heading\">La interna del Centro Democr\u00e1tico<\/h2>\n\n\n\n<p>M\u00e1s all\u00e1 de la encuesta, lo que s\u00ed parece claro en el panorama pol\u00edtico de Casanare es que dentro del <strong>Centro Democr\u00e1tico existen respaldos diferenciados entre los tres candidatos que compiten por esa colectividad<\/strong>.<\/p>\n\n\n\n<p>Distintas fuentes se\u00f1alan que <strong>Arledy Alvarado contar\u00eda con apoyos cercanos al denominado clan Barrera<\/strong>, entre ellos su amiga <strong>Cielo Barrera<\/strong>, hermana del senador <strong>Alirio Barrera<\/strong>, y su esposo, el exgobernador <strong>Salom\u00f3n Sanabria<\/strong>.<\/p>\n\n\n\n<p>En el ambiente pol\u00edtico departamental tampoco ha pasado desapercibido que <strong>Alejandro Contreras Sanabria<\/strong>, esposo de la candidata, es <strong>sobrino del exgobernador Sanabria<\/strong>.<\/p>\n\n\n\n<p>Mientras tanto, los otros aspirantes del partido, <strong>\u00c1lvaro Mari\u00f1o<\/strong> y el <strong>pastor Wilmer Garc\u00e9s<\/strong>, avanzan en la contienda con campa\u00f1as apoyadas en sus propias estructuras pol\u00edticas.<\/p>\n","protected":false},"excerpt":{"rendered":"<p>En los \u00faltimos d\u00edas comenz\u00f3 a circular en Casanare un documento en formato PDF que presenta los resultados de una dudosa encuesta sobre intenci\u00f3n de voto para la C\u00e1mara de Representantes. El archivo empez\u00f3 a difundirse principalmente a trav\u00e9s de grupos de WhatsApp, justo cuando faltan pocas horas para las elecciones al Congreso. El documento &hellip;<\/p>\n","protected":false},"author":2,"featured_media":39715,"comment_status":"open","ping_status":"open","sticky":false,"template":"","format":"standard","meta":{"om_disable_all_campaigns":false,"_exactmetrics_skip_tracking":false,"_exactmetrics_sitenote_active":false,"_exactmetrics_sitenote_note":"","_exactmetrics_sitenote_category":0,"_monsterinsights_skip_tracking":false,"_monsterinsights_sitenote_active":false,"_monsterinsights_sitenote_note":"","_monsterinsights_sitenote_category":0,"_uf_show_specific_survey":0,"_uf_disable_surveys":false,"_joinchat":[],"footnotes":""},"categories":[147,146,145],"tags":[193,15095,2689,6796,791,154,195,6793,14903,15096,15093,15094,2455],"class_list":["post-39714","post","type-post","status-publish","format-standard","has-post-thumbnail","hentry","category-actualidad","category-noticias","category-reportajes","tag-alirio-barrera","tag-alvaro-marino-3","tag-amanda-gonzalez","tag-camara-de-representantes","tag-cambio-radical","tag-casanare","tag-centro-democratico","tag-consejo-nacional-electoral","tag-elecciones-2026-2","tag-encuesta-camara-casanare","tag-encuestas-electorales","tag-politica-arledy-alvarado","tag-salomon-sanabria"],"yoast_head":"<!-- This site is optimized with the Yoast SEO plugin v26.1 - https:\/\/yoast.com\/wordpress\/plugins\/seo\/ -->\n<title>Dudosa encuesta en redes genera pol\u00e9mica en Casanare<\/title>\n<meta name=\"description\" content=\"Una supuesta encuesta comenz\u00f3 a circular en redes en Casanare. La difusi\u00f3n provoc\u00f3 reacci\u00f3n de Cambio Radical\" \/>\n<meta name=\"robots\" content=\"index, follow, max-snippet:-1, max-image-preview:large, max-video-preview:-1\" \/>\n<link rel=\"canonical\" href=\"https:\/\/marthacifuentes.com\/portada\/encuesta-casanare-redes-polemica\/\" \/>\n<meta property=\"og:locale\" content=\"es_ES\" \/>\n<meta property=\"og:type\" content=\"article\" \/>\n<meta property=\"og:title\" content=\"Dudosa encuesta que circula en redes genera pol\u00e9mica pol\u00edtica en Casanare\" \/>\n<meta property=\"og:description\" content=\"Un documento con resultados de una supuesta encuesta comenz\u00f3 a circular en redes sociales en plena recta final electoral y provoc\u00f3 reacci\u00f3n pol\u00edtica en el departamento.\" \/>\n<meta property=\"og:url\" content=\"https:\/\/marthacifuentes.com\/portada\/encuesta-casanare-redes-polemica\/\" \/>\n<meta property=\"og:site_name\" content=\"\u25b7 Noticias de Casanare : Martha Cifuentes | Casanare\" \/>\n<meta property=\"article:published_time\" content=\"2026-03-05T23:59:39+00:00\" \/>\n<meta property=\"article:modified_time\" content=\"2026-03-06T00:01:22+00:00\" \/>\n<meta property=\"og:image\" content=\"https:\/\/marthacifuentes.com\/portada\/wp-content\/uploads\/2026\/03\/encuestas-dudosas-camara-casanare.jpg\" \/>\n\t<meta property=\"og:image:width\" content=\"766\" \/>\n\t<meta property=\"og:image:height\" content=\"559\" \/>\n\t<meta property=\"og:image:type\" content=\"image\/jpeg\" \/>\n<meta name=\"author\" content=\"Martha Cifuentes\" \/>\n<meta name=\"twitter:card\" content=\"summary_large_image\" \/>\n<meta name=\"twitter:title\" content=\"Dudosa encuesta que circula en redes genera pol\u00e9mica pol\u00edtica en Casanare\" \/>\n<meta name=\"twitter:description\" content=\"Un documento con resultados de una supuesta encuesta comenz\u00f3 a circular en redes sociales en plena recta final electoral y provoc\u00f3 reacci\u00f3n pol\u00edtica en el departamento.\" \/>\n<meta name=\"twitter:label1\" content=\"Escrito por\" \/>\n\t<meta name=\"twitter:data1\" content=\"Martha Cifuentes\" \/>\n\t<meta name=\"twitter:label2\" content=\"Tiempo de lectura\" \/>\n\t<meta name=\"twitter:data2\" content=\"3 minutos\" \/>\n<script type=\"application\/ld+json\" class=\"yoast-schema-graph\">{\"@context\":\"https:\/\/schema.org\",\"@graph\":[{\"@type\":\"WebPage\",\"@id\":\"https:\/\/marthacifuentes.com\/portada\/encuesta-casanare-redes-polemica\/\",\"url\":\"https:\/\/marthacifuentes.com\/portada\/encuesta-casanare-redes-polemica\/\",\"name\":\"Dudosa encuesta en redes genera pol\u00e9mica en Casanare\",\"isPartOf\":{\"@id\":\"https:\/\/marthacifuentes.com\/portada\/#website\"},\"primaryImageOfPage\":{\"@id\":\"https:\/\/marthacifuentes.com\/portada\/encuesta-casanare-redes-polemica\/#primaryimage\"},\"image\":{\"@id\":\"https:\/\/marthacifuentes.com\/portada\/encuesta-casanare-redes-polemica\/#primaryimage\"},\"thumbnailUrl\":\"https:\/\/marthacifuentes.com\/portada\/wp-content\/uploads\/2026\/03\/encuestas-dudosas-camara-casanare.jpg\",\"datePublished\":\"2026-03-05T23:59:39+00:00\",\"dateModified\":\"2026-03-06T00:01:22+00:00\",\"author\":{\"@id\":\"https:\/\/marthacifuentes.com\/portada\/#\/schema\/person\/57f53174b991db5f90ff78d58502b714\"},\"description\":\"Una supuesta encuesta comenz\u00f3 a circular en redes en Casanare. La difusi\u00f3n provoc\u00f3 reacci\u00f3n de Cambio Radical\",\"breadcrumb\":{\"@id\":\"https:\/\/marthacifuentes.com\/portada\/encuesta-casanare-redes-polemica\/#breadcrumb\"},\"inLanguage\":\"es\",\"potentialAction\":[{\"@type\":\"ReadAction\",\"target\":[\"https:\/\/marthacifuentes.com\/portada\/encuesta-casanare-redes-polemica\/\"]}]},{\"@type\":\"ImageObject\",\"inLanguage\":\"es\",\"@id\":\"https:\/\/marthacifuentes.com\/portada\/encuesta-casanare-redes-polemica\/#primaryimage\",\"url\":\"https:\/\/marthacifuentes.com\/portada\/wp-content\/uploads\/2026\/03\/encuestas-dudosas-camara-casanare.jpg\",\"contentUrl\":\"https:\/\/marthacifuentes.com\/portada\/wp-content\/uploads\/2026\/03\/encuestas-dudosas-camara-casanare.jpg\",\"width\":766,\"height\":559,\"caption\":\"Fotomontaje\"},{\"@type\":\"BreadcrumbList\",\"@id\":\"https:\/\/marthacifuentes.com\/portada\/encuesta-casanare-redes-polemica\/#breadcrumb\",\"itemListElement\":[{\"@type\":\"ListItem\",\"position\":1,\"name\":\"Portada\",\"item\":\"https:\/\/marthacifuentes.com\/portada\/\"},{\"@type\":\"ListItem\",\"position\":2,\"name\":\"Dudosa encuesta que circula en redes genera pol\u00e9mica pol\u00edtica en Casanare y provoca reacci\u00f3n de Cambio Radical\"}]},{\"@type\":\"WebSite\",\"@id\":\"https:\/\/marthacifuentes.com\/portada\/#website\",\"url\":\"https:\/\/marthacifuentes.com\/portada\/\",\"name\":\"\u25b7 Noticias de Casanare : Martha Cifuentes | Casanare\",\"description\":\"Noticias &amp; Contenidos\",\"potentialAction\":[{\"@type\":\"SearchAction\",\"target\":{\"@type\":\"EntryPoint\",\"urlTemplate\":\"https:\/\/marthacifuentes.com\/portada\/?s={search_term_string}\"},\"query-input\":{\"@type\":\"PropertyValueSpecification\",\"valueRequired\":true,\"valueName\":\"search_term_string\"}}],\"inLanguage\":\"es\"},{\"@type\":\"Person\",\"@id\":\"https:\/\/marthacifuentes.com\/portada\/#\/schema\/person\/57f53174b991db5f90ff78d58502b714\",\"name\":\"Martha Cifuentes\",\"image\":{\"@type\":\"ImageObject\",\"inLanguage\":\"es\",\"@id\":\"https:\/\/marthacifuentes.com\/portada\/#\/schema\/person\/image\/\",\"url\":\"http:\/\/marthacifuentes.com\/portada\/wp-content\/uploads\/2018\/06\/avatar_user_2_1528838701-96x96.jpg\",\"contentUrl\":\"http:\/\/marthacifuentes.com\/portada\/wp-content\/uploads\/2018\/06\/avatar_user_2_1528838701-96x96.jpg\",\"caption\":\"Martha Cifuentes\"},\"sameAs\":[\"http:\/\/www.marthacifuentes.com\"],\"url\":\"https:\/\/marthacifuentes.com\/portada\/author\/martha\/\"}]}<\/script>\n<!-- \/ Yoast SEO plugin. -->","yoast_head_json":{"title":"Dudosa encuesta en redes genera pol\u00e9mica en Casanare","description":"Una supuesta encuesta comenz\u00f3 a circular en redes en Casanare. La difusi\u00f3n provoc\u00f3 reacci\u00f3n de Cambio Radical","robots":{"index":"index","follow":"follow","max-snippet":"max-snippet:-1","max-image-preview":"max-image-preview:large","max-video-preview":"max-video-preview:-1"},"canonical":"https:\/\/marthacifuentes.com\/portada\/encuesta-casanare-redes-polemica\/","og_locale":"es_ES","og_type":"article","og_title":"Dudosa encuesta que circula en redes genera pol\u00e9mica pol\u00edtica en Casanare","og_description":"Un documento con resultados de una supuesta encuesta comenz\u00f3 a circular en redes sociales en plena recta final electoral y provoc\u00f3 reacci\u00f3n pol\u00edtica en el departamento.","og_url":"https:\/\/marthacifuentes.com\/portada\/encuesta-casanare-redes-polemica\/","og_site_name":"\u25b7 Noticias de Casanare : Martha Cifuentes | Casanare","article_published_time":"2026-03-05T23:59:39+00:00","article_modified_time":"2026-03-06T00:01:22+00:00","og_image":[{"width":766,"height":559,"url":"https:\/\/marthacifuentes.com\/portada\/wp-content\/uploads\/2026\/03\/encuestas-dudosas-camara-casanare.jpg","type":"image\/jpeg"}],"author":"Martha Cifuentes","twitter_card":"summary_large_image","twitter_title":"Dudosa encuesta que circula en redes genera pol\u00e9mica pol\u00edtica en Casanare","twitter_description":"Un documento con resultados de una supuesta encuesta comenz\u00f3 a circular en redes sociales en plena recta final electoral y provoc\u00f3 reacci\u00f3n pol\u00edtica en el departamento.","twitter_misc":{"Escrito por":"Martha Cifuentes","Tiempo de lectura":"3 minutos"},"schema":{"@context":"https:\/\/schema.org","@graph":[{"@type":"WebPage","@id":"https:\/\/marthacifuentes.com\/portada\/encuesta-casanare-redes-polemica\/","url":"https:\/\/marthacifuentes.com\/portada\/encuesta-casanare-redes-polemica\/","name":"Dudosa encuesta en redes genera pol\u00e9mica en Casanare","isPartOf":{"@id":"https:\/\/marthacifuentes.com\/portada\/#website"},"primaryImageOfPage":{"@id":"https:\/\/marthacifuentes.com\/portada\/encuesta-casanare-redes-polemica\/#primaryimage"},"image":{"@id":"https:\/\/marthacifuentes.com\/portada\/encuesta-casanare-redes-polemica\/#primaryimage"},"thumbnailUrl":"https:\/\/marthacifuentes.com\/portada\/wp-content\/uploads\/2026\/03\/encuestas-dudosas-camara-casanare.jpg","datePublished":"2026-03-05T23:59:39+00:00","dateModified":"2026-03-06T00:01:22+00:00","author":{"@id":"https:\/\/marthacifuentes.com\/portada\/#\/schema\/person\/57f53174b991db5f90ff78d58502b714"},"description":"Una supuesta encuesta comenz\u00f3 a circular en redes en Casanare. La difusi\u00f3n provoc\u00f3 reacci\u00f3n de Cambio Radical","breadcrumb":{"@id":"https:\/\/marthacifuentes.com\/portada\/encuesta-casanare-redes-polemica\/#breadcrumb"},"inLanguage":"es","potentialAction":[{"@type":"ReadAction","target":["https:\/\/marthacifuentes.com\/portada\/encuesta-casanare-redes-polemica\/"]}]},{"@type":"ImageObject","inLanguage":"es","@id":"https:\/\/marthacifuentes.com\/portada\/encuesta-casanare-redes-polemica\/#primaryimage","url":"https:\/\/marthacifuentes.com\/portada\/wp-content\/uploads\/2026\/03\/encuestas-dudosas-camara-casanare.jpg","contentUrl":"https:\/\/marthacifuentes.com\/portada\/wp-content\/uploads\/2026\/03\/encuestas-dudosas-camara-casanare.jpg","width":766,"height":559,"caption":"Fotomontaje"},{"@type":"BreadcrumbList","@id":"https:\/\/marthacifuentes.com\/portada\/encuesta-casanare-redes-polemica\/#breadcrumb","itemListElement":[{"@type":"ListItem","position":1,"name":"Portada","item":"https:\/\/marthacifuentes.com\/portada\/"},{"@type":"ListItem","position":2,"name":"Dudosa encuesta que circula en redes genera pol\u00e9mica pol\u00edtica en Casanare y provoca reacci\u00f3n de Cambio Radical"}]},{"@type":"WebSite","@id":"https:\/\/marthacifuentes.com\/portada\/#website","url":"https:\/\/marthacifuentes.com\/portada\/","name":"\u25b7 Noticias de Casanare : Martha Cifuentes | Casanare","description":"Noticias &amp; Contenidos","potentialAction":[{"@type":"SearchAction","target":{"@type":"EntryPoint","urlTemplate":"https:\/\/marthacifuentes.com\/portada\/?s={search_term_string}"},"query-input":{"@type":"PropertyValueSpecification","valueRequired":true,"valueName":"search_term_string"}}],"inLanguage":"es"},{"@type":"Person","@id":"https:\/\/marthacifuentes.com\/portada\/#\/schema\/person\/57f53174b991db5f90ff78d58502b714","name":"Martha Cifuentes","image":{"@type":"ImageObject","inLanguage":"es","@id":"https:\/\/marthacifuentes.com\/portada\/#\/schema\/person\/image\/","url":"http:\/\/marthacifuentes.com\/portada\/wp-content\/uploads\/2018\/06\/avatar_user_2_1528838701-96x96.jpg","contentUrl":"http:\/\/marthacifuentes.com\/portada\/wp-content\/uploads\/2018\/06\/avatar_user_2_1528838701-96x96.jpg","caption":"Martha Cifuentes"},"sameAs":["http:\/\/www.marthacifuentes.com"],"url":"https:\/\/marthacifuentes.com\/portada\/author\/martha\/"}]}},"_links":{"self":[{"href":"https:\/\/marthacifuentes.com\/portada\/wp-json\/wp\/v2\/posts\/39714","targetHints":{"allow":["GET"]}}],"collection":[{"href":"https:\/\/marthacifuentes.com\/portada\/wp-json\/wp\/v2\/posts"}],"about":[{"href":"https:\/\/marthacifuentes.com\/portada\/wp-json\/wp\/v2\/types\/post"}],"author":[{"embeddable":true,"href":"https:\/\/marthacifuentes.com\/portada\/wp-json\/wp\/v2\/users\/2"}],"replies":[{"embeddable":true,"href":"https:\/\/marthacifuentes.com\/portada\/wp-json\/wp\/v2\/comments?post=39714"}],"version-history":[{"count":1,"href":"https:\/\/marthacifuentes.com\/portada\/wp-json\/wp\/v2\/posts\/39714\/revisions"}],"predecessor-version":[{"id":39716,"href":"https:\/\/marthacifuentes.com\/portada\/wp-json\/wp\/v2\/posts\/39714\/revisions\/39716"}],"wp:featuredmedia":[{"embeddable":true,"href":"https:\/\/marthacifuentes.com\/portada\/wp-json\/wp\/v2\/media\/39715"}],"wp:attachment":[{"href":"https:\/\/marthacifuentes.com\/portada\/wp-json\/wp\/v2\/media?parent=39714"}],"wp:term":[{"taxonomy":"category","embeddable":true,"href":"https:\/\/marthacifuentes.com\/portada\/wp-json\/wp\/v2\/categories?post=39714"},{"taxonomy":"post_tag","embeddable":true,"href":"https:\/\/marthacifuentes.com\/portada\/wp-json\/wp\/v2\/tags?post=39714"}],"curies":[{"name":"wp","href":"https:\/\/api.w.org\/{rel}","templated":true}]}}