{"id":39740,"date":"2026-03-07T19:25:31","date_gmt":"2026-03-08T00:25:31","guid":{"rendered":"https:\/\/marthacifuentes.com\/portada\/?p=39740"},"modified":"2026-03-07T19:25:31","modified_gmt":"2026-03-08T00:25:31","slug":"amanda-rocio-gonzalez-cambio-radical-camara-casanare","status":"publish","type":"post","link":"https:\/\/marthacifuentes.com\/portada\/amanda-rocio-gonzalez-cambio-radical-camara-casanare\/","title":{"rendered":"Amanda Roc\u00edo Gonz\u00e1lez: del uribismo a Cambio Radical, una candidatura que re\u00fane a sectores opositores al gobierno Petro"},"content":{"rendered":"\n<p>Amanda Roc\u00edo Gonz\u00e1lez es m\u00e9dica general de la Universidad de Ciencias Aplicadas y Ambientales (UDCA). Posteriormente se especializ\u00f3 en auditor\u00eda m\u00e9dica y servicios de salud en la Universidad del Meta, en salud p\u00fablica en la Universidad del Rosario y realiz\u00f3 una maestr\u00eda en gesti\u00f3n de organizaciones en la Escuela de Administraci\u00f3n de Negocios (EAN).<\/p>\n\n\n\n<p>Su carrera comenz\u00f3 en el sector p\u00fablico de la salud en Casanare. Fue directora del centro de salud de Monterrey y posteriormente gerente del Hospital Juan Hernando Urrego de Aguazul, cargo en el que fue reelegida durante dos periodos.<\/p>\n\n\n\n<hr class=\"wp-block-separator has-alpha-channel-opacity\"\/>\n\n\n\n<h2 class=\"wp-block-heading\">El salto al Senado de la mano del uribismo<\/h2>\n\n\n\n<p>En 2018 Gonz\u00e1lez lleg\u00f3 al Senado como integrante del partido <strong>Centro Democr\u00e1tico<\/strong>, colectividad fundada por el expresidente \u00c1lvaro Uribe V\u00e9lez.<\/p>\n\n\n\n<p>Su elecci\u00f3n cont\u00f3 con el respaldo pol\u00edtico del entonces gobernador de Casanare, <strong>Alirio Barrera Rodr\u00edguez<\/strong>, quien adem\u00e1s es su primo. \u00c9l le devolvi\u00f3 el \u00abfavor\u00bb de que ella hubiera apalancado su campa\u00f1a a la Gobernaci\u00f3n, cuando nadie hacia mayores apuestas por su aspiraci\u00f3n.<\/p>\n\n\n\n<p>Durante el periodo legislativo 2018-2022 integr\u00f3 la <strong>Comisi\u00f3n Sexta del Senado<\/strong> y lleg\u00f3 a ocupar su presidencia.<\/p>\n\n\n\n<p>Sin embargo, su relaci\u00f3n con la direcci\u00f3n nacional del Centro Democr\u00e1tico termin\u00f3 deterior\u00e1ndose.<\/p>\n\n\n\n<p>Uno de los episodios que marc\u00f3 ese distanciamiento ocurri\u00f3 cuando Gonz\u00e1lez decidi\u00f3 disputar la presidencia de la Comisi\u00f3n Sexta pese a que el expresidente Uribe respaldaba a otra congresista para ese cargo. Finalmente logr\u00f3 la presidencia mediante acuerdos con congresistas de distintos partidos.<\/p>\n\n\n\n<p>Posteriormente, en 2022, el Centro Democr\u00e1tico decidi\u00f3 <strong>no otorgarle el aval para aspirar nuevamente al Senado<\/strong>. Ese aval fue entregado al entonces gobernador de Casanare, <strong>Alirio Barrera<\/strong>, lo que termin\u00f3 profundizando el distanciamiento pol\u00edtico entre ambos.<\/p>\n\n\n\n<p>Barrera termin\u00f3 siendo elegido senador con una importante votaci\u00f3n y manteniendo una relaci\u00f3n pol\u00edtica cercana con el expresidente Uribe.<\/p>\n\n\n\n<p>Ese episodio marc\u00f3 la salida definitiva de Amanda Gonz\u00e1lez del uribismo.<\/p>\n\n\n\n<figure class=\"wp-block-gallery has-nested-images columns-default is-cropped wp-block-gallery-1 is-layout-flex wp-block-gallery-is-layout-flex\">\n<figure class=\"wp-block-image size-large\"><img loading=\"lazy\" decoding=\"async\" width=\"834\" height=\"616\" data-id=\"39760\" src=\"https:\/\/marthacifuentes.com\/portada\/wp-content\/uploads\/2026\/03\/36684008_1811887848875864_7000591835424882688_n-1.jpg\" alt=\"\" class=\"wp-image-39760\" srcset=\"https:\/\/marthacifuentes.com\/portada\/wp-content\/uploads\/2026\/03\/36684008_1811887848875864_7000591835424882688_n-1.jpg 834w, https:\/\/marthacifuentes.com\/portada\/wp-content\/uploads\/2026\/03\/36684008_1811887848875864_7000591835424882688_n-1-300x222.jpg 300w, https:\/\/marthacifuentes.com\/portada\/wp-content\/uploads\/2026\/03\/36684008_1811887848875864_7000591835424882688_n-1-768x567.jpg 768w\" sizes=\"auto, (max-width: 834px) 100vw, 834px\" \/><\/figure>\n\n\n\n<figure class=\"wp-block-image size-large\"><img loading=\"lazy\" decoding=\"async\" width=\"1024\" height=\"683\" data-id=\"39761\" src=\"https:\/\/marthacifuentes.com\/portada\/wp-content\/uploads\/2026\/03\/80722748_2708269305904376_2794732590987214848_n-1024x683.jpg\" alt=\"\" class=\"wp-image-39761\" srcset=\"https:\/\/marthacifuentes.com\/portada\/wp-content\/uploads\/2026\/03\/80722748_2708269305904376_2794732590987214848_n-1024x683.jpg 1024w, https:\/\/marthacifuentes.com\/portada\/wp-content\/uploads\/2026\/03\/80722748_2708269305904376_2794732590987214848_n-300x200.jpg 300w, https:\/\/marthacifuentes.com\/portada\/wp-content\/uploads\/2026\/03\/80722748_2708269305904376_2794732590987214848_n-768x512.jpg 768w, https:\/\/marthacifuentes.com\/portada\/wp-content\/uploads\/2026\/03\/80722748_2708269305904376_2794732590987214848_n-1536x1024.jpg 1536w, https:\/\/marthacifuentes.com\/portada\/wp-content\/uploads\/2026\/03\/80722748_2708269305904376_2794732590987214848_n.jpg 2048w\" sizes=\"auto, (max-width: 1024px) 100vw, 1024px\" \/><\/figure>\n<\/figure>\n\n\n\n<hr class=\"wp-block-separator has-alpha-channel-opacity\"\/>\n\n\n\n<h2 class=\"wp-block-heading\">Un giro pol\u00edtico hacia Cambio Radical<\/h2>\n\n\n\n<p>Tras su ruptura con el Centro Democr\u00e1tico, Gonz\u00e1lez se integr\u00f3 al partido <strong>Cambio Radical<\/strong>, colectividad liderada por el exvicepresidente Germ\u00e1n Vargas Lleras.<\/p>\n\n\n\n<p>\u00c9l la design\u00f3 directora departamental del partido en Casanare y ahora busca llegar a la C\u00e1mara de Representantes.<\/p>\n\n\n\n<p>Aunque el cambio de partido marc\u00f3 una nueva etapa en su carrera electoral, su tr\u00e1nsito pol\u00edtico <strong>no implic\u00f3 un cambio ideol\u00f3gico profundo<\/strong>.<\/p>\n\n\n\n<p>Tanto <strong>Centro Democr\u00e1tico como Cambio Radical se ubican dentro de la derecha en la pol\u00edtica colombiana<\/strong> y han mantenido una posici\u00f3n cr\u00edtica frente a varias de las reformas estructurales impulsadas por el gobierno del presidente <strong>Gustavo Petro<\/strong>.<\/p>\n\n\n\n<p>Entre los temas donde estos partidos han expresado oposici\u00f3n o fuertes reservas se encuentran las reformas <strong>laboral, pensional y de salud<\/strong>, as\u00ed como las propuestas de <strong>reforma agraria, transici\u00f3n energ\u00e9tica, regulaci\u00f3n ambiental y cambios en el modelo econ\u00f3mico asociados a la explotaci\u00f3n de hidrocarburos<\/strong>.<\/p>\n\n\n\n<p>En ese sentido, aunque Amanda Roc\u00edo Gonz\u00e1lez cambi\u00f3 de partido, <strong>su ubicaci\u00f3n dentro del mapa pol\u00edtico nacional se mantiene en el mismo sector ideol\u00f3gico de oposici\u00f3n al actual gobierno<\/strong>.<\/p>\n\n\n\n<figure class=\"wp-block-image size-full\"><img loading=\"lazy\" decoding=\"async\" width=\"960\" height=\"823\" src=\"https:\/\/marthacifuentes.com\/portada\/wp-content\/uploads\/2026\/03\/6b1de862-e107-44e8-b2b0-dabff71750ef.jpeg\" alt=\"\" class=\"wp-image-39743\" srcset=\"https:\/\/marthacifuentes.com\/portada\/wp-content\/uploads\/2026\/03\/6b1de862-e107-44e8-b2b0-dabff71750ef.jpeg 960w, https:\/\/marthacifuentes.com\/portada\/wp-content\/uploads\/2026\/03\/6b1de862-e107-44e8-b2b0-dabff71750ef-300x257.jpeg 300w, https:\/\/marthacifuentes.com\/portada\/wp-content\/uploads\/2026\/03\/6b1de862-e107-44e8-b2b0-dabff71750ef-768x658.jpeg 768w\" sizes=\"auto, (max-width: 960px) 100vw, 960px\" \/><\/figure>\n\n\n\n<hr class=\"wp-block-separator has-alpha-channel-opacity\"\/>\n\n\n\n<h1 class=\"wp-block-heading\">La red pol\u00edtica que rodea su candidatura<\/h1>\n\n\n\n<p>La candidatura de Amanda Roc\u00edo Gonz\u00e1lez no se mueve \u00fanicamente en el terreno individual. A su alrededor se articula una red de dirigentes pol\u00edticos, exfuncionarios y liderazgos regionales que han tenido presencia en la pol\u00edtica de Casanare durante las \u00faltimas dos d\u00e9cadas.<\/p>\n\n\n\n<p>Entre los respaldos visibles o se\u00f1alados dentro del entorno pol\u00edtico regional aparecen:<\/p>\n\n\n\n<p><strong>Marco Tulio Ruiz \u2013 Alcalde de Yopal por el partido Cambio Radical.<\/strong><br>Diversas fuentes pol\u00edticas locales se\u00f1alan que sectores de la administraci\u00f3n municipal estar\u00edan respaldando la candidatura, incluso con reuniones reservadas con algunos funcionarios y contratistas.<\/p>\n\n\n\n<p><strong>Willman Celem\u00edn \u2013 Exalcalde de Yopal por el Partido Liberal.<\/strong><br>Fue destituido tras la crisis del agua que vivi\u00f3 la ciudad luego de la destrucci\u00f3n de la planta de tratamiento en 2011, cuando Yopal permaneci\u00f3 varios a\u00f1os sin acueducto.<\/p>\n\n\n\n<p><strong>Luz Mery Ni\u00f1o \u2013 Diputada del Partido Liberal y esposa de Willman Celem\u00edn.<\/strong><br>Su nombre ha sido mencionado como posible aspirante a la Alcald\u00eda de Yopal en pr\u00f3ximos procesos electorales.<\/p>\n\n\n\n<p><strong>Jorge Garc\u00eda Lizarazo \u2013 Exdiputado y exalcalde designado de Yopal.<\/strong><br>Fue suspendido e inhabilitado por la Procuradur\u00eda tras irregularidades en la entrega de bienes a la Polic\u00eda sin cumplir plenamente los requisitos legales.<\/p>\n\n\n\n<p><strong>Jorge Garc\u00eda \u2013 Actual diputado del Partido Liberal.<\/strong><br>Ha protagonizado fuertes confrontaciones pol\u00edticas con el gobernador de Casanare, C\u00e9sar Ortiz Zorro.<\/p>\n\n\n\n<p><strong>Fabio Su\u00e1rez \u2013 Exconcejal de Yopal por el partido AICO.<\/strong><br>Fue investigado y sancionado en primera instancia por la Procuradur\u00eda por presuntas irregularidades en el proceso de elecci\u00f3n del personero municipal.<\/p>\n\n\n\n<p><strong>Ociel Ortiz \u2013 Concejal de Yopal por el partido AICO.<\/strong><br>Reconocido l\u00edder del sector de La Bendici\u00f3n, uno de los asentamientos urbanos m\u00e1s grandes de la ciudad.<\/p>\n\n\n\n<p><strong>Oscar Rodr\u00edguez \u2013 Empresario de Yopal.<\/strong><br>Ha estado vinculado pol\u00edticamente a distintos proyectos electorales en el departamento: primero cercano al exgobernador Leonardo Puentes, luego al grupo del exgobernador Salom\u00f3n Sanabria y actualmente vinculado al entorno pol\u00edtico de Amanda Gonz\u00e1lez. Fue uno de los organizadores del evento pol\u00edtico denominado <strong>Casanare Palpita<\/strong>.<\/p>\n\n\n\n<p><strong>Andr\u00e9s Rueda \u2013 Dirigente pol\u00edtico de tendencia conservadora y cercano al Centro Democr\u00e1tico.<\/strong><br>Actualmente ha manifestado afinidad con el proyecto presidencial del abogado <strong>Abelardo de la Espriella<\/strong>.<\/p>\n\n\n\n<p><strong>Braulio Castelblanco \u2013 Exalcalde de Yopal.<\/strong><br>Tambi\u00e9n fue gerente del Instituto Financiero de Casanare (IFC) durante el gobierno de Salom\u00f3n Sanabria, gerente de campa\u00f1a del exalcalde Luis Eduardo Castro y posteriormente gerente de la Empresa de Acueducto de Yopal (EAAAY).<\/p>\n\n\n\n<p><strong>Jorge Andr\u00e9s Rodr\u00edguez Gonz\u00e1lez \u2013 Secretario de Gobierno de Yopal y exvicecontralor de Casanare.<\/strong><br>Adem\u00e1s, es primo de la candidata.<\/p>\n\n\n\n<p><strong>Jairo Cristancho \u2013 Excongresista del Centro Democr\u00e1tico.<\/strong><br>Posteriormente se apart\u00f3 de esa colectividad tras conflictos pol\u00edticos con antiguos aliados.<\/p>\n\n\n\n<p><strong>Ronald Roa y Edgar Dinas \u2013 Exgerentes del Hospital Regional de la Orinoquia.<\/strong><\/p>\n\n\n\n<p>A este entramado se suman sectores pol\u00edticos y simpatizantes cercanos al proyecto presidencial de <strong>Abelardo de la Espriella<\/strong>, candidato de la extrema derecha.<\/p>\n\n\n\n<figure class=\"wp-block-gallery has-nested-images columns-default is-cropped wp-block-gallery-2 is-layout-flex wp-block-gallery-is-layout-flex\">\n<figure class=\"wp-block-image size-large\"><img loading=\"lazy\" decoding=\"async\" width=\"1024\" height=\"683\" data-id=\"39753\" src=\"https:\/\/marthacifuentes.com\/portada\/wp-content\/uploads\/2026\/03\/2.-EXALCALDE-DE-YOPAL-WILLMAN-CELEMIN-1-1024x683.jpg\" alt=\"\" class=\"wp-image-39753\" srcset=\"https:\/\/marthacifuentes.com\/portada\/wp-content\/uploads\/2026\/03\/2.-EXALCALDE-DE-YOPAL-WILLMAN-CELEMIN-1-1024x683.jpg 1024w, https:\/\/marthacifuentes.com\/portada\/wp-content\/uploads\/2026\/03\/2.-EXALCALDE-DE-YOPAL-WILLMAN-CELEMIN-1-300x200.jpg 300w, https:\/\/marthacifuentes.com\/portada\/wp-content\/uploads\/2026\/03\/2.-EXALCALDE-DE-YOPAL-WILLMAN-CELEMIN-1-768x512.jpg 768w, https:\/\/marthacifuentes.com\/portada\/wp-content\/uploads\/2026\/03\/2.-EXALCALDE-DE-YOPAL-WILLMAN-CELEMIN-1-1536x1025.jpg 1536w, https:\/\/marthacifuentes.com\/portada\/wp-content\/uploads\/2026\/03\/2.-EXALCALDE-DE-YOPAL-WILLMAN-CELEMIN-1.jpg 2048w\" sizes=\"auto, (max-width: 1024px) 100vw, 1024px\" \/><\/figure>\n\n\n\n<figure class=\"wp-block-image size-large\"><img loading=\"lazy\" decoding=\"async\" width=\"1024\" height=\"683\" data-id=\"39754\" src=\"https:\/\/marthacifuentes.com\/portada\/wp-content\/uploads\/2026\/03\/3.-EXDIPUTADO-YORK-CORTES-1-1024x683.jpg\" alt=\"\" class=\"wp-image-39754\" srcset=\"https:\/\/marthacifuentes.com\/portada\/wp-content\/uploads\/2026\/03\/3.-EXDIPUTADO-YORK-CORTES-1-1024x683.jpg 1024w, https:\/\/marthacifuentes.com\/portada\/wp-content\/uploads\/2026\/03\/3.-EXDIPUTADO-YORK-CORTES-1-300x200.jpg 300w, https:\/\/marthacifuentes.com\/portada\/wp-content\/uploads\/2026\/03\/3.-EXDIPUTADO-YORK-CORTES-1-768x512.jpg 768w, https:\/\/marthacifuentes.com\/portada\/wp-content\/uploads\/2026\/03\/3.-EXDIPUTADO-YORK-CORTES-1.jpg 1280w\" sizes=\"auto, (max-width: 1024px) 100vw, 1024px\" \/><\/figure>\n\n\n\n<figure class=\"wp-block-image size-large\"><img loading=\"lazy\" decoding=\"async\" width=\"1024\" height=\"683\" data-id=\"39756\" src=\"https:\/\/marthacifuentes.com\/portada\/wp-content\/uploads\/2026\/03\/4.DIPUTADO-PARTIDO-LIBERAL-JORGE-GARCIA-1-1024x683.jpg\" alt=\"\" class=\"wp-image-39756\" srcset=\"https:\/\/marthacifuentes.com\/portada\/wp-content\/uploads\/2026\/03\/4.DIPUTADO-PARTIDO-LIBERAL-JORGE-GARCIA-1-1024x683.jpg 1024w, https:\/\/marthacifuentes.com\/portada\/wp-content\/uploads\/2026\/03\/4.DIPUTADO-PARTIDO-LIBERAL-JORGE-GARCIA-1-300x200.jpg 300w, https:\/\/marthacifuentes.com\/portada\/wp-content\/uploads\/2026\/03\/4.DIPUTADO-PARTIDO-LIBERAL-JORGE-GARCIA-1-768x512.jpg 768w, https:\/\/marthacifuentes.com\/portada\/wp-content\/uploads\/2026\/03\/4.DIPUTADO-PARTIDO-LIBERAL-JORGE-GARCIA-1-1536x1025.jpg 1536w, https:\/\/marthacifuentes.com\/portada\/wp-content\/uploads\/2026\/03\/4.DIPUTADO-PARTIDO-LIBERAL-JORGE-GARCIA-1.jpg 2048w\" sizes=\"auto, (max-width: 1024px) 100vw, 1024px\" \/><\/figure>\n\n\n\n<figure class=\"wp-block-image size-large\"><img loading=\"lazy\" decoding=\"async\" width=\"1024\" height=\"683\" data-id=\"39755\" src=\"https:\/\/marthacifuentes.com\/portada\/wp-content\/uploads\/2026\/03\/5.EXCONCEJAL-DE-YOPAL-FABIO-SUAREZ-AICO-1-1024x683.jpg\" alt=\"\" class=\"wp-image-39755\" srcset=\"https:\/\/marthacifuentes.com\/portada\/wp-content\/uploads\/2026\/03\/5.EXCONCEJAL-DE-YOPAL-FABIO-SUAREZ-AICO-1-1024x683.jpg 1024w, https:\/\/marthacifuentes.com\/portada\/wp-content\/uploads\/2026\/03\/5.EXCONCEJAL-DE-YOPAL-FABIO-SUAREZ-AICO-1-300x200.jpg 300w, https:\/\/marthacifuentes.com\/portada\/wp-content\/uploads\/2026\/03\/5.EXCONCEJAL-DE-YOPAL-FABIO-SUAREZ-AICO-1-768x512.jpg 768w, https:\/\/marthacifuentes.com\/portada\/wp-content\/uploads\/2026\/03\/5.EXCONCEJAL-DE-YOPAL-FABIO-SUAREZ-AICO-1-1536x1025.jpg 1536w, https:\/\/marthacifuentes.com\/portada\/wp-content\/uploads\/2026\/03\/5.EXCONCEJAL-DE-YOPAL-FABIO-SUAREZ-AICO-1.jpg 2048w\" sizes=\"auto, (max-width: 1024px) 100vw, 1024px\" \/><\/figure>\n\n\n\n<figure class=\"wp-block-image size-large\"><img loading=\"lazy\" decoding=\"async\" width=\"1024\" height=\"769\" data-id=\"39757\" src=\"https:\/\/marthacifuentes.com\/portada\/wp-content\/uploads\/2026\/03\/6.-EXALCALDE-DE-YOPAL-BRAULIO-CASTELBLANCO-1-1-1024x769.jpg\" alt=\"\" class=\"wp-image-39757\" srcset=\"https:\/\/marthacifuentes.com\/portada\/wp-content\/uploads\/2026\/03\/6.-EXALCALDE-DE-YOPAL-BRAULIO-CASTELBLANCO-1-1-1024x769.jpg 1024w, https:\/\/marthacifuentes.com\/portada\/wp-content\/uploads\/2026\/03\/6.-EXALCALDE-DE-YOPAL-BRAULIO-CASTELBLANCO-1-1-300x225.jpg 300w, https:\/\/marthacifuentes.com\/portada\/wp-content\/uploads\/2026\/03\/6.-EXALCALDE-DE-YOPAL-BRAULIO-CASTELBLANCO-1-1-768x577.jpg 768w, https:\/\/marthacifuentes.com\/portada\/wp-content\/uploads\/2026\/03\/6.-EXALCALDE-DE-YOPAL-BRAULIO-CASTELBLANCO-1-1-1536x1154.jpg 1536w, https:\/\/marthacifuentes.com\/portada\/wp-content\/uploads\/2026\/03\/6.-EXALCALDE-DE-YOPAL-BRAULIO-CASTELBLANCO-1-1.jpg 2048w\" sizes=\"auto, (max-width: 1024px) 100vw, 1024px\" \/><\/figure>\n\n\n\n<figure class=\"wp-block-image size-large\"><img loading=\"lazy\" decoding=\"async\" width=\"1024\" height=\"683\" data-id=\"39758\" src=\"https:\/\/marthacifuentes.com\/portada\/wp-content\/uploads\/2026\/03\/617856560_1425980005562192_2279093177660424064_n-1-1024x683.jpg\" alt=\"\" class=\"wp-image-39758\" srcset=\"https:\/\/marthacifuentes.com\/portada\/wp-content\/uploads\/2026\/03\/617856560_1425980005562192_2279093177660424064_n-1-1024x683.jpg 1024w, https:\/\/marthacifuentes.com\/portada\/wp-content\/uploads\/2026\/03\/617856560_1425980005562192_2279093177660424064_n-1-300x200.jpg 300w, https:\/\/marthacifuentes.com\/portada\/wp-content\/uploads\/2026\/03\/617856560_1425980005562192_2279093177660424064_n-1-768x512.jpg 768w, https:\/\/marthacifuentes.com\/portada\/wp-content\/uploads\/2026\/03\/617856560_1425980005562192_2279093177660424064_n-1-1536x1025.jpg 1536w, https:\/\/marthacifuentes.com\/portada\/wp-content\/uploads\/2026\/03\/617856560_1425980005562192_2279093177660424064_n-1.jpg 2048w\" sizes=\"auto, (max-width: 1024px) 100vw, 1024px\" \/><\/figure>\n\n\n\n<figure class=\"wp-block-image size-large\"><img loading=\"lazy\" decoding=\"async\" width=\"1024\" height=\"768\" data-id=\"39759\" src=\"https:\/\/marthacifuentes.com\/portada\/wp-content\/uploads\/2026\/03\/641418063_10237124822053744_6958616872195760815_n-1-1024x768.jpg\" alt=\"\" class=\"wp-image-39759\" srcset=\"https:\/\/marthacifuentes.com\/portada\/wp-content\/uploads\/2026\/03\/641418063_10237124822053744_6958616872195760815_n-1-1024x768.jpg 1024w, https:\/\/marthacifuentes.com\/portada\/wp-content\/uploads\/2026\/03\/641418063_10237124822053744_6958616872195760815_n-1-300x225.jpg 300w, https:\/\/marthacifuentes.com\/portada\/wp-content\/uploads\/2026\/03\/641418063_10237124822053744_6958616872195760815_n-1-768x576.jpg 768w, https:\/\/marthacifuentes.com\/portada\/wp-content\/uploads\/2026\/03\/641418063_10237124822053744_6958616872195760815_n-1-1536x1152.jpg 1536w, https:\/\/marthacifuentes.com\/portada\/wp-content\/uploads\/2026\/03\/641418063_10237124822053744_6958616872195760815_n-1.jpg 2048w\" sizes=\"auto, (max-width: 1024px) 100vw, 1024px\" \/><\/figure>\n\n\n\n<figure class=\"wp-block-image size-large\"><img loading=\"lazy\" decoding=\"async\" width=\"512\" height=\"335\" data-id=\"39752\" src=\"https:\/\/marthacifuentes.com\/portada\/wp-content\/uploads\/2026\/03\/642345026_1504890764971969_5751707966201070141_n-1.jpg\" alt=\"\" class=\"wp-image-39752\" srcset=\"https:\/\/marthacifuentes.com\/portada\/wp-content\/uploads\/2026\/03\/642345026_1504890764971969_5751707966201070141_n-1.jpg 512w, https:\/\/marthacifuentes.com\/portada\/wp-content\/uploads\/2026\/03\/642345026_1504890764971969_5751707966201070141_n-1-300x196.jpg 300w\" sizes=\"auto, (max-width: 512px) 100vw, 512px\" \/><\/figure>\n<\/figure>\n\n\n\n<hr class=\"wp-block-separator has-alpha-channel-opacity\"\/>\n\n\n\n<h1 class=\"wp-block-heading\">El patrimonio declarado<\/h1>\n\n\n\n<p>De acuerdo con su <strong>declaraci\u00f3n p\u00fablica de bienes y rentas presentada cuando ejerc\u00eda como senadora<\/strong>, Amanda Roc\u00edo Gonz\u00e1lez report\u00f3 un patrimonio compuesto principalmente por propiedades urbanas y rurales, especialmente en el departamento de Casanare.<\/p>\n\n\n\n<p>Varios de estos bienes aparec\u00edan en su momento registrados <strong>en sociedad con el entonces gobernador Alirio Barrera<\/strong>, con quien durante varios a\u00f1os mantuvo cercan\u00eda pol\u00edtica.<\/p>\n\n\n\n<p>Seg\u00fan el \u00cdndice de Propietarios de la Superintendencia de Notariado y Registro ostenta la propiedad sobre 12 predios, entre los cuales se incluye su casa campestre en Yopal, una casa en el barrio Caribabare, la finca Villa Carito, entre otros.<\/p>\n\n\n\n<p>Estos datos reflejan un patrimonio ligado tanto a <strong>bienes inmobiliarios como a actividades agropecuarias<\/strong>, una estructura econ\u00f3mica frecuente en dirigentes pol\u00edticos provenientes de regiones con fuerte actividad ganadera como Casanare.<\/p>\n\n\n\n<hr class=\"wp-block-separator has-alpha-channel-opacity\"\/>\n\n\n\n<h2 class=\"wp-block-heading\">Ingresos y cifras de campa\u00f1a<\/h2>\n\n\n\n<p>Durante su paso por el Senado, Gonz\u00e1lez report\u00f3 ingresos anuales cercanos a <strong>$499 millones<\/strong>, derivados principalmente de su salario como congresista.<\/p>\n\n\n\n<p>Para las elecciones legislativas de <strong>2026<\/strong>, los reportes presentados ante el Consejo Nacional Electoral registran <strong>58 millones de pesos en ingresos de campa\u00f1a<\/strong> y <strong>37 millones de pesos en gastos<\/strong>, financiados principalmente con recursos propios.<\/p>\n","protected":false},"excerpt":{"rendered":"<p>Amanda Roc\u00edo Gonz\u00e1lez es m\u00e9dica general de la Universidad de Ciencias Aplicadas y Ambientales (UDCA). Posteriormente se especializ\u00f3 en auditor\u00eda m\u00e9dica y servicios de salud en la Universidad del Meta, en salud p\u00fablica en la Universidad del Rosario y realiz\u00f3 una maestr\u00eda en gesti\u00f3n de organizaciones en la Escuela de Administraci\u00f3n de Negocios (EAN). Su &hellip;<\/p>\n","protected":false},"author":2,"featured_media":39741,"comment_status":"open","ping_status":"open","sticky":false,"template":"","format":"standard","meta":{"om_disable_all_campaigns":false,"_exactmetrics_skip_tracking":false,"_exactmetrics_sitenote_active":false,"_exactmetrics_sitenote_note":"","_exactmetrics_sitenote_category":0,"_monsterinsights_skip_tracking":false,"_monsterinsights_sitenote_active":false,"_monsterinsights_sitenote_note":"","_monsterinsights_sitenote_category":0,"_uf_show_specific_survey":0,"_uf_disable_surveys":false,"_joinchat":[],"footnotes":""},"categories":[147,146,145],"tags":[193,14954,15103,791,15106,195,15105,15104,15108,3371,15110,15107,15109],"class_list":["post-39740","post","type-post","status-publish","format-standard","has-post-thumbnail","hentry","category-actualidad","category-noticias","category-reportajes","tag-alirio-barrera","tag-amanda-rocio-gonzalez-2","tag-camara-de-representantes-casanare","tag-cambio-radical","tag-candidatos-camara-casanare","tag-centro-democratico","tag-congreso-de-la-republica-2","tag-elecciones-2026-casanare","tag-oposicion-al-gobierno-petro","tag-politica-casanare","tag-politica-regional-casanare","tag-reformas-de-gustavo-petro","tag-yopal-politica"],"yoast_head":"<!-- This site is optimized with the Yoast SEO plugin v26.1 - https:\/\/yoast.com\/wordpress\/plugins\/seo\/ -->\n<title>Amanda Roc\u00edo Gonz\u00e1lez: del uribismo a Cambio Radical y la red pol\u00edtica que respalda su candidatura<\/title>\n<meta name=\"description\" content=\"La exsenadora Amanda Roc\u00edo Gonz\u00e1lez busca llegar a la C\u00e1mara por Cambio Radical. Su candidatura es opositora a las reformas de Petro.\" \/>\n<meta name=\"robots\" content=\"index, follow, max-snippet:-1, max-image-preview:large, max-video-preview:-1\" \/>\n<link rel=\"canonical\" href=\"https:\/\/marthacifuentes.com\/portada\/amanda-rocio-gonzalez-cambio-radical-camara-casanare\/\" \/>\n<meta property=\"og:locale\" content=\"es_ES\" \/>\n<meta property=\"og:type\" content=\"article\" \/>\n<meta property=\"og:title\" content=\"Amanda Roc\u00edo Gonz\u00e1lez: del uribismo a Cambio Radical y la red pol\u00edtica que respalda su candidatura\" \/>\n<meta property=\"og:description\" content=\"La exsenadora Amanda Roc\u00edo Gonz\u00e1lez busca volver al Congreso como candidata a la C\u00e1mara por Cambio Radical. Su aspiraci\u00f3n re\u00fane dirigentes tradicionales de Casanare y sectores cr\u00edticos del gobierno Petro.\" \/>\n<meta property=\"og:url\" content=\"https:\/\/marthacifuentes.com\/portada\/amanda-rocio-gonzalez-cambio-radical-camara-casanare\/\" \/>\n<meta property=\"og:site_name\" content=\"\u25b7 Noticias de Casanare : Martha Cifuentes | Casanare\" \/>\n<meta property=\"article:published_time\" content=\"2026-03-08T00:25:31+00:00\" \/>\n<meta property=\"og:image\" content=\"https:\/\/marthacifuentes.com\/portada\/wp-content\/uploads\/2026\/03\/1.-AMANDA-ROCIO-GONZALEZ-CANDIDATA-CAMARA-CAMBIO-RADICAL.jpg\" \/>\n\t<meta property=\"og:image:width\" content=\"2048\" \/>\n\t<meta property=\"og:image:height\" content=\"1366\" \/>\n\t<meta property=\"og:image:type\" content=\"image\/jpeg\" \/>\n<meta name=\"author\" content=\"Martha Cifuentes\" \/>\n<meta name=\"twitter:card\" content=\"summary_large_image\" \/>\n<meta name=\"twitter:title\" content=\"Amanda Roc\u00edo Gonz\u00e1lez: del uribismo a Cambio Radical y la red pol\u00edtica que respalda su candidatura\" \/>\n<meta name=\"twitter:description\" content=\"La exsenadora Amanda Roc\u00edo Gonz\u00e1lez busca volver al Congreso como candidata a la C\u00e1mara por Cambio Radical. Su aspiraci\u00f3n re\u00fane dirigentes tradicionales de Casanare y sectores cr\u00edticos del gobierno Petro.\" \/>\n<meta name=\"twitter:label1\" content=\"Escrito por\" \/>\n\t<meta name=\"twitter:data1\" content=\"Martha Cifuentes\" \/>\n\t<meta name=\"twitter:label2\" content=\"Tiempo de lectura\" \/>\n\t<meta name=\"twitter:data2\" content=\"8 minutos\" \/>\n<script type=\"application\/ld+json\" class=\"yoast-schema-graph\">{\"@context\":\"https:\/\/schema.org\",\"@graph\":[{\"@type\":\"WebPage\",\"@id\":\"https:\/\/marthacifuentes.com\/portada\/amanda-rocio-gonzalez-cambio-radical-camara-casanare\/\",\"url\":\"https:\/\/marthacifuentes.com\/portada\/amanda-rocio-gonzalez-cambio-radical-camara-casanare\/\",\"name\":\"Amanda Roc\u00edo Gonz\u00e1lez: del uribismo a Cambio Radical y la red pol\u00edtica que respalda su candidatura\",\"isPartOf\":{\"@id\":\"https:\/\/marthacifuentes.com\/portada\/#website\"},\"primaryImageOfPage\":{\"@id\":\"https:\/\/marthacifuentes.com\/portada\/amanda-rocio-gonzalez-cambio-radical-camara-casanare\/#primaryimage\"},\"image\":{\"@id\":\"https:\/\/marthacifuentes.com\/portada\/amanda-rocio-gonzalez-cambio-radical-camara-casanare\/#primaryimage\"},\"thumbnailUrl\":\"https:\/\/marthacifuentes.com\/portada\/wp-content\/uploads\/2026\/03\/1.-AMANDA-ROCIO-GONZALEZ-CANDIDATA-CAMARA-CAMBIO-RADICAL.jpg\",\"datePublished\":\"2026-03-08T00:25:31+00:00\",\"author\":{\"@id\":\"https:\/\/marthacifuentes.com\/portada\/#\/schema\/person\/57f53174b991db5f90ff78d58502b714\"},\"description\":\"La exsenadora Amanda Roc\u00edo Gonz\u00e1lez busca llegar a la C\u00e1mara por Cambio Radical. Su candidatura es opositora a las reformas de Petro.\",\"breadcrumb\":{\"@id\":\"https:\/\/marthacifuentes.com\/portada\/amanda-rocio-gonzalez-cambio-radical-camara-casanare\/#breadcrumb\"},\"inLanguage\":\"es\",\"potentialAction\":[{\"@type\":\"ReadAction\",\"target\":[\"https:\/\/marthacifuentes.com\/portada\/amanda-rocio-gonzalez-cambio-radical-camara-casanare\/\"]}]},{\"@type\":\"ImageObject\",\"inLanguage\":\"es\",\"@id\":\"https:\/\/marthacifuentes.com\/portada\/amanda-rocio-gonzalez-cambio-radical-camara-casanare\/#primaryimage\",\"url\":\"https:\/\/marthacifuentes.com\/portada\/wp-content\/uploads\/2026\/03\/1.-AMANDA-ROCIO-GONZALEZ-CANDIDATA-CAMARA-CAMBIO-RADICAL.jpg\",\"contentUrl\":\"https:\/\/marthacifuentes.com\/portada\/wp-content\/uploads\/2026\/03\/1.-AMANDA-ROCIO-GONZALEZ-CANDIDATA-CAMARA-CAMBIO-RADICAL.jpg\",\"width\":2048,\"height\":1366},{\"@type\":\"BreadcrumbList\",\"@id\":\"https:\/\/marthacifuentes.com\/portada\/amanda-rocio-gonzalez-cambio-radical-camara-casanare\/#breadcrumb\",\"itemListElement\":[{\"@type\":\"ListItem\",\"position\":1,\"name\":\"Portada\",\"item\":\"https:\/\/marthacifuentes.com\/portada\/\"},{\"@type\":\"ListItem\",\"position\":2,\"name\":\"Amanda Roc\u00edo Gonz\u00e1lez: del uribismo a Cambio Radical, una candidatura que re\u00fane a sectores opositores al gobierno Petro\"}]},{\"@type\":\"WebSite\",\"@id\":\"https:\/\/marthacifuentes.com\/portada\/#website\",\"url\":\"https:\/\/marthacifuentes.com\/portada\/\",\"name\":\"\u25b7 Noticias de Casanare : Martha Cifuentes | Casanare\",\"description\":\"Noticias &amp; Contenidos\",\"potentialAction\":[{\"@type\":\"SearchAction\",\"target\":{\"@type\":\"EntryPoint\",\"urlTemplate\":\"https:\/\/marthacifuentes.com\/portada\/?s={search_term_string}\"},\"query-input\":{\"@type\":\"PropertyValueSpecification\",\"valueRequired\":true,\"valueName\":\"search_term_string\"}}],\"inLanguage\":\"es\"},{\"@type\":\"Person\",\"@id\":\"https:\/\/marthacifuentes.com\/portada\/#\/schema\/person\/57f53174b991db5f90ff78d58502b714\",\"name\":\"Martha Cifuentes\",\"image\":{\"@type\":\"ImageObject\",\"inLanguage\":\"es\",\"@id\":\"https:\/\/marthacifuentes.com\/portada\/#\/schema\/person\/image\/\",\"url\":\"http:\/\/marthacifuentes.com\/portada\/wp-content\/uploads\/2018\/06\/avatar_user_2_1528838701-96x96.jpg\",\"contentUrl\":\"http:\/\/marthacifuentes.com\/portada\/wp-content\/uploads\/2018\/06\/avatar_user_2_1528838701-96x96.jpg\",\"caption\":\"Martha Cifuentes\"},\"sameAs\":[\"http:\/\/www.marthacifuentes.com\"],\"url\":\"https:\/\/marthacifuentes.com\/portada\/author\/martha\/\"}]}<\/script>\n<!-- \/ Yoast SEO plugin. -->","yoast_head_json":{"title":"Amanda Roc\u00edo Gonz\u00e1lez: del uribismo a Cambio Radical y la red pol\u00edtica que respalda su candidatura","description":"La exsenadora Amanda Roc\u00edo Gonz\u00e1lez busca llegar a la C\u00e1mara por Cambio Radical. Su candidatura es opositora a las reformas de Petro.","robots":{"index":"index","follow":"follow","max-snippet":"max-snippet:-1","max-image-preview":"max-image-preview:large","max-video-preview":"max-video-preview:-1"},"canonical":"https:\/\/marthacifuentes.com\/portada\/amanda-rocio-gonzalez-cambio-radical-camara-casanare\/","og_locale":"es_ES","og_type":"article","og_title":"Amanda Roc\u00edo Gonz\u00e1lez: del uribismo a Cambio Radical y la red pol\u00edtica que respalda su candidatura","og_description":"La exsenadora Amanda Roc\u00edo Gonz\u00e1lez busca volver al Congreso como candidata a la C\u00e1mara por Cambio Radical. Su aspiraci\u00f3n re\u00fane dirigentes tradicionales de Casanare y sectores cr\u00edticos del gobierno Petro.","og_url":"https:\/\/marthacifuentes.com\/portada\/amanda-rocio-gonzalez-cambio-radical-camara-casanare\/","og_site_name":"\u25b7 Noticias de Casanare : Martha Cifuentes | Casanare","article_published_time":"2026-03-08T00:25:31+00:00","og_image":[{"width":2048,"height":1366,"url":"https:\/\/marthacifuentes.com\/portada\/wp-content\/uploads\/2026\/03\/1.-AMANDA-ROCIO-GONZALEZ-CANDIDATA-CAMARA-CAMBIO-RADICAL.jpg","type":"image\/jpeg"}],"author":"Martha Cifuentes","twitter_card":"summary_large_image","twitter_title":"Amanda Roc\u00edo Gonz\u00e1lez: del uribismo a Cambio Radical y la red pol\u00edtica que respalda su candidatura","twitter_description":"La exsenadora Amanda Roc\u00edo Gonz\u00e1lez busca volver al Congreso como candidata a la C\u00e1mara por Cambio Radical. Su aspiraci\u00f3n re\u00fane dirigentes tradicionales de Casanare y sectores cr\u00edticos del gobierno Petro.","twitter_misc":{"Escrito por":"Martha Cifuentes","Tiempo de lectura":"8 minutos"},"schema":{"@context":"https:\/\/schema.org","@graph":[{"@type":"WebPage","@id":"https:\/\/marthacifuentes.com\/portada\/amanda-rocio-gonzalez-cambio-radical-camara-casanare\/","url":"https:\/\/marthacifuentes.com\/portada\/amanda-rocio-gonzalez-cambio-radical-camara-casanare\/","name":"Amanda Roc\u00edo Gonz\u00e1lez: del uribismo a Cambio Radical y la red pol\u00edtica que respalda su candidatura","isPartOf":{"@id":"https:\/\/marthacifuentes.com\/portada\/#website"},"primaryImageOfPage":{"@id":"https:\/\/marthacifuentes.com\/portada\/amanda-rocio-gonzalez-cambio-radical-camara-casanare\/#primaryimage"},"image":{"@id":"https:\/\/marthacifuentes.com\/portada\/amanda-rocio-gonzalez-cambio-radical-camara-casanare\/#primaryimage"},"thumbnailUrl":"https:\/\/marthacifuentes.com\/portada\/wp-content\/uploads\/2026\/03\/1.-AMANDA-ROCIO-GONZALEZ-CANDIDATA-CAMARA-CAMBIO-RADICAL.jpg","datePublished":"2026-03-08T00:25:31+00:00","author":{"@id":"https:\/\/marthacifuentes.com\/portada\/#\/schema\/person\/57f53174b991db5f90ff78d58502b714"},"description":"La exsenadora Amanda Roc\u00edo Gonz\u00e1lez busca llegar a la C\u00e1mara por Cambio Radical. Su candidatura es opositora a las reformas de Petro.","breadcrumb":{"@id":"https:\/\/marthacifuentes.com\/portada\/amanda-rocio-gonzalez-cambio-radical-camara-casanare\/#breadcrumb"},"inLanguage":"es","potentialAction":[{"@type":"ReadAction","target":["https:\/\/marthacifuentes.com\/portada\/amanda-rocio-gonzalez-cambio-radical-camara-casanare\/"]}]},{"@type":"ImageObject","inLanguage":"es","@id":"https:\/\/marthacifuentes.com\/portada\/amanda-rocio-gonzalez-cambio-radical-camara-casanare\/#primaryimage","url":"https:\/\/marthacifuentes.com\/portada\/wp-content\/uploads\/2026\/03\/1.-AMANDA-ROCIO-GONZALEZ-CANDIDATA-CAMARA-CAMBIO-RADICAL.jpg","contentUrl":"https:\/\/marthacifuentes.com\/portada\/wp-content\/uploads\/2026\/03\/1.-AMANDA-ROCIO-GONZALEZ-CANDIDATA-CAMARA-CAMBIO-RADICAL.jpg","width":2048,"height":1366},{"@type":"BreadcrumbList","@id":"https:\/\/marthacifuentes.com\/portada\/amanda-rocio-gonzalez-cambio-radical-camara-casanare\/#breadcrumb","itemListElement":[{"@type":"ListItem","position":1,"name":"Portada","item":"https:\/\/marthacifuentes.com\/portada\/"},{"@type":"ListItem","position":2,"name":"Amanda Roc\u00edo Gonz\u00e1lez: del uribismo a Cambio Radical, una candidatura que re\u00fane a sectores opositores al gobierno Petro"}]},{"@type":"WebSite","@id":"https:\/\/marthacifuentes.com\/portada\/#website","url":"https:\/\/marthacifuentes.com\/portada\/","name":"\u25b7 Noticias de Casanare : Martha Cifuentes | Casanare","description":"Noticias &amp; Contenidos","potentialAction":[{"@type":"SearchAction","target":{"@type":"EntryPoint","urlTemplate":"https:\/\/marthacifuentes.com\/portada\/?s={search_term_string}"},"query-input":{"@type":"PropertyValueSpecification","valueRequired":true,"valueName":"search_term_string"}}],"inLanguage":"es"},{"@type":"Person","@id":"https:\/\/marthacifuentes.com\/portada\/#\/schema\/person\/57f53174b991db5f90ff78d58502b714","name":"Martha Cifuentes","image":{"@type":"ImageObject","inLanguage":"es","@id":"https:\/\/marthacifuentes.com\/portada\/#\/schema\/person\/image\/","url":"http:\/\/marthacifuentes.com\/portada\/wp-content\/uploads\/2018\/06\/avatar_user_2_1528838701-96x96.jpg","contentUrl":"http:\/\/marthacifuentes.com\/portada\/wp-content\/uploads\/2018\/06\/avatar_user_2_1528838701-96x96.jpg","caption":"Martha Cifuentes"},"sameAs":["http:\/\/www.marthacifuentes.com"],"url":"https:\/\/marthacifuentes.com\/portada\/author\/martha\/"}]}},"_links":{"self":[{"href":"https:\/\/marthacifuentes.com\/portada\/wp-json\/wp\/v2\/posts\/39740","targetHints":{"allow":["GET"]}}],"collection":[{"href":"https:\/\/marthacifuentes.com\/portada\/wp-json\/wp\/v2\/posts"}],"about":[{"href":"https:\/\/marthacifuentes.com\/portada\/wp-json\/wp\/v2\/types\/post"}],"author":[{"embeddable":true,"href":"https:\/\/marthacifuentes.com\/portada\/wp-json\/wp\/v2\/users\/2"}],"replies":[{"embeddable":true,"href":"https:\/\/marthacifuentes.com\/portada\/wp-json\/wp\/v2\/comments?post=39740"}],"version-history":[{"count":1,"href":"https:\/\/marthacifuentes.com\/portada\/wp-json\/wp\/v2\/posts\/39740\/revisions"}],"predecessor-version":[{"id":39762,"href":"https:\/\/marthacifuentes.com\/portada\/wp-json\/wp\/v2\/posts\/39740\/revisions\/39762"}],"wp:featuredmedia":[{"embeddable":true,"href":"https:\/\/marthacifuentes.com\/portada\/wp-json\/wp\/v2\/media\/39741"}],"wp:attachment":[{"href":"https:\/\/marthacifuentes.com\/portada\/wp-json\/wp\/v2\/media?parent=39740"}],"wp:term":[{"taxonomy":"category","embeddable":true,"href":"https:\/\/marthacifuentes.com\/portada\/wp-json\/wp\/v2\/categories?post=39740"},{"taxonomy":"post_tag","embeddable":true,"href":"https:\/\/marthacifuentes.com\/portada\/wp-json\/wp\/v2\/tags?post=39740"}],"curies":[{"name":"wp","href":"https:\/\/api.w.org\/{rel}","templated":true}]}}