{"id":39763,"date":"2026-03-07T20:19:57","date_gmt":"2026-03-08T01:19:57","guid":{"rendered":"https:\/\/marthacifuentes.com\/portada\/?p=39763"},"modified":"2026-03-07T20:19:59","modified_gmt":"2026-03-08T01:19:59","slug":"diego-garcia-renovacion-verde-estructuras-politicas-casanare","status":"publish","type":"post","link":"https:\/\/marthacifuentes.com\/portada\/diego-garcia-renovacion-verde-estructuras-politicas-casanare\/","title":{"rendered":"Diego Garc\u00eda: entre la \u201crenovaci\u00f3n verde\u201d y las viejas estructuras pol\u00edticas de Casanare"},"content":{"rendered":"\n<h2 class=\"wp-block-heading\"><\/h2>\n\n\n\n<p>Diego Fernando Garc\u00eda naci\u00f3 en Tauramena, Casanare, y es hijo de Flor \u00c1ngela Alfonso, madre cabeza de familia.<\/p>\n\n\n\n<p>Es profesional en Gobierno y Relaciones Internacionales de la Universidad Externado de Colombia, con maestr\u00eda en Gobierno y Pol\u00edticas P\u00fablicas.<\/p>\n\n\n\n<p>Su trayectoria profesional ha estado ligada principalmente al an\u00e1lisis y formulaci\u00f3n de pol\u00edticas p\u00fablicas. Ha trabajado como docente universitario en Casanare, adem\u00e1s de desempe\u00f1arse como consultor en temas de gobierno y gesti\u00f3n p\u00fablica.<\/p>\n\n\n\n<p>En el \u00e1mbito institucional tambi\u00e9n ha tenido pasos por el Congreso de la Rep\u00fablica y por entidades de representaci\u00f3n territorial.<\/p>\n\n\n\n<p>Uno de esos cargos fue el de asesor regional para Casanare ante la Federaci\u00f3n Nacional de Departamentos (FND), designado durante el gobierno departamental de Salom\u00f3n Andr\u00e9s Sanabria Chac\u00f3n (2020\u20132023).<\/p>\n\n\n\n<h2 class=\"wp-block-heading\">Cercan\u00eda con el gobernador C\u00e9sar Ortiz Zorro<\/h2>\n\n\n\n<p>Dentro del actual mapa pol\u00edtico de Casanare, uno de los elementos m\u00e1s claros alrededor de la candidatura de Diego Garc\u00eda es su relaci\u00f3n con el gobernador C\u00e9sar Ortiz Zorro, elegido para el periodo 2024\u20132027 por la Alianza Verde.<\/p>\n\n\n\n<p>Garc\u00eda fue asesor en el despacho del gobernador, lo que consolid\u00f3 una relaci\u00f3n pol\u00edtica directa con el mandatario departamental.<\/p>\n\n\n\n<p>Esa cercan\u00eda lo ubica como uno de los nombres que representa al llamado \u201czorrismo\u201d en la contienda por la C\u00e1mara de Representantes.<\/p>\n\n\n\n<p>En t\u00e9rminos electorales, esa relaci\u00f3n tambi\u00e9n puede traducirse en acceso a redes pol\u00edticas regionales y estructuras territoriales asociadas al actual gobierno departamental.<\/p>\n\n\n\n<figure class=\"wp-block-image size-full\"><img loading=\"lazy\" decoding=\"async\" width=\"810\" height=\"540\" src=\"https:\/\/marthacifuentes.com\/portada\/wp-content\/uploads\/2026\/03\/510992724_1217931633677635_5605303162728270295_n.jpg\" alt=\"\" class=\"wp-image-39769\" srcset=\"https:\/\/marthacifuentes.com\/portada\/wp-content\/uploads\/2026\/03\/510992724_1217931633677635_5605303162728270295_n.jpg 810w, https:\/\/marthacifuentes.com\/portada\/wp-content\/uploads\/2026\/03\/510992724_1217931633677635_5605303162728270295_n-300x200.jpg 300w, https:\/\/marthacifuentes.com\/portada\/wp-content\/uploads\/2026\/03\/510992724_1217931633677635_5605303162728270295_n-768x512.jpg 768w\" sizes=\"auto, (max-width: 810px) 100vw, 810px\" \/><\/figure>\n\n\n\n<h2 class=\"wp-block-heading\">Un candidato que ha transitado por varios partidos<\/h2>\n\n\n\n<p>La trayectoria pol\u00edtica de Diego Garc\u00eda tambi\u00e9n muestra un recorrido por distintas colectividades.<\/p>\n\n\n\n<p>En 2019 fue precandidato a la Gobernaci\u00f3n de Casanare por el partido Colombia Justa Libres.<\/p>\n\n\n\n<p>Posteriormente, en 2022, fue candidato a la C\u00e1mara de Representantes por el Nuevo Liberalismo.<\/p>\n\n\n\n<p>Ahora compite por el Congreso bajo el aval de la Alianza Verde en coalici\u00f3n con el movimiento En Marcha.<\/p>\n\n\n\n<p>Este tr\u00e1nsito entre colectividades refleja una din\u00e1mica com\u00fan en la pol\u00edtica regional colombiana, donde muchos liderazgos se mueven entre distintos partidos en busca de plataformas electorales.<\/p>\n\n\n\n<h2 class=\"wp-block-heading\">El respaldo de estructuras pol\u00edticas tradicionales<\/h2>\n\n\n\n<p>Aunque la candidatura de Diego Garc\u00eda se presenta en el discurso p\u00fablico como una apuesta de renovaci\u00f3n dentro del Partido Verde, su red de apoyos incluye figuras con amplia trayectoria en la pol\u00edtica de Casanare.<\/p>\n\n\n\n<p>Entre los respaldos mencionados en el ambiente pol\u00edtico regional aparece el del excongresista Jos\u00e9 Rodolfo P\u00e9rez Su\u00e1rez, conocido como <strong>\u201cEl Negro\u201d P\u00e9rez,<\/strong> una figura influyente en la pol\u00edtica departamental durante m\u00e1s de tres d\u00e9cadas.<\/p>\n\n\n\n<p>P\u00e9rez ha estado vinculado al llamado grupo pol\u00edtico \u201cDe la Casita\u201d, estructura que ha sido objeto de cuestionamientos en el pasado por presuntos v\u00ednculos con estructuras paramilitares y por investigaciones relacionadas con contrataci\u00f3n p\u00fablica.<\/p>\n\n\n\n<p>En 2024, la Corte Suprema de Justicia anunci\u00f3 la apertura de una investigaci\u00f3n contra el exrepresentante P\u00e9rez por el delito de enriquecimiento il\u00edcito.<\/p>\n\n\n\n<h2 class=\"wp-block-heading\">Exalcaldes y dirigentes regionales en su \u00f3rbita pol\u00edtica<\/h2>\n\n\n\n<p>La red pol\u00edtica que rodea la candidatura de Garc\u00eda tambi\u00e9n incluye a varios exalcaldes y dirigentes regionales.<\/p>\n\n\n\n<p>Entre ellos se mencionan:<\/p>\n\n\n\n<p>\u2022 <strong>Luis Eduardo Castro, <\/strong>exalcalde de Yopal (2020\u20132023), quien fue mencionado en el esc\u00e1ndalo conocido como \u201cvideocaramelos\u201d, relacionado con presuntas coimas en contratos de saneamiento b\u00e1sico. Durante su administraci\u00f3n tambi\u00e9n se contrat\u00f3 la actualizaci\u00f3n catastral con el gestor CATASIG, proceso que gener\u00f3 miles de quejas por los altos aval\u00faos de predios en el municipio.<\/p>\n\n\n\n<p>\u2022 <strong>Hugo Archila,<\/strong> actual representante a la C\u00e1mara por el Partido Liberal y exsecretario de Gobierno durante la administraci\u00f3n de Castro.<\/p>\n\n\n\n<p>\u2022 <strong>Johana Moreno<\/strong>, exalcaldesa de Aguazul.<\/p>\n\n\n\n<p>\u2022 <strong>Adriana Camacho,<\/strong> exalcaldesa de Man\u00ed.<\/p>\n\n\n\n<p>\u2022 <strong>Ruth Boh\u00f3rquez,<\/strong> exalcaldesa de Villanueva.<\/p>\n\n\n\n<p>\u2022 <strong>Fernando Camacho,<\/strong> exalcalde de Aguazul y hermano del actual alcalde de ese municipio.<\/p>\n\n\n\n<p>A estas figuras se suman dirigentes empresariales y l\u00edderes regionales como <strong>Mart\u00edn P\u00e9rez Cuartas<\/strong>, <strong>Mauricio Cala, Diego Garrido<\/strong> y miembros de la familia Avella, en Aguazul.<\/p>\n\n\n\n<p>Tambi\u00e9n aparecen apoyos pol\u00edticos como el del <strong>concejal de Yopal Felipe Becerra,<\/strong> el diputado <strong>Omar Ortega,<\/strong> el empresario y <strong>exconcejal Jos\u00e9 Humberto Barrios,<\/strong> y el exdirector de Gesti\u00f3n del Riesgo de Casanare <strong>Guillermo Velandia Granados<\/strong>, quien en el pasado declin\u00f3 su aspiraci\u00f3n a la Gobernaci\u00f3n para respaldar a C\u00e9sar Ortiz Zorro.<\/p>\n\n\n\n<figure class=\"wp-block-gallery has-nested-images columns-default is-cropped wp-block-gallery-1 is-layout-flex wp-block-gallery-is-layout-flex\">\n<figure class=\"wp-block-image size-large\"><img loading=\"lazy\" decoding=\"async\" width=\"683\" height=\"1024\" data-id=\"39766\" src=\"https:\/\/marthacifuentes.com\/portada\/wp-content\/uploads\/2026\/03\/615885799_1496810985777436_316610197999819230_n-683x1024.jpg\" alt=\"\" class=\"wp-image-39766\" srcset=\"https:\/\/marthacifuentes.com\/portada\/wp-content\/uploads\/2026\/03\/615885799_1496810985777436_316610197999819230_n-683x1024.jpg 683w, https:\/\/marthacifuentes.com\/portada\/wp-content\/uploads\/2026\/03\/615885799_1496810985777436_316610197999819230_n-200x300.jpg 200w, https:\/\/marthacifuentes.com\/portada\/wp-content\/uploads\/2026\/03\/615885799_1496810985777436_316610197999819230_n-768x1152.jpg 768w, https:\/\/marthacifuentes.com\/portada\/wp-content\/uploads\/2026\/03\/615885799_1496810985777436_316610197999819230_n-1024x1536.jpg 1024w, https:\/\/marthacifuentes.com\/portada\/wp-content\/uploads\/2026\/03\/615885799_1496810985777436_316610197999819230_n.jpg 1184w\" sizes=\"auto, (max-width: 683px) 100vw, 683px\" \/><\/figure>\n\n\n\n<figure class=\"wp-block-image size-large\"><img loading=\"lazy\" decoding=\"async\" width=\"508\" height=\"540\" data-id=\"39764\" src=\"https:\/\/marthacifuentes.com\/portada\/wp-content\/uploads\/2026\/03\/618335007_1446216196869701_4047811633932034102_n.jpg\" alt=\"\" class=\"wp-image-39764\" srcset=\"https:\/\/marthacifuentes.com\/portada\/wp-content\/uploads\/2026\/03\/618335007_1446216196869701_4047811633932034102_n.jpg 508w, https:\/\/marthacifuentes.com\/portada\/wp-content\/uploads\/2026\/03\/618335007_1446216196869701_4047811633932034102_n-282x300.jpg 282w\" sizes=\"auto, (max-width: 508px) 100vw, 508px\" \/><\/figure>\n\n\n\n<figure class=\"wp-block-image size-large\"><img loading=\"lazy\" decoding=\"async\" width=\"768\" height=\"1024\" data-id=\"39765\" src=\"https:\/\/marthacifuentes.com\/portada\/wp-content\/uploads\/2026\/03\/643556178_10164311149218151_4752001601703116542_n-768x1024.jpg\" alt=\"\" class=\"wp-image-39765\" srcset=\"https:\/\/marthacifuentes.com\/portada\/wp-content\/uploads\/2026\/03\/643556178_10164311149218151_4752001601703116542_n-768x1024.jpg 768w, https:\/\/marthacifuentes.com\/portada\/wp-content\/uploads\/2026\/03\/643556178_10164311149218151_4752001601703116542_n-225x300.jpg 225w, https:\/\/marthacifuentes.com\/portada\/wp-content\/uploads\/2026\/03\/643556178_10164311149218151_4752001601703116542_n-1152x1536.jpg 1152w, https:\/\/marthacifuentes.com\/portada\/wp-content\/uploads\/2026\/03\/643556178_10164311149218151_4752001601703116542_n.jpg 1200w\" sizes=\"auto, (max-width: 768px) 100vw, 768px\" \/><\/figure>\n\n\n\n<figure class=\"wp-block-image size-large\"><img loading=\"lazy\" decoding=\"async\" width=\"1024\" height=\"768\" data-id=\"39767\" src=\"https:\/\/marthacifuentes.com\/portada\/wp-content\/uploads\/2026\/03\/645464197_1358846266269420_8356136039127951354_n-1024x768.jpg\" alt=\"\" class=\"wp-image-39767\" srcset=\"https:\/\/marthacifuentes.com\/portada\/wp-content\/uploads\/2026\/03\/645464197_1358846266269420_8356136039127951354_n-1024x768.jpg 1024w, https:\/\/marthacifuentes.com\/portada\/wp-content\/uploads\/2026\/03\/645464197_1358846266269420_8356136039127951354_n-300x225.jpg 300w, https:\/\/marthacifuentes.com\/portada\/wp-content\/uploads\/2026\/03\/645464197_1358846266269420_8356136039127951354_n-768x576.jpg 768w, https:\/\/marthacifuentes.com\/portada\/wp-content\/uploads\/2026\/03\/645464197_1358846266269420_8356136039127951354_n.jpg 1200w\" sizes=\"auto, (max-width: 1024px) 100vw, 1024px\" \/><\/figure>\n\n\n\n<figure class=\"wp-block-image size-large\"><img loading=\"lazy\" decoding=\"async\" width=\"1024\" height=\"683\" data-id=\"39768\" src=\"https:\/\/marthacifuentes.com\/portada\/wp-content\/uploads\/2026\/03\/PIPE-Y-DIEGO-1024x683.jpg\" alt=\"\" class=\"wp-image-39768\" srcset=\"https:\/\/marthacifuentes.com\/portada\/wp-content\/uploads\/2026\/03\/PIPE-Y-DIEGO-1024x683.jpg 1024w, https:\/\/marthacifuentes.com\/portada\/wp-content\/uploads\/2026\/03\/PIPE-Y-DIEGO-300x200.jpg 300w, https:\/\/marthacifuentes.com\/portada\/wp-content\/uploads\/2026\/03\/PIPE-Y-DIEGO-768x512.jpg 768w, https:\/\/marthacifuentes.com\/portada\/wp-content\/uploads\/2026\/03\/PIPE-Y-DIEGO.jpg 1440w\" sizes=\"auto, (max-width: 1024px) 100vw, 1024px\" \/><\/figure>\n<\/figure>\n\n\n\n<h2 class=\"wp-block-heading\">Los recursos de la campa\u00f1a<\/h2>\n\n\n\n<p>De acuerdo con los reportes de ingresos y gastos de campa\u00f1a presentados ante el Consejo Nacional Electoral a trav\u00e9s del sistema Cuentas Claras, con corte al 5 de marzo, la campa\u00f1a de Diego Fernando Garc\u00eda registra ingresos por $270.802.630.<\/p>\n\n\n\n<p>Seg\u00fan el informe oficial, la mayor parte de esos recursos corresponde a aportes provenientes del candidato y de su madre, Flor \u00c1ngela Alfonso, registrados dentro de la categor\u00eda de contribuciones provenientes del candidato o de sus parientes.<\/p>\n\n\n\n<p>El documento tambi\u00e9n registra una contribuci\u00f3n adicional por $10.802.630 realizada por el particular Gustavo Efra\u00edn Torres Herrera, quien adem\u00e1s figura como gerente de la campa\u00f1a.<\/p>\n\n\n\n<p>En cuanto a los gastos, el reporte se\u00f1ala egresos por $146.619.680, distribuidos principalmente en propaganda electoral, administraci\u00f3n de la campa\u00f1a, materiales de divulgaci\u00f3n, transporte y realizaci\u00f3n de actos p\u00fablicos.<\/p>\n\n\n\n<p>Entre los rubros m\u00e1s representativos aparecen:<\/p>\n\n\n\n<p>\u2022 <strong>Propaganda electoral<\/strong>: $64.375.000<br>\u2022 <strong>Gastos de administraci\u00f3n:<\/strong> $34.600.000<br>\u2022 <strong>Materiales y publicaciones<\/strong>: $26.504.680<br>\u2022 <strong>Transporte y correo<\/strong>: $17.500.000<br>\u2022 <strong>Actos p\u00fablicos: <\/strong>$3.640.000<\/p>\n\n\n\n<p>Estos valores corresponden a la informaci\u00f3n registrada oficialmente por la campa\u00f1a ante el Fondo Nacional de Financiaci\u00f3n Pol\u00edtica del Consejo Nacional Electoral, entidad encargada de supervisar los ingresos y gastos de las campa\u00f1as electorales en Colombia.<\/p>\n\n\n\n<h2 class=\"wp-block-heading\">Entre renovaci\u00f3n pol\u00edtica y continuidad del poder<\/h2>\n\n\n\n<p>Con este panorama, la candidatura de Diego Garc\u00eda se mueve en una zona ambigua dentro de la pol\u00edtica regional.<\/p>\n\n\n\n<p>Por un lado, su discurso se inscribe en el lenguaje de renovaci\u00f3n pol\u00edtica asociado al Partido Verde.<\/p>\n\n\n\n<p>Por otro, su red de apoyos muestra la presencia de estructuras pol\u00edticas tradicionales del departamento, algunas con d\u00e9cadas de influencia en la vida p\u00fablica de Casanare.<\/p>\n\n\n\n<p>Esa combinaci\u00f3n convierte su candidatura en una de las m\u00e1s relevantes dentro de la disputa por las dos curules que el departamento elige en la C\u00e1mara de Representantes.<\/p>\n\n\n\n<p>La decisi\u00f3n final, como ocurre en cada proceso electoral, la tomar\u00e1n los ciudadanos en las urnas.<\/p>\n","protected":false},"excerpt":{"rendered":"<p>Diego Fernando Garc\u00eda naci\u00f3 en Tauramena, Casanare, y es hijo de Flor \u00c1ngela Alfonso, madre cabeza de familia. Es profesional en Gobierno y Relaciones Internacionales de la Universidad Externado de Colombia, con maestr\u00eda en Gobierno y Pol\u00edticas P\u00fablicas. Su trayectoria profesional ha estado ligada principalmente al an\u00e1lisis y formulaci\u00f3n de pol\u00edticas p\u00fablicas. Ha trabajado como &hellip;<\/p>\n","protected":false},"author":2,"featured_media":39770,"comment_status":"open","ping_status":"open","sticky":false,"template":"","format":"standard","meta":{"om_disable_all_campaigns":false,"_exactmetrics_skip_tracking":false,"_exactmetrics_sitenote_active":false,"_exactmetrics_sitenote_note":"","_exactmetrics_sitenote_category":0,"_monsterinsights_skip_tracking":false,"_monsterinsights_sitenote_active":false,"_monsterinsights_sitenote_note":"","_monsterinsights_sitenote_category":0,"_uf_show_specific_survey":0,"_uf_disable_surveys":false,"_joinchat":[],"footnotes":""},"categories":[147,146,145],"tags":[12190,15103,15106,1285,15105,6247,15104,15111,2721,3371,15112],"class_list":["post-39763","post","type-post","status-publish","format-standard","has-post-thumbnail","hentry","category-actualidad","category-noticias","category-reportajes","tag-alianza-verde","tag-camara-de-representantes-casanare","tag-candidatos-camara-casanare","tag-cesar-ortiz-zorro","tag-congreso-de-la-republica-2","tag-diego-garcia","tag-elecciones-2026-casanare","tag-en-marcha","tag-luis-eduardo-castro","tag-politica-casanare","tag-zorrismo"],"yoast_head":"<!-- This site is optimized with the Yoast SEO plugin v26.1 - https:\/\/yoast.com\/wordpress\/plugins\/seo\/ -->\n<title>Diego Garc\u00eda: entre la \u201crenovaci\u00f3n verde\u201d y las viejas estructuras pol\u00edticas de Casanare<\/title>\n<meta name=\"description\" content=\"El candidato Diego Garc\u00eda aspira a la C\u00e1mara por Alianza Verde \u2013 En Marcha con respaldo del llamado \u201czorrismo\u201d y de dirigentes pol\u00edticos tradicionales de Casanare.\" \/>\n<meta name=\"robots\" content=\"index, follow, max-snippet:-1, max-image-preview:large, max-video-preview:-1\" \/>\n<link rel=\"canonical\" href=\"https:\/\/marthacifuentes.com\/portada\/diego-garcia-renovacion-verde-estructuras-politicas-casanare\/\" \/>\n<meta property=\"og:locale\" content=\"es_ES\" \/>\n<meta property=\"og:type\" content=\"article\" \/>\n<meta property=\"og:title\" content=\"Diego Garc\u00eda: entre la renovaci\u00f3n verde y las viejas estructuras pol\u00edticas de Casanare\" \/>\n<meta property=\"og:description\" content=\"El candidato de Alianza Verde a la C\u00e1mara aparece como una de las fichas del \u201czorrismo\u201d y re\u00fane apoyos de exalcaldes y dirigentes pol\u00edticos tradicionales de Casanare.\" \/>\n<meta property=\"og:url\" content=\"https:\/\/marthacifuentes.com\/portada\/diego-garcia-renovacion-verde-estructuras-politicas-casanare\/\" \/>\n<meta property=\"og:site_name\" content=\"\u25b7 Noticias de Casanare : Martha Cifuentes | Casanare\" \/>\n<meta property=\"article:published_time\" content=\"2026-03-08T01:19:57+00:00\" \/>\n<meta property=\"article:modified_time\" content=\"2026-03-08T01:19:59+00:00\" \/>\n<meta property=\"og:image\" content=\"https:\/\/marthacifuentes.com\/portada\/wp-content\/uploads\/2026\/03\/DIEGO-GARCIA.jpg\" \/>\n\t<meta property=\"og:image:width\" content=\"1184\" \/>\n\t<meta property=\"og:image:height\" content=\"792\" \/>\n\t<meta property=\"og:image:type\" content=\"image\/jpeg\" \/>\n<meta name=\"author\" content=\"Martha Cifuentes\" \/>\n<meta name=\"twitter:card\" content=\"summary_large_image\" \/>\n<meta name=\"twitter:title\" content=\"Diego Garc\u00eda: entre la renovaci\u00f3n verde y las viejas estructuras pol\u00edticas de Casanare\" \/>\n<meta name=\"twitter:description\" content=\"El candidato de Alianza Verde a la C\u00e1mara aparece como una de las fichas del \u201czorrismo\u201d y re\u00fane apoyos de exalcaldes y dirigentes pol\u00edticos tradicionales de Casanare.\" \/>\n<meta name=\"twitter:label1\" content=\"Escrito por\" \/>\n\t<meta name=\"twitter:data1\" content=\"Martha Cifuentes\" \/>\n\t<meta name=\"twitter:label2\" content=\"Tiempo de lectura\" \/>\n\t<meta name=\"twitter:data2\" content=\"6 minutos\" \/>\n<script type=\"application\/ld+json\" class=\"yoast-schema-graph\">{\"@context\":\"https:\/\/schema.org\",\"@graph\":[{\"@type\":\"WebPage\",\"@id\":\"https:\/\/marthacifuentes.com\/portada\/diego-garcia-renovacion-verde-estructuras-politicas-casanare\/\",\"url\":\"https:\/\/marthacifuentes.com\/portada\/diego-garcia-renovacion-verde-estructuras-politicas-casanare\/\",\"name\":\"Diego Garc\u00eda: entre la \u201crenovaci\u00f3n verde\u201d y las viejas estructuras pol\u00edticas de Casanare\",\"isPartOf\":{\"@id\":\"https:\/\/marthacifuentes.com\/portada\/#website\"},\"primaryImageOfPage\":{\"@id\":\"https:\/\/marthacifuentes.com\/portada\/diego-garcia-renovacion-verde-estructuras-politicas-casanare\/#primaryimage\"},\"image\":{\"@id\":\"https:\/\/marthacifuentes.com\/portada\/diego-garcia-renovacion-verde-estructuras-politicas-casanare\/#primaryimage\"},\"thumbnailUrl\":\"https:\/\/marthacifuentes.com\/portada\/wp-content\/uploads\/2026\/03\/DIEGO-GARCIA.jpg\",\"datePublished\":\"2026-03-08T01:19:57+00:00\",\"dateModified\":\"2026-03-08T01:19:59+00:00\",\"author\":{\"@id\":\"https:\/\/marthacifuentes.com\/portada\/#\/schema\/person\/57f53174b991db5f90ff78d58502b714\"},\"description\":\"El candidato Diego Garc\u00eda aspira a la C\u00e1mara por Alianza Verde \u2013 En Marcha con respaldo del llamado \u201czorrismo\u201d y de dirigentes pol\u00edticos tradicionales de Casanare.\",\"breadcrumb\":{\"@id\":\"https:\/\/marthacifuentes.com\/portada\/diego-garcia-renovacion-verde-estructuras-politicas-casanare\/#breadcrumb\"},\"inLanguage\":\"es\",\"potentialAction\":[{\"@type\":\"ReadAction\",\"target\":[\"https:\/\/marthacifuentes.com\/portada\/diego-garcia-renovacion-verde-estructuras-politicas-casanare\/\"]}]},{\"@type\":\"ImageObject\",\"inLanguage\":\"es\",\"@id\":\"https:\/\/marthacifuentes.com\/portada\/diego-garcia-renovacion-verde-estructuras-politicas-casanare\/#primaryimage\",\"url\":\"https:\/\/marthacifuentes.com\/portada\/wp-content\/uploads\/2026\/03\/DIEGO-GARCIA.jpg\",\"contentUrl\":\"https:\/\/marthacifuentes.com\/portada\/wp-content\/uploads\/2026\/03\/DIEGO-GARCIA.jpg\",\"width\":1184,\"height\":792},{\"@type\":\"BreadcrumbList\",\"@id\":\"https:\/\/marthacifuentes.com\/portada\/diego-garcia-renovacion-verde-estructuras-politicas-casanare\/#breadcrumb\",\"itemListElement\":[{\"@type\":\"ListItem\",\"position\":1,\"name\":\"Portada\",\"item\":\"https:\/\/marthacifuentes.com\/portada\/\"},{\"@type\":\"ListItem\",\"position\":2,\"name\":\"Diego Garc\u00eda: entre la \u201crenovaci\u00f3n verde\u201d y las viejas estructuras pol\u00edticas de Casanare\"}]},{\"@type\":\"WebSite\",\"@id\":\"https:\/\/marthacifuentes.com\/portada\/#website\",\"url\":\"https:\/\/marthacifuentes.com\/portada\/\",\"name\":\"\u25b7 Noticias de Casanare : Martha Cifuentes | Casanare\",\"description\":\"Noticias &amp; Contenidos\",\"potentialAction\":[{\"@type\":\"SearchAction\",\"target\":{\"@type\":\"EntryPoint\",\"urlTemplate\":\"https:\/\/marthacifuentes.com\/portada\/?s={search_term_string}\"},\"query-input\":{\"@type\":\"PropertyValueSpecification\",\"valueRequired\":true,\"valueName\":\"search_term_string\"}}],\"inLanguage\":\"es\"},{\"@type\":\"Person\",\"@id\":\"https:\/\/marthacifuentes.com\/portada\/#\/schema\/person\/57f53174b991db5f90ff78d58502b714\",\"name\":\"Martha Cifuentes\",\"image\":{\"@type\":\"ImageObject\",\"inLanguage\":\"es\",\"@id\":\"https:\/\/marthacifuentes.com\/portada\/#\/schema\/person\/image\/\",\"url\":\"http:\/\/marthacifuentes.com\/portada\/wp-content\/uploads\/2018\/06\/avatar_user_2_1528838701-96x96.jpg\",\"contentUrl\":\"http:\/\/marthacifuentes.com\/portada\/wp-content\/uploads\/2018\/06\/avatar_user_2_1528838701-96x96.jpg\",\"caption\":\"Martha Cifuentes\"},\"sameAs\":[\"http:\/\/www.marthacifuentes.com\"],\"url\":\"https:\/\/marthacifuentes.com\/portada\/author\/martha\/\"}]}<\/script>\n<!-- \/ Yoast SEO plugin. -->","yoast_head_json":{"title":"Diego Garc\u00eda: entre la \u201crenovaci\u00f3n verde\u201d y las viejas estructuras pol\u00edticas de Casanare","description":"El candidato Diego Garc\u00eda aspira a la C\u00e1mara por Alianza Verde \u2013 En Marcha con respaldo del llamado \u201czorrismo\u201d y de dirigentes pol\u00edticos tradicionales de Casanare.","robots":{"index":"index","follow":"follow","max-snippet":"max-snippet:-1","max-image-preview":"max-image-preview:large","max-video-preview":"max-video-preview:-1"},"canonical":"https:\/\/marthacifuentes.com\/portada\/diego-garcia-renovacion-verde-estructuras-politicas-casanare\/","og_locale":"es_ES","og_type":"article","og_title":"Diego Garc\u00eda: entre la renovaci\u00f3n verde y las viejas estructuras pol\u00edticas de Casanare","og_description":"El candidato de Alianza Verde a la C\u00e1mara aparece como una de las fichas del \u201czorrismo\u201d y re\u00fane apoyos de exalcaldes y dirigentes pol\u00edticos tradicionales de Casanare.","og_url":"https:\/\/marthacifuentes.com\/portada\/diego-garcia-renovacion-verde-estructuras-politicas-casanare\/","og_site_name":"\u25b7 Noticias de Casanare : Martha Cifuentes | Casanare","article_published_time":"2026-03-08T01:19:57+00:00","article_modified_time":"2026-03-08T01:19:59+00:00","og_image":[{"width":1184,"height":792,"url":"https:\/\/marthacifuentes.com\/portada\/wp-content\/uploads\/2026\/03\/DIEGO-GARCIA.jpg","type":"image\/jpeg"}],"author":"Martha Cifuentes","twitter_card":"summary_large_image","twitter_title":"Diego Garc\u00eda: entre la renovaci\u00f3n verde y las viejas estructuras pol\u00edticas de Casanare","twitter_description":"El candidato de Alianza Verde a la C\u00e1mara aparece como una de las fichas del \u201czorrismo\u201d y re\u00fane apoyos de exalcaldes y dirigentes pol\u00edticos tradicionales de Casanare.","twitter_misc":{"Escrito por":"Martha Cifuentes","Tiempo de lectura":"6 minutos"},"schema":{"@context":"https:\/\/schema.org","@graph":[{"@type":"WebPage","@id":"https:\/\/marthacifuentes.com\/portada\/diego-garcia-renovacion-verde-estructuras-politicas-casanare\/","url":"https:\/\/marthacifuentes.com\/portada\/diego-garcia-renovacion-verde-estructuras-politicas-casanare\/","name":"Diego Garc\u00eda: entre la \u201crenovaci\u00f3n verde\u201d y las viejas estructuras pol\u00edticas de Casanare","isPartOf":{"@id":"https:\/\/marthacifuentes.com\/portada\/#website"},"primaryImageOfPage":{"@id":"https:\/\/marthacifuentes.com\/portada\/diego-garcia-renovacion-verde-estructuras-politicas-casanare\/#primaryimage"},"image":{"@id":"https:\/\/marthacifuentes.com\/portada\/diego-garcia-renovacion-verde-estructuras-politicas-casanare\/#primaryimage"},"thumbnailUrl":"https:\/\/marthacifuentes.com\/portada\/wp-content\/uploads\/2026\/03\/DIEGO-GARCIA.jpg","datePublished":"2026-03-08T01:19:57+00:00","dateModified":"2026-03-08T01:19:59+00:00","author":{"@id":"https:\/\/marthacifuentes.com\/portada\/#\/schema\/person\/57f53174b991db5f90ff78d58502b714"},"description":"El candidato Diego Garc\u00eda aspira a la C\u00e1mara por Alianza Verde \u2013 En Marcha con respaldo del llamado \u201czorrismo\u201d y de dirigentes pol\u00edticos tradicionales de Casanare.","breadcrumb":{"@id":"https:\/\/marthacifuentes.com\/portada\/diego-garcia-renovacion-verde-estructuras-politicas-casanare\/#breadcrumb"},"inLanguage":"es","potentialAction":[{"@type":"ReadAction","target":["https:\/\/marthacifuentes.com\/portada\/diego-garcia-renovacion-verde-estructuras-politicas-casanare\/"]}]},{"@type":"ImageObject","inLanguage":"es","@id":"https:\/\/marthacifuentes.com\/portada\/diego-garcia-renovacion-verde-estructuras-politicas-casanare\/#primaryimage","url":"https:\/\/marthacifuentes.com\/portada\/wp-content\/uploads\/2026\/03\/DIEGO-GARCIA.jpg","contentUrl":"https:\/\/marthacifuentes.com\/portada\/wp-content\/uploads\/2026\/03\/DIEGO-GARCIA.jpg","width":1184,"height":792},{"@type":"BreadcrumbList","@id":"https:\/\/marthacifuentes.com\/portada\/diego-garcia-renovacion-verde-estructuras-politicas-casanare\/#breadcrumb","itemListElement":[{"@type":"ListItem","position":1,"name":"Portada","item":"https:\/\/marthacifuentes.com\/portada\/"},{"@type":"ListItem","position":2,"name":"Diego Garc\u00eda: entre la \u201crenovaci\u00f3n verde\u201d y las viejas estructuras pol\u00edticas de Casanare"}]},{"@type":"WebSite","@id":"https:\/\/marthacifuentes.com\/portada\/#website","url":"https:\/\/marthacifuentes.com\/portada\/","name":"\u25b7 Noticias de Casanare : Martha Cifuentes | Casanare","description":"Noticias &amp; Contenidos","potentialAction":[{"@type":"SearchAction","target":{"@type":"EntryPoint","urlTemplate":"https:\/\/marthacifuentes.com\/portada\/?s={search_term_string}"},"query-input":{"@type":"PropertyValueSpecification","valueRequired":true,"valueName":"search_term_string"}}],"inLanguage":"es"},{"@type":"Person","@id":"https:\/\/marthacifuentes.com\/portada\/#\/schema\/person\/57f53174b991db5f90ff78d58502b714","name":"Martha Cifuentes","image":{"@type":"ImageObject","inLanguage":"es","@id":"https:\/\/marthacifuentes.com\/portada\/#\/schema\/person\/image\/","url":"http:\/\/marthacifuentes.com\/portada\/wp-content\/uploads\/2018\/06\/avatar_user_2_1528838701-96x96.jpg","contentUrl":"http:\/\/marthacifuentes.com\/portada\/wp-content\/uploads\/2018\/06\/avatar_user_2_1528838701-96x96.jpg","caption":"Martha Cifuentes"},"sameAs":["http:\/\/www.marthacifuentes.com"],"url":"https:\/\/marthacifuentes.com\/portada\/author\/martha\/"}]}},"_links":{"self":[{"href":"https:\/\/marthacifuentes.com\/portada\/wp-json\/wp\/v2\/posts\/39763","targetHints":{"allow":["GET"]}}],"collection":[{"href":"https:\/\/marthacifuentes.com\/portada\/wp-json\/wp\/v2\/posts"}],"about":[{"href":"https:\/\/marthacifuentes.com\/portada\/wp-json\/wp\/v2\/types\/post"}],"author":[{"embeddable":true,"href":"https:\/\/marthacifuentes.com\/portada\/wp-json\/wp\/v2\/users\/2"}],"replies":[{"embeddable":true,"href":"https:\/\/marthacifuentes.com\/portada\/wp-json\/wp\/v2\/comments?post=39763"}],"version-history":[{"count":2,"href":"https:\/\/marthacifuentes.com\/portada\/wp-json\/wp\/v2\/posts\/39763\/revisions"}],"predecessor-version":[{"id":39772,"href":"https:\/\/marthacifuentes.com\/portada\/wp-json\/wp\/v2\/posts\/39763\/revisions\/39772"}],"wp:featuredmedia":[{"embeddable":true,"href":"https:\/\/marthacifuentes.com\/portada\/wp-json\/wp\/v2\/media\/39770"}],"wp:attachment":[{"href":"https:\/\/marthacifuentes.com\/portada\/wp-json\/wp\/v2\/media?parent=39763"}],"wp:term":[{"taxonomy":"category","embeddable":true,"href":"https:\/\/marthacifuentes.com\/portada\/wp-json\/wp\/v2\/categories?post=39763"},{"taxonomy":"post_tag","embeddable":true,"href":"https:\/\/marthacifuentes.com\/portada\/wp-json\/wp\/v2\/tags?post=39763"}],"curies":[{"name":"wp","href":"https:\/\/api.w.org\/{rel}","templated":true}]}}