{"id":39773,"date":"2026-03-07T21:21:47","date_gmt":"2026-03-08T02:21:47","guid":{"rendered":"https:\/\/marthacifuentes.com\/portada\/?p=39773"},"modified":"2026-03-07T23:18:53","modified_gmt":"2026-03-08T04:18:53","slug":"arledy-alvarado-camara-casanare-centro-democratico","status":"publish","type":"post","link":"https:\/\/marthacifuentes.com\/portada\/arledy-alvarado-camara-casanare-centro-democratico\/","title":{"rendered":"Arledy Alvarado: la candidata del Centro Democr\u00e1tico que busca la C\u00e1mara con el respaldo del clan Barrera en Casanare"},"content":{"rendered":"\n<p>Arledy Alvarado es fisioterapeuta egresada de la Universidad de Boyac\u00e1 y cuenta con una especializaci\u00f3n en salud ocupacional de la Universidad del Meta.<\/p>\n\n\n\n<p>Su trayectoria profesional se ha desarrollado principalmente en el sector p\u00fablico de la salud en Casanare. Uno de los cargos m\u00e1s visibles de su carrera fue la gerencia del Hospital Regional de la Orinoqu\u00eda, el principal centro hospitalario del departamento.<\/p>\n\n\n\n<p>Durante su administraci\u00f3n tuvo que enfrentar uno de los momentos m\u00e1s complejos del sistema de salud reciente: la pandemia del COVID-19.<\/p>\n\n\n\n<p>Sin embargo, su gesti\u00f3n tambi\u00e9n ha sido objeto de cuestionamientos por la continuidad de esquemas de tercerizaci\u00f3n en varios servicios hospitalarios, entre ellos facturaci\u00f3n, unidades de cuidados intensivos, im\u00e1genes diagn\u00f3sticas y farmacia.<\/p>\n\n\n\n<p>Expertos del sector salud han se\u00f1alado que, particularmente en el caso de la facturaci\u00f3n hospitalaria, se trata de un \u00e1rea estrat\u00e9gica que muchas instituciones p\u00fablicas manejan directamente debido al control financiero que implica para los recursos de las IPS.<\/p>\n\n\n\n<hr class=\"wp-block-separator has-alpha-channel-opacity\"\/>\n\n\n\n<h2 class=\"wp-block-heading\">Una candidatura desde el Centro Democr\u00e1tico<\/h2>\n\n\n\n<p>Arledy Alvarado es candidata a la C\u00e1mara de Representantes por el partido Centro Democr\u00e1tico, colectividad fundada por el expresidente \u00c1lvaro Uribe V\u00e9lez.<\/p>\n\n\n\n<p>En el panorama pol\u00edtico nacional, el Centro Democr\u00e1tico se ubica dentro de la derecha colombiana y ha sido uno de los partidos que m\u00e1s se ha opuesto a varias de las reformas impulsadas por el gobierno del presidente Gustavo Petro.<\/p>\n\n\n\n<p>Entre los temas donde este sector pol\u00edtico ha manifestado oposici\u00f3n o fuertes cr\u00edticas se encuentran:<\/p>\n\n\n\n<ul class=\"wp-block-list\">\n<li>La reforma a la salud<\/li>\n\n\n\n<li>La reforma laboral<\/li>\n\n\n\n<li>La reforma pensional<\/li>\n\n\n\n<li>La reforma agraria<\/li>\n\n\n\n<li>Las pol\u00edticas ambientales relacionadas con la explotaci\u00f3n de hidrocarburos<\/li>\n\n\n\n<li>La pol\u00edtica de paz total<\/li>\n<\/ul>\n\n\n\n<p>En ese contexto, la candidatura de Alvarado se ubica dentro del bloque pol\u00edtico que hoy se enfrenta a varias de las transformaciones estructurales planteadas por el actual gobierno.<\/p>\n\n\n\n<figure class=\"wp-block-image size-large\"><img loading=\"lazy\" decoding=\"async\" width=\"1024\" height=\"682\" src=\"https:\/\/marthacifuentes.com\/portada\/wp-content\/uploads\/2026\/03\/632763361_10163026034798740_331702674952165322_n-1024x682.jpg\" alt=\"\" class=\"wp-image-39775\" srcset=\"https:\/\/marthacifuentes.com\/portada\/wp-content\/uploads\/2026\/03\/632763361_10163026034798740_331702674952165322_n-1024x682.jpg 1024w, https:\/\/marthacifuentes.com\/portada\/wp-content\/uploads\/2026\/03\/632763361_10163026034798740_331702674952165322_n-300x200.jpg 300w, https:\/\/marthacifuentes.com\/portada\/wp-content\/uploads\/2026\/03\/632763361_10163026034798740_331702674952165322_n-768x512.jpg 768w, https:\/\/marthacifuentes.com\/portada\/wp-content\/uploads\/2026\/03\/632763361_10163026034798740_331702674952165322_n-1536x1023.jpg 1536w, https:\/\/marthacifuentes.com\/portada\/wp-content\/uploads\/2026\/03\/632763361_10163026034798740_331702674952165322_n.jpg 1600w\" sizes=\"auto, (max-width: 1024px) 100vw, 1024px\" \/><\/figure>\n\n\n\n<hr class=\"wp-block-separator has-alpha-channel-opacity\"\/>\n\n\n\n<h2 class=\"wp-block-heading\">La red pol\u00edtica que respalda su candidatura<\/h2>\n\n\n\n<p>La aspiraci\u00f3n electoral de Arledy Alvarado no surge de manera aislada dentro del escenario pol\u00edtico del departamento.<\/p>\n\n\n\n<p>Su carrera pol\u00edtica se desprende en gran medida de su cercan\u00eda con <strong>Cielo Barrera<\/strong>, dirigente del Centro Democr\u00e1tico en Casanare y hermana del exgobernador y actual senador <strong>Alirio Barrera<\/strong>.<\/p>\n\n\n\n<p>Este v\u00ednculo la ubica dentro de la estructura pol\u00edtica que durante los \u00faltimos a\u00f1os ha girado alrededor del liderazgo de Barrera en el departamento.<\/p>\n\n\n\n<p>Dentro de ese mismo entorno pol\u00edtico aparece tambi\u00e9n el respaldo del exgobernador <strong>Salom\u00f3n Sanabria<\/strong>, quien gobern\u00f3 Casanare entre 2020 y 2023.<\/p>\n\n\n\n<p>Sanabria adem\u00e1s tiene un v\u00ednculo familiar con la candidata: es <strong>t\u00edo de Alejandro Contreras Sanabria, esposo de Arledy Alvarado<\/strong>, lo que ubica su candidatura dentro de un c\u00edrculo pol\u00edtico y familiar cercano a ese sector de poder regional.<\/p>\n\n\n\n<p>La convergencia de estos liderazgos configura una alianza pol\u00edtica que, seg\u00fan distintos analistas regionales, busca mantener la influencia del bloque pol\u00edtico de derecha en el departamento.<\/p>\n\n\n\n<p>De consolidarse electoralmente, la candidatura de Alvarado podr\u00eda representar la continuidad de ese sector pol\u00edtico en la representaci\u00f3n de Casanare en el Congreso.<\/p>\n\n\n\n<figure class=\"wp-block-gallery has-nested-images columns-default is-cropped wp-block-gallery-1 is-layout-flex wp-block-gallery-is-layout-flex\">\n<figure class=\"wp-block-image size-large\"><img loading=\"lazy\" decoding=\"async\" width=\"794\" height=\"540\" data-id=\"39776\" src=\"https:\/\/marthacifuentes.com\/portada\/wp-content\/uploads\/2026\/03\/486022499_9944486348897465_3207287905139266924_n.jpg\" alt=\"\" class=\"wp-image-39776\" srcset=\"https:\/\/marthacifuentes.com\/portada\/wp-content\/uploads\/2026\/03\/486022499_9944486348897465_3207287905139266924_n.jpg 794w, https:\/\/marthacifuentes.com\/portada\/wp-content\/uploads\/2026\/03\/486022499_9944486348897465_3207287905139266924_n-300x204.jpg 300w, https:\/\/marthacifuentes.com\/portada\/wp-content\/uploads\/2026\/03\/486022499_9944486348897465_3207287905139266924_n-768x522.jpg 768w, https:\/\/marthacifuentes.com\/portada\/wp-content\/uploads\/2026\/03\/486022499_9944486348897465_3207287905139266924_n-220x150.jpg 220w\" sizes=\"auto, (max-width: 794px) 100vw, 794px\" \/><\/figure>\n<\/figure>\n\n\n\n<figure class=\"wp-block-gallery has-nested-images columns-default is-cropped wp-block-gallery-2 is-layout-flex wp-block-gallery-is-layout-flex\">\n<figure class=\"wp-block-image size-large\"><img loading=\"lazy\" decoding=\"async\" width=\"1024\" height=\"683\" data-id=\"39779\" src=\"https:\/\/marthacifuentes.com\/portada\/wp-content\/uploads\/2026\/03\/638313754_10163061152083740_8586457774814186220_n-1024x683.jpg\" alt=\"\" class=\"wp-image-39779\" srcset=\"https:\/\/marthacifuentes.com\/portada\/wp-content\/uploads\/2026\/03\/638313754_10163061152083740_8586457774814186220_n-1024x683.jpg 1024w, https:\/\/marthacifuentes.com\/portada\/wp-content\/uploads\/2026\/03\/638313754_10163061152083740_8586457774814186220_n-300x200.jpg 300w, https:\/\/marthacifuentes.com\/portada\/wp-content\/uploads\/2026\/03\/638313754_10163061152083740_8586457774814186220_n-768x512.jpg 768w, https:\/\/marthacifuentes.com\/portada\/wp-content\/uploads\/2026\/03\/638313754_10163061152083740_8586457774814186220_n.jpg 1280w\" sizes=\"auto, (max-width: 1024px) 100vw, 1024px\" \/><\/figure>\n\n\n\n<figure class=\"wp-block-image size-large\"><img loading=\"lazy\" decoding=\"async\" width=\"1024\" height=\"683\" data-id=\"39777\" src=\"https:\/\/marthacifuentes.com\/portada\/wp-content\/uploads\/2026\/03\/640589665_10163070050773740_6042783083387481453_n-1024x683.jpg\" alt=\"\" class=\"wp-image-39777\" srcset=\"https:\/\/marthacifuentes.com\/portada\/wp-content\/uploads\/2026\/03\/640589665_10163070050773740_6042783083387481453_n-1024x683.jpg 1024w, https:\/\/marthacifuentes.com\/portada\/wp-content\/uploads\/2026\/03\/640589665_10163070050773740_6042783083387481453_n-300x200.jpg 300w, https:\/\/marthacifuentes.com\/portada\/wp-content\/uploads\/2026\/03\/640589665_10163070050773740_6042783083387481453_n-768x512.jpg 768w, https:\/\/marthacifuentes.com\/portada\/wp-content\/uploads\/2026\/03\/640589665_10163070050773740_6042783083387481453_n.jpg 1280w\" sizes=\"auto, (max-width: 1024px) 100vw, 1024px\" \/><\/figure>\n<\/figure>\n\n\n\n<hr class=\"wp-block-separator has-alpha-channel-opacity\"\/>\n\n\n\n<h2 class=\"wp-block-heading\">Las banderas de su campa\u00f1a<\/h2>\n\n\n\n<p>La candidata ha planteado como ejes principales de su campa\u00f1a dos temas: <strong>salud y seguridad<\/strong>.<\/p>\n\n\n\n<p>Bajo el lema <strong>\u201cPrimero la salud para las regiones\u201d<\/strong>, su propuesta busca fortalecer la atenci\u00f3n en territorios apartados y mejorar el acceso a los servicios sanitarios.<\/p>\n\n\n\n<p>En sus intervenciones p\u00fablicas tambi\u00e9n ha se\u00f1alado que parte de los problemas del sistema de salud se deben al manejo de recursos por parte de las EPS, afirmando que estas entidades se estar\u00edan apropiando de recursos p\u00fablicos destinados al sistema.<\/p>\n\n\n\n<hr class=\"wp-block-separator has-alpha-channel-opacity\"\/>\n\n\n\n<h2 class=\"wp-block-heading\">Ingresos de campa\u00f1a<\/h2>\n\n\n\n<p>De acuerdo con los reportes entregados al Consejo Nacional Electoral a trav\u00e9s del sistema <strong>Cuentas Claras<\/strong>, la campa\u00f1a de Arledy Alvarado registra ingresos por aproximadamente <strong>134,9 millones de pesos<\/strong>.<\/p>\n\n\n\n<p>De ese total:<\/p>\n\n\n\n<ul class=\"wp-block-list\">\n<li><strong>84,9 millones<\/strong> corresponden a aportes propios y de familiares cercanos.<\/li>\n\n\n\n<li><strong>50 millones<\/strong> provienen de contribuciones de particulares.<\/li>\n<\/ul>\n\n\n\n<p>Entre los donantes reportados aparecen:<\/p>\n\n\n\n<ul class=\"wp-block-list\">\n<li>Milton Alneiro Contreras Vanegas con aportes por cerca de <strong>30 millones de pesos<\/strong>.<\/li>\n\n\n\n<li>Luis Mar\u00eda Bueno Afanador con <strong>14 millones de pesos<\/strong>.<\/li>\n\n\n\n<li>Luis Armando Rodr\u00edguez Ospina con <strong>6 millones de pesos<\/strong>.<\/li>\n<\/ul>\n\n\n\n<h3 class=\"wp-block-heading\">Gastos de campa\u00f1a<\/h3>\n\n\n\n<p>En el mismo informe se registran gastos por cerca de <strong>77,3 millones de pesos<\/strong>.<\/p>\n\n\n\n<p>Los principales rubros reportados corresponden a:<\/p>\n\n\n\n<ul class=\"wp-block-list\">\n<li>Otros gastos operativos que suman alrededor de <strong>7,6 millones de pesos<\/strong>.<\/li>\n\n\n\n<li>Propaganda electoral cercana a <strong>35,4 millones de pesos<\/strong>.<\/li>\n\n\n\n<li>Actos p\u00fablicos por aproximadamente <strong>15 millones<\/strong>.<\/li>\n\n\n\n<li>Gastos administrativos cercanos a <strong>11,2 millones<\/strong>.<\/li>\n\n\n\n<li>Gastos judiciales y de rendici\u00f3n de cuentas por cerca de <strong>8 millones<\/strong>. <\/li>\n<\/ul>\n\n\n\n<hr class=\"wp-block-separator has-alpha-channel-opacity\"\/>\n\n\n\n<h2 class=\"wp-block-heading\">La decisi\u00f3n del electorado<\/h2>\n\n\n\n<p>Las elecciones legislativas suelen ser el momento en que los ciudadanos definen qu\u00e9 tipo de representaci\u00f3n quieren en el Congreso.<\/p>\n\n\n\n<p>La candidatura de Arledy Alvarado se ubica dentro de un sector pol\u00edtico claramente identificado con la derecha colombiana y con la oposici\u00f3n al actual gobierno nacional.<\/p>\n\n\n\n<p>Al mismo tiempo, su cercan\u00eda con la estructura pol\u00edtica que rodea al senador Alirio Barrera plantea interrogantes sobre el papel que podr\u00eda jugar esa alianza en la representaci\u00f3n de Casanare en el Congreso.<\/p>\n\n\n\n<p>Ser\u00e1n finalmente los votantes quienes decidan si respaldan la continuidad de ese proyecto pol\u00edtico o si optan por otras alternativas dentro del panorama electoral del departamento.<\/p>\n","protected":false},"excerpt":{"rendered":"<p>Arledy Alvarado es fisioterapeuta egresada de la Universidad de Boyac\u00e1 y cuenta con una especializaci\u00f3n en salud ocupacional de la Universidad del Meta. Su trayectoria profesional se ha desarrollado principalmente en el sector p\u00fablico de la salud en Casanare. Uno de los cargos m\u00e1s visibles de su carrera fue la gerencia del Hospital Regional de &hellip;<\/p>\n","protected":false},"author":2,"featured_media":39781,"comment_status":"open","ping_status":"open","sticky":false,"template":"","format":"standard","meta":{"om_disable_all_campaigns":false,"_exactmetrics_skip_tracking":false,"_exactmetrics_sitenote_active":false,"_exactmetrics_sitenote_note":"","_exactmetrics_sitenote_category":0,"_monsterinsights_skip_tracking":false,"_monsterinsights_sitenote_active":false,"_monsterinsights_sitenote_note":"","_monsterinsights_sitenote_category":0,"_uf_show_specific_survey":0,"_uf_disable_surveys":false,"_joinchat":[],"footnotes":""},"categories":[147,146,145],"tags":[193,15113,15103,6078,15114,2455],"class_list":["post-39773","post","type-post","status-publish","format-standard","has-post-thumbnail","hentry","category-actualidad","category-noticias","category-reportajes","tag-alirio-barrera","tag-arledy-alvarado","tag-camara-de-representantes-casanare","tag-centro-democratico-casanare","tag-elecciones-congreso-2026","tag-salomon-sanabria"],"yoast_head":"<!-- This site is optimized with the Yoast SEO plugin v26.1 - https:\/\/yoast.com\/wordpress\/plugins\/seo\/ -->\n<title>Arledy Alvarado: candidata del Centro Democr\u00e1tico a la C\u00e1mara por Casanare<\/title>\n<meta name=\"description\" content=\"Perfil de Arledy Alvarado, candidata del Centro Democr\u00e1tico a la C\u00e1mara por Casanare. Su trayectoria en el sector salud, red pol\u00edtica y financiaci\u00f3n de campa\u00f1a.\" \/>\n<meta name=\"robots\" content=\"index, follow, max-snippet:-1, max-image-preview:large, max-video-preview:-1\" \/>\n<link rel=\"canonical\" href=\"https:\/\/marthacifuentes.com\/portada\/arledy-alvarado-camara-casanare-centro-democratico\/\" \/>\n<meta property=\"og:locale\" content=\"es_ES\" \/>\n<meta property=\"og:type\" content=\"article\" \/>\n<meta property=\"og:title\" content=\"Qui\u00e9n es Arledy Alvarado, candidata del Centro Democr\u00e1tico a la C\u00e1mara por Casanare\" \/>\n<meta property=\"og:description\" content=\"Exgerente del Hospital Regional de la Orinoqu\u00eda y candidata del Centro Democr\u00e1tico. Su aspiraci\u00f3n a la C\u00e1mara llega con el respaldo del Clan Barrera,\" \/>\n<meta property=\"og:url\" content=\"https:\/\/marthacifuentes.com\/portada\/arledy-alvarado-camara-casanare-centro-democratico\/\" \/>\n<meta property=\"og:site_name\" content=\"\u25b7 Noticias de Casanare : Martha Cifuentes | Casanare\" \/>\n<meta property=\"article:published_time\" content=\"2026-03-08T02:21:47+00:00\" \/>\n<meta property=\"article:modified_time\" content=\"2026-03-08T04:18:53+00:00\" \/>\n<meta property=\"og:image\" content=\"https:\/\/marthacifuentes.com\/portada\/wp-content\/uploads\/2026\/03\/644271759_10163099462333740_7773883744493390548_n-1.jpg\" \/>\n\t<meta property=\"og:image:width\" content=\"1035\" \/>\n\t<meta property=\"og:image:height\" content=\"559\" \/>\n\t<meta property=\"og:image:type\" content=\"image\/jpeg\" \/>\n<meta name=\"author\" content=\"Martha Cifuentes\" \/>\n<meta name=\"twitter:card\" content=\"summary_large_image\" \/>\n<meta name=\"twitter:title\" content=\"Qui\u00e9n es Arledy Alvarado, candidata del Centro Democr\u00e1tico a la C\u00e1mara por Casanare\" \/>\n<meta name=\"twitter:description\" content=\"Exgerente del Hospital Regional de la Orinoqu\u00eda y candidata del Centro Democr\u00e1tico. Su aspiraci\u00f3n a la C\u00e1mara llega con el respaldo del Clan Barrera,\" \/>\n<meta name=\"twitter:label1\" content=\"Escrito por\" \/>\n\t<meta name=\"twitter:data1\" content=\"Martha Cifuentes\" \/>\n\t<meta name=\"twitter:label2\" content=\"Tiempo de lectura\" \/>\n\t<meta name=\"twitter:data2\" content=\"5 minutos\" \/>\n<script type=\"application\/ld+json\" class=\"yoast-schema-graph\">{\"@context\":\"https:\/\/schema.org\",\"@graph\":[{\"@type\":\"WebPage\",\"@id\":\"https:\/\/marthacifuentes.com\/portada\/arledy-alvarado-camara-casanare-centro-democratico\/\",\"url\":\"https:\/\/marthacifuentes.com\/portada\/arledy-alvarado-camara-casanare-centro-democratico\/\",\"name\":\"Arledy Alvarado: candidata del Centro Democr\u00e1tico a la C\u00e1mara por Casanare\",\"isPartOf\":{\"@id\":\"https:\/\/marthacifuentes.com\/portada\/#website\"},\"primaryImageOfPage\":{\"@id\":\"https:\/\/marthacifuentes.com\/portada\/arledy-alvarado-camara-casanare-centro-democratico\/#primaryimage\"},\"image\":{\"@id\":\"https:\/\/marthacifuentes.com\/portada\/arledy-alvarado-camara-casanare-centro-democratico\/#primaryimage\"},\"thumbnailUrl\":\"https:\/\/marthacifuentes.com\/portada\/wp-content\/uploads\/2026\/03\/644271759_10163099462333740_7773883744493390548_n-1.jpg\",\"datePublished\":\"2026-03-08T02:21:47+00:00\",\"dateModified\":\"2026-03-08T04:18:53+00:00\",\"author\":{\"@id\":\"https:\/\/marthacifuentes.com\/portada\/#\/schema\/person\/57f53174b991db5f90ff78d58502b714\"},\"description\":\"Perfil de Arledy Alvarado, candidata del Centro Democr\u00e1tico a la C\u00e1mara por Casanare. Su trayectoria en el sector salud, red pol\u00edtica y financiaci\u00f3n de campa\u00f1a.\",\"breadcrumb\":{\"@id\":\"https:\/\/marthacifuentes.com\/portada\/arledy-alvarado-camara-casanare-centro-democratico\/#breadcrumb\"},\"inLanguage\":\"es\",\"potentialAction\":[{\"@type\":\"ReadAction\",\"target\":[\"https:\/\/marthacifuentes.com\/portada\/arledy-alvarado-camara-casanare-centro-democratico\/\"]}]},{\"@type\":\"ImageObject\",\"inLanguage\":\"es\",\"@id\":\"https:\/\/marthacifuentes.com\/portada\/arledy-alvarado-camara-casanare-centro-democratico\/#primaryimage\",\"url\":\"https:\/\/marthacifuentes.com\/portada\/wp-content\/uploads\/2026\/03\/644271759_10163099462333740_7773883744493390548_n-1.jpg\",\"contentUrl\":\"https:\/\/marthacifuentes.com\/portada\/wp-content\/uploads\/2026\/03\/644271759_10163099462333740_7773883744493390548_n-1.jpg\",\"width\":1035,\"height\":559},{\"@type\":\"BreadcrumbList\",\"@id\":\"https:\/\/marthacifuentes.com\/portada\/arledy-alvarado-camara-casanare-centro-democratico\/#breadcrumb\",\"itemListElement\":[{\"@type\":\"ListItem\",\"position\":1,\"name\":\"Portada\",\"item\":\"https:\/\/marthacifuentes.com\/portada\/\"},{\"@type\":\"ListItem\",\"position\":2,\"name\":\"Arledy Alvarado: la candidata del Centro Democr\u00e1tico que busca la C\u00e1mara con el respaldo del clan Barrera en Casanare\"}]},{\"@type\":\"WebSite\",\"@id\":\"https:\/\/marthacifuentes.com\/portada\/#website\",\"url\":\"https:\/\/marthacifuentes.com\/portada\/\",\"name\":\"\u25b7 Noticias de Casanare : Martha Cifuentes | Casanare\",\"description\":\"Noticias &amp; Contenidos\",\"potentialAction\":[{\"@type\":\"SearchAction\",\"target\":{\"@type\":\"EntryPoint\",\"urlTemplate\":\"https:\/\/marthacifuentes.com\/portada\/?s={search_term_string}\"},\"query-input\":{\"@type\":\"PropertyValueSpecification\",\"valueRequired\":true,\"valueName\":\"search_term_string\"}}],\"inLanguage\":\"es\"},{\"@type\":\"Person\",\"@id\":\"https:\/\/marthacifuentes.com\/portada\/#\/schema\/person\/57f53174b991db5f90ff78d58502b714\",\"name\":\"Martha Cifuentes\",\"image\":{\"@type\":\"ImageObject\",\"inLanguage\":\"es\",\"@id\":\"https:\/\/marthacifuentes.com\/portada\/#\/schema\/person\/image\/\",\"url\":\"http:\/\/marthacifuentes.com\/portada\/wp-content\/uploads\/2018\/06\/avatar_user_2_1528838701-96x96.jpg\",\"contentUrl\":\"http:\/\/marthacifuentes.com\/portada\/wp-content\/uploads\/2018\/06\/avatar_user_2_1528838701-96x96.jpg\",\"caption\":\"Martha Cifuentes\"},\"sameAs\":[\"http:\/\/www.marthacifuentes.com\"],\"url\":\"https:\/\/marthacifuentes.com\/portada\/author\/martha\/\"}]}<\/script>\n<!-- \/ Yoast SEO plugin. -->","yoast_head_json":{"title":"Arledy Alvarado: candidata del Centro Democr\u00e1tico a la C\u00e1mara por Casanare","description":"Perfil de Arledy Alvarado, candidata del Centro Democr\u00e1tico a la C\u00e1mara por Casanare. Su trayectoria en el sector salud, red pol\u00edtica y financiaci\u00f3n de campa\u00f1a.","robots":{"index":"index","follow":"follow","max-snippet":"max-snippet:-1","max-image-preview":"max-image-preview:large","max-video-preview":"max-video-preview:-1"},"canonical":"https:\/\/marthacifuentes.com\/portada\/arledy-alvarado-camara-casanare-centro-democratico\/","og_locale":"es_ES","og_type":"article","og_title":"Qui\u00e9n es Arledy Alvarado, candidata del Centro Democr\u00e1tico a la C\u00e1mara por Casanare","og_description":"Exgerente del Hospital Regional de la Orinoqu\u00eda y candidata del Centro Democr\u00e1tico. Su aspiraci\u00f3n a la C\u00e1mara llega con el respaldo del Clan Barrera,","og_url":"https:\/\/marthacifuentes.com\/portada\/arledy-alvarado-camara-casanare-centro-democratico\/","og_site_name":"\u25b7 Noticias de Casanare : Martha Cifuentes | Casanare","article_published_time":"2026-03-08T02:21:47+00:00","article_modified_time":"2026-03-08T04:18:53+00:00","og_image":[{"width":1035,"height":559,"url":"https:\/\/marthacifuentes.com\/portada\/wp-content\/uploads\/2026\/03\/644271759_10163099462333740_7773883744493390548_n-1.jpg","type":"image\/jpeg"}],"author":"Martha Cifuentes","twitter_card":"summary_large_image","twitter_title":"Qui\u00e9n es Arledy Alvarado, candidata del Centro Democr\u00e1tico a la C\u00e1mara por Casanare","twitter_description":"Exgerente del Hospital Regional de la Orinoqu\u00eda y candidata del Centro Democr\u00e1tico. Su aspiraci\u00f3n a la C\u00e1mara llega con el respaldo del Clan Barrera,","twitter_misc":{"Escrito por":"Martha Cifuentes","Tiempo de lectura":"5 minutos"},"schema":{"@context":"https:\/\/schema.org","@graph":[{"@type":"WebPage","@id":"https:\/\/marthacifuentes.com\/portada\/arledy-alvarado-camara-casanare-centro-democratico\/","url":"https:\/\/marthacifuentes.com\/portada\/arledy-alvarado-camara-casanare-centro-democratico\/","name":"Arledy Alvarado: candidata del Centro Democr\u00e1tico a la C\u00e1mara por Casanare","isPartOf":{"@id":"https:\/\/marthacifuentes.com\/portada\/#website"},"primaryImageOfPage":{"@id":"https:\/\/marthacifuentes.com\/portada\/arledy-alvarado-camara-casanare-centro-democratico\/#primaryimage"},"image":{"@id":"https:\/\/marthacifuentes.com\/portada\/arledy-alvarado-camara-casanare-centro-democratico\/#primaryimage"},"thumbnailUrl":"https:\/\/marthacifuentes.com\/portada\/wp-content\/uploads\/2026\/03\/644271759_10163099462333740_7773883744493390548_n-1.jpg","datePublished":"2026-03-08T02:21:47+00:00","dateModified":"2026-03-08T04:18:53+00:00","author":{"@id":"https:\/\/marthacifuentes.com\/portada\/#\/schema\/person\/57f53174b991db5f90ff78d58502b714"},"description":"Perfil de Arledy Alvarado, candidata del Centro Democr\u00e1tico a la C\u00e1mara por Casanare. Su trayectoria en el sector salud, red pol\u00edtica y financiaci\u00f3n de campa\u00f1a.","breadcrumb":{"@id":"https:\/\/marthacifuentes.com\/portada\/arledy-alvarado-camara-casanare-centro-democratico\/#breadcrumb"},"inLanguage":"es","potentialAction":[{"@type":"ReadAction","target":["https:\/\/marthacifuentes.com\/portada\/arledy-alvarado-camara-casanare-centro-democratico\/"]}]},{"@type":"ImageObject","inLanguage":"es","@id":"https:\/\/marthacifuentes.com\/portada\/arledy-alvarado-camara-casanare-centro-democratico\/#primaryimage","url":"https:\/\/marthacifuentes.com\/portada\/wp-content\/uploads\/2026\/03\/644271759_10163099462333740_7773883744493390548_n-1.jpg","contentUrl":"https:\/\/marthacifuentes.com\/portada\/wp-content\/uploads\/2026\/03\/644271759_10163099462333740_7773883744493390548_n-1.jpg","width":1035,"height":559},{"@type":"BreadcrumbList","@id":"https:\/\/marthacifuentes.com\/portada\/arledy-alvarado-camara-casanare-centro-democratico\/#breadcrumb","itemListElement":[{"@type":"ListItem","position":1,"name":"Portada","item":"https:\/\/marthacifuentes.com\/portada\/"},{"@type":"ListItem","position":2,"name":"Arledy Alvarado: la candidata del Centro Democr\u00e1tico que busca la C\u00e1mara con el respaldo del clan Barrera en Casanare"}]},{"@type":"WebSite","@id":"https:\/\/marthacifuentes.com\/portada\/#website","url":"https:\/\/marthacifuentes.com\/portada\/","name":"\u25b7 Noticias de Casanare : Martha Cifuentes | Casanare","description":"Noticias &amp; Contenidos","potentialAction":[{"@type":"SearchAction","target":{"@type":"EntryPoint","urlTemplate":"https:\/\/marthacifuentes.com\/portada\/?s={search_term_string}"},"query-input":{"@type":"PropertyValueSpecification","valueRequired":true,"valueName":"search_term_string"}}],"inLanguage":"es"},{"@type":"Person","@id":"https:\/\/marthacifuentes.com\/portada\/#\/schema\/person\/57f53174b991db5f90ff78d58502b714","name":"Martha Cifuentes","image":{"@type":"ImageObject","inLanguage":"es","@id":"https:\/\/marthacifuentes.com\/portada\/#\/schema\/person\/image\/","url":"http:\/\/marthacifuentes.com\/portada\/wp-content\/uploads\/2018\/06\/avatar_user_2_1528838701-96x96.jpg","contentUrl":"http:\/\/marthacifuentes.com\/portada\/wp-content\/uploads\/2018\/06\/avatar_user_2_1528838701-96x96.jpg","caption":"Martha Cifuentes"},"sameAs":["http:\/\/www.marthacifuentes.com"],"url":"https:\/\/marthacifuentes.com\/portada\/author\/martha\/"}]}},"_links":{"self":[{"href":"https:\/\/marthacifuentes.com\/portada\/wp-json\/wp\/v2\/posts\/39773","targetHints":{"allow":["GET"]}}],"collection":[{"href":"https:\/\/marthacifuentes.com\/portada\/wp-json\/wp\/v2\/posts"}],"about":[{"href":"https:\/\/marthacifuentes.com\/portada\/wp-json\/wp\/v2\/types\/post"}],"author":[{"embeddable":true,"href":"https:\/\/marthacifuentes.com\/portada\/wp-json\/wp\/v2\/users\/2"}],"replies":[{"embeddable":true,"href":"https:\/\/marthacifuentes.com\/portada\/wp-json\/wp\/v2\/comments?post=39773"}],"version-history":[{"count":3,"href":"https:\/\/marthacifuentes.com\/portada\/wp-json\/wp\/v2\/posts\/39773\/revisions"}],"predecessor-version":[{"id":39817,"href":"https:\/\/marthacifuentes.com\/portada\/wp-json\/wp\/v2\/posts\/39773\/revisions\/39817"}],"wp:featuredmedia":[{"embeddable":true,"href":"https:\/\/marthacifuentes.com\/portada\/wp-json\/wp\/v2\/media\/39781"}],"wp:attachment":[{"href":"https:\/\/marthacifuentes.com\/portada\/wp-json\/wp\/v2\/media?parent=39773"}],"wp:term":[{"taxonomy":"category","embeddable":true,"href":"https:\/\/marthacifuentes.com\/portada\/wp-json\/wp\/v2\/categories?post=39773"},{"taxonomy":"post_tag","embeddable":true,"href":"https:\/\/marthacifuentes.com\/portada\/wp-json\/wp\/v2\/tags?post=39773"}],"curies":[{"name":"wp","href":"https:\/\/api.w.org\/{rel}","templated":true}]}}