{"id":39783,"date":"2026-03-07T21:53:26","date_gmt":"2026-03-08T02:53:26","guid":{"rendered":"https:\/\/marthacifuentes.com\/portada\/?p=39783"},"modified":"2026-03-07T21:53:28","modified_gmt":"2026-03-08T02:53:28","slug":"alvaro-marino-candidato-camara-casanare-centro-democratico","status":"publish","type":"post","link":"https:\/\/marthacifuentes.com\/portada\/alvaro-marino-candidato-camara-casanare-centro-democratico\/","title":{"rendered":"\u00c1lvaro Mari\u00f1o: entre el uribista clan Barrera, la exdirectora de Corporinoquia y el cuestionado exgobernador Nelson Mari\u00f1o"},"content":{"rendered":"\n<p>Abogado con una trayectoria de m\u00e1s de 17 a\u00f1os en la funci\u00f3n p\u00fablica en Casanare, \u00c1lvaro Mari\u00f1o debuta como candidato a la C\u00e1mara de Representantes por el Centro Democr\u00e1tico. Su aspiraci\u00f3n pol\u00edtica se mueve en un entorno donde aparecen respaldos del clan pol\u00edtico de Alirio Barrera, de la exdirectora de Corporinoquia Doris Bernal y del exgobernador Nelson Mari\u00f1o.<\/p>\n\n\n\n<hr class=\"wp-block-separator has-alpha-channel-opacity\"\/>\n\n\n\n<h2 class=\"wp-block-heading\">Una carrera construida en la administraci\u00f3n p\u00fablica<\/h2>\n\n\n\n<p>\u00c1lvaro Yesid Mari\u00f1o \u00c1lvarez es abogado de la Universidad Cat\u00f3lica de Colombia. Cuenta con estudios en gobierno, relaciones internacionales y derecho, adem\u00e1s de especializaciones en contrataci\u00f3n p\u00fablica, gerencia p\u00fablica y gesti\u00f3n ambiental. Tambi\u00e9n posee una maestr\u00eda en derecho contractual, p\u00fablico y privado.<\/p>\n\n\n\n<p>Durante cerca de <strong>17 a\u00f1os ha ocupado distintos cargos en la administraci\u00f3n p\u00fablica en Casanare<\/strong>, especialmente en el \u00e1rea jur\u00eddica.<\/p>\n\n\n\n<p>Entre los roles que ha desempe\u00f1ado se encuentran:<\/p>\n\n\n\n<ul class=\"wp-block-list\">\n<li>Abogado en Corporinoquia<\/li>\n\n\n\n<li>Abogado de la Secretar\u00eda de Gobierno de la Gobernaci\u00f3n de Casanare<\/li>\n\n\n\n<li>Asesor de despacho del entonces gobernador <strong>Alirio Barrera<\/strong><\/li>\n<\/ul>\n\n\n\n<p>Durante ese mismo gobierno tambi\u00e9n fue <strong>jefe de la Oficina de Control Interno de Gesti\u00f3n entre 2016 y 2019<\/strong>, un cargo clave dentro de la estructura administrativa de la gobernaci\u00f3n.<\/p>\n\n\n\n<p>Posteriormente ocup\u00f3 el cargo de <strong>secretario privado durante el gobierno del exgobernador Salom\u00f3n Sanabria<\/strong>.<\/p>\n\n\n\n<p>Adem\u00e1s de su trayectoria p\u00fablica, Mari\u00f1o ha ejercido como <strong>profesor universitario en Unitr\u00f3pico y en la Fundaci\u00f3n Universitaria de Colombia (FUC)<\/strong>.<\/p>\n\n\n\n<p>En el sector privado se ha presentado como empresario, vinculado a un emprendimiento gastron\u00f3mico denominado <strong>Panchos<\/strong>, y como ganadero.<\/p>\n\n\n\n<hr class=\"wp-block-separator has-alpha-channel-opacity\"\/>\n\n\n\n<h2 class=\"wp-block-heading\">Una candidatura desde el Centro Democr\u00e1tico<\/h2>\n\n\n\n<p>Mari\u00f1o aspira a la C\u00e1mara de Representantes por el <strong>Centro Democr\u00e1tico<\/strong>, partido fundado por el expresidente \u00c1lvaro Uribe V\u00e9lez.<\/p>\n\n\n\n<p>Dentro del discurso de su campa\u00f1a utiliza el lema <strong>\u201cUribe y los de Uribe\u201d<\/strong>, una consigna que busca reforzar la identidad pol\u00edtica de ese sector.<\/p>\n\n\n\n<p>En el escenario pol\u00edtico nacional, el Centro Democr\u00e1tico se ubica dentro de la derecha colombiana y ha sido uno de los partidos que m\u00e1s se ha opuesto a varias de las reformas impulsadas por el gobierno del presidente Gustavo Petro.<\/p>\n\n\n\n<p>Entre los temas donde este sector pol\u00edtico ha manifestado oposici\u00f3n o fuertes cr\u00edticas se encuentran:<\/p>\n\n\n\n<ul class=\"wp-block-list\">\n<li>La reforma a la salud<\/li>\n\n\n\n<li>La reforma laboral<\/li>\n\n\n\n<li>La reforma pensional<\/li>\n\n\n\n<li>La reforma agraria<\/li>\n\n\n\n<li>Las pol\u00edticas ambientales relacionadas con la explotaci\u00f3n de hidrocarburos<\/li>\n\n\n\n<li>La pol\u00edtica de paz total<\/li>\n<\/ul>\n\n\n\n<figure class=\"wp-block-image size-large\"><img loading=\"lazy\" decoding=\"async\" width=\"959\" height=\"1024\" src=\"https:\/\/marthacifuentes.com\/portada\/wp-content\/uploads\/2026\/03\/633584004_10162409287552308_215819948523597444_n-959x1024.jpg\" alt=\"\" class=\"wp-image-39790\" srcset=\"https:\/\/marthacifuentes.com\/portada\/wp-content\/uploads\/2026\/03\/633584004_10162409287552308_215819948523597444_n-959x1024.jpg 959w, https:\/\/marthacifuentes.com\/portada\/wp-content\/uploads\/2026\/03\/633584004_10162409287552308_215819948523597444_n-281x300.jpg 281w, https:\/\/marthacifuentes.com\/portada\/wp-content\/uploads\/2026\/03\/633584004_10162409287552308_215819948523597444_n-768x820.jpg 768w, https:\/\/marthacifuentes.com\/portada\/wp-content\/uploads\/2026\/03\/633584004_10162409287552308_215819948523597444_n.jpg 1126w\" sizes=\"auto, (max-width: 959px) 100vw, 959px\" \/><\/figure>\n\n\n\n<hr class=\"wp-block-separator has-alpha-channel-opacity\"\/>\n\n\n\n<h2 class=\"wp-block-heading\">La red pol\u00edtica que rodea su candidatura<\/h2>\n\n\n\n<p>La candidatura de \u00c1lvaro Mari\u00f1o tambi\u00e9n aparece vinculada a una red pol\u00edtica regional con presencia en la pol\u00edtica casanare\u00f1a durante los \u00faltimos a\u00f1os.<\/p>\n\n\n\n<p>Uno de los respaldos que aparece en su entorno pol\u00edtico es el de <strong>Doris Bernal<\/strong>, exdirectora de Corporinoquia.<\/p>\n\n\n\n<p>Su relaci\u00f3n pol\u00edtica tiene un antecedente relevante. Cuando Mari\u00f1o era jefe de Control Interno durante el gobierno de Alirio Barrera, particip\u00f3 en un concepto jur\u00eddico relacionado con recusaciones dentro del proceso que termin\u00f3 avalando la elecci\u00f3n de Bernal como directora de Corporinoquia en octubre de 2019.<\/p>\n\n\n\n<p>Sin embargo, esa elecci\u00f3n posteriormente fue <strong>suspendida por el Consejo de Estado<\/strong>, lo que impidi\u00f3 su posesi\u00f3n inmediata en el cargo.<\/p>\n\n\n\n<figure class=\"wp-block-image size-large\"><img loading=\"lazy\" decoding=\"async\" width=\"1024\" height=\"683\" src=\"https:\/\/marthacifuentes.com\/portada\/wp-content\/uploads\/2026\/03\/642860842_10162480719392308_2411970837590430378_n-1-1024x683.jpg\" alt=\"\" class=\"wp-image-39791\" srcset=\"https:\/\/marthacifuentes.com\/portada\/wp-content\/uploads\/2026\/03\/642860842_10162480719392308_2411970837590430378_n-1-1024x683.jpg 1024w, https:\/\/marthacifuentes.com\/portada\/wp-content\/uploads\/2026\/03\/642860842_10162480719392308_2411970837590430378_n-1-300x200.jpg 300w, https:\/\/marthacifuentes.com\/portada\/wp-content\/uploads\/2026\/03\/642860842_10162480719392308_2411970837590430378_n-1-768x512.jpg 768w, https:\/\/marthacifuentes.com\/portada\/wp-content\/uploads\/2026\/03\/642860842_10162480719392308_2411970837590430378_n-1.jpg 1280w\" sizes=\"auto, (max-width: 1024px) 100vw, 1024px\" \/><\/figure>\n\n\n\n<p>Dentro del entorno pol\u00edtico de la campa\u00f1a tambi\u00e9n aparece el respaldo del <strong>exgobernador Nelson Mari\u00f1o<\/strong>, quien gobern\u00f3 Casanare entre 2012 y 2013.<\/p>\n\n\n\n<p>El exmandatario fue destituido en su momento y actualmente es investigado por la Fiscal\u00eda por presuntas irregularidades relacionadas con la contrataci\u00f3n del Programa de Alimentaci\u00f3n Escolar (PAE).<\/p>\n\n\n\n<p>De acuerdo con distintas fuentes pol\u00edticas regionales, Nelson Mari\u00f1o ha participado activamente en recorridos de campa\u00f1a en varios municipios del departamento.<\/p>\n\n\n\n<p>Tambi\u00e9n se menciona dentro de los respaldos pol\u00edticos al <strong>exdiputado Julio Cala<\/strong>, agricultor y ganadero del departamento.<\/p>\n\n\n\n<figure class=\"wp-block-image size-large\"><img loading=\"lazy\" decoding=\"async\" width=\"1024\" height=\"683\" src=\"https:\/\/marthacifuentes.com\/portada\/wp-content\/uploads\/2026\/03\/637921091_922533706811384_7194923958781775840_n-1-1024x683.jpg\" alt=\"\" class=\"wp-image-39787\" srcset=\"https:\/\/marthacifuentes.com\/portada\/wp-content\/uploads\/2026\/03\/637921091_922533706811384_7194923958781775840_n-1-1024x683.jpg 1024w, https:\/\/marthacifuentes.com\/portada\/wp-content\/uploads\/2026\/03\/637921091_922533706811384_7194923958781775840_n-1-300x200.jpg 300w, https:\/\/marthacifuentes.com\/portada\/wp-content\/uploads\/2026\/03\/637921091_922533706811384_7194923958781775840_n-1-768x512.jpg 768w, https:\/\/marthacifuentes.com\/portada\/wp-content\/uploads\/2026\/03\/637921091_922533706811384_7194923958781775840_n-1.jpg 1280w\" sizes=\"auto, (max-width: 1024px) 100vw, 1024px\" \/><\/figure>\n\n\n\n<hr class=\"wp-block-separator has-alpha-channel-opacity\"\/>\n\n\n\n<h2 class=\"wp-block-heading\">Las propuestas de campa\u00f1a<\/h2>\n\n\n\n<p>En su discurso pol\u00edtico, \u00c1lvaro Mari\u00f1o ha planteado como ejes principales de su campa\u00f1a:<\/p>\n\n\n\n<p><strong>educaci\u00f3n y seguridad<\/strong><\/p>\n\n\n\n<p>Entre sus propuestas destaca la idea de <strong>fortalecer la inversi\u00f3n en educaci\u00f3n superior, t\u00e9cnica y tecnol\u00f3gica<\/strong>, con el objetivo de ampliar oportunidades para j\u00f3venes del departamento.<\/p>\n\n\n\n<p>Tambi\u00e9n ha insistido en la necesidad de <strong>recuperar las condiciones de seguridad en Casanare<\/strong>, un tema que ha vuelto a ocupar un lugar central en el debate pol\u00edtico regional.<\/p>\n\n\n\n<hr class=\"wp-block-separator has-alpha-channel-opacity\"\/>\n\n\n\n<h2 class=\"wp-block-heading\">Ingresos de campa\u00f1a<\/h2>\n\n\n\n<p>De acuerdo con los reportes entregados al Consejo Nacional Electoral a trav\u00e9s del sistema <strong>Cuentas Claras<\/strong>, la campa\u00f1a de \u00c1lvaro Mari\u00f1o registra <strong>ingresos totales por $97.040.900<\/strong>. CONSOLIDADO INGRESOS Y GASTOS A\u2026<\/p>\n\n\n\n<p>De ese total:<\/p>\n\n\n\n<p><strong>$55 millones corresponden a recursos propios del candidato<\/strong>, provenientes de su patrimonio. APORTES DIRECTOS ALVARO MARI\u00d1O \u2026<\/p>\n\n\n\n<p><strong>$42.040.900 corresponden a contribuciones de particulares.<\/strong> CONSOLIDADO INGRESOS Y GASTOS A\u2026<\/p>\n\n\n\n<p>Entre los aportantes registrados aparecen:<\/p>\n\n\n\n<ul class=\"wp-block-list\">\n<li>Edwin Yecid Guti\u00e9rrez Vargas \u2013 $15 millones <\/li>\n\n\n\n<li>Juli\u00e1n Alberto Salamanca Herrera \u2013 $12 millones<\/li>\n\n\n\n<li>Giseth Hasbleidy Porras Arango \u2013 $9 millones<\/li>\n\n\n\n<li>Luis Alejandro P\u00e9rez Lombana \u2013 $3 millones<\/li>\n\n\n\n<li>Sonia Esperanza Moya Torres \u2013 $2,4 millones<\/li>\n\n\n\n<li>Jonathan S\u00e1nchez Casta\u00f1eda \u2013 $600 mil<\/li>\n<\/ul>\n\n\n\n<hr class=\"wp-block-separator has-alpha-channel-opacity\"\/>\n\n\n\n<h2 class=\"wp-block-heading\">Gastos de campa\u00f1a<\/h2>\n\n\n\n<p>El informe presentado ante el Consejo Nacional Electoral registra <strong>gastos por $79.431.900<\/strong>. CONSOLIDADO INGRESOS Y GASTOS A\u2026<\/p>\n\n\n\n<p>Los principales rubros reportados corresponden a:<\/p>\n\n\n\n<ul class=\"wp-block-list\">\n<li>Transporte y correo: <strong>$30 millones<\/strong><\/li>\n\n\n\n<li>Propaganda electoral: <strong>$22.991.000<\/strong><\/li>\n\n\n\n<li>Gastos judiciales y de rendici\u00f3n de cuentas: <strong>$21 millones<\/strong><\/li>\n\n\n\n<li>Gastos de administraci\u00f3n: <strong>$5.400.000<\/strong><\/li>\n\n\n\n<li>Gastos de oficina: <strong>$40.900<\/strong><\/li>\n<\/ul>\n\n\n\n<hr class=\"wp-block-separator has-alpha-channel-opacity\"\/>\n\n\n\n<h2 class=\"wp-block-heading\">El escenario electoral<\/h2>\n\n\n\n<p>Con esta candidatura, \u00c1lvaro Mari\u00f1o entra por primera vez a la contienda electoral buscando uno de los esca\u00f1os de Casanare en la C\u00e1mara de Representantes.<\/p>\n\n\n\n<p>Su aspiraci\u00f3n se mueve dentro de un sector pol\u00edtico identificado con el <strong>Centro Democr\u00e1tico y el liderazgo regional del senador Alirio Barrera<\/strong>, uno de los bloques pol\u00edticos de derecha con mayor influencia en la pol\u00edtica del departamento durante los \u00faltimos a\u00f1os.<\/p>\n\n\n\n<p>La decisi\u00f3n final, como en cada proceso electoral, quedar\u00e1 en manos del electorado casanare\u00f1o.<\/p>\n","protected":false},"excerpt":{"rendered":"<p>Abogado con una trayectoria de m\u00e1s de 17 a\u00f1os en la funci\u00f3n p\u00fablica en Casanare, \u00c1lvaro Mari\u00f1o debuta como candidato a la C\u00e1mara de Representantes por el Centro Democr\u00e1tico. Su aspiraci\u00f3n pol\u00edtica se mueve en un entorno donde aparecen respaldos del clan pol\u00edtico de Alirio Barrera, de la exdirectora de Corporinoquia Doris Bernal y del &hellip;<\/p>\n","protected":false},"author":2,"featured_media":39789,"comment_status":"open","ping_status":"open","sticky":false,"template":"","format":"standard","meta":{"om_disable_all_campaigns":false,"_exactmetrics_skip_tracking":false,"_exactmetrics_sitenote_active":false,"_exactmetrics_sitenote_note":"","_exactmetrics_sitenote_category":0,"_monsterinsights_skip_tracking":false,"_monsterinsights_sitenote_active":false,"_monsterinsights_sitenote_note":"","_monsterinsights_sitenote_category":0,"_uf_show_specific_survey":0,"_uf_disable_surveys":false,"_joinchat":[],"footnotes":""},"categories":[147,146,145],"tags":[193,15078,15103,6078,15114,2398],"class_list":["post-39783","post","type-post","status-publish","format-standard","has-post-thumbnail","hentry","category-actualidad","category-noticias","category-reportajes","tag-alirio-barrera","tag-alvaro-marino-2","tag-camara-de-representantes-casanare","tag-centro-democratico-casanare","tag-elecciones-congreso-2026","tag-nelson-marino"],"yoast_head":"<!-- This site is optimized with the Yoast SEO plugin v26.1 - https:\/\/yoast.com\/wordpress\/plugins\/seo\/ -->\n<title>\u00c1lvaro Mari\u00f1o: entre el clan Barrera, Bernal y el exgobernador Nelson Mari\u00f1o<\/title>\n<meta name=\"description\" content=\"Perfil de \u00c1lvaro Mari\u00f1o, candidato del Centro Democr\u00e1tico a la C\u00e1mara por Casanare. Trayectoria en la funci\u00f3n p\u00fablica, red pol\u00edtica e ingresos de campa\u00f1a.\" \/>\n<meta name=\"robots\" content=\"index, follow, max-snippet:-1, max-image-preview:large, max-video-preview:-1\" \/>\n<link rel=\"canonical\" href=\"https:\/\/marthacifuentes.com\/portada\/alvaro-marino-candidato-camara-casanare-centro-democratico\/\" \/>\n<meta property=\"og:locale\" content=\"es_ES\" \/>\n<meta property=\"og:type\" content=\"article\" \/>\n<meta property=\"og:title\" content=\"\u00c1lvaro Mari\u00f1o: entre el clan Barrera, Doris Bernal y el exgobernador Nelson Mari\u00f1o\" \/>\n<meta property=\"og:description\" content=\"El candidato del Centro Democr\u00e1tico a la C\u00e1mara por Casanare debuta en pol\u00edtica electoral tras 17 a\u00f1os en la funci\u00f3n p\u00fablica.\" \/>\n<meta property=\"og:url\" content=\"https:\/\/marthacifuentes.com\/portada\/alvaro-marino-candidato-camara-casanare-centro-democratico\/\" \/>\n<meta property=\"og:site_name\" content=\"\u25b7 Noticias de Casanare : Martha Cifuentes | Casanare\" \/>\n<meta property=\"article:published_time\" content=\"2026-03-08T02:53:26+00:00\" \/>\n<meta property=\"article:modified_time\" content=\"2026-03-08T02:53:28+00:00\" \/>\n<meta property=\"og:image\" content=\"https:\/\/marthacifuentes.com\/portada\/wp-content\/uploads\/2026\/03\/ALVARO-MARINO-NELSON-MARINO-Y-ALIRIO-BARRERA.jpg\" \/>\n\t<meta property=\"og:image:width\" content=\"838\" \/>\n\t<meta property=\"og:image:height\" content=\"408\" \/>\n\t<meta property=\"og:image:type\" content=\"image\/jpeg\" \/>\n<meta name=\"author\" content=\"Martha Cifuentes\" \/>\n<meta name=\"twitter:card\" content=\"summary_large_image\" \/>\n<meta name=\"twitter:title\" content=\"\u00c1lvaro Mari\u00f1o: entre el clan Barrera, Doris Bernal y el exgobernador Nelson Mari\u00f1o\" \/>\n<meta name=\"twitter:description\" content=\"El candidato del Centro Democr\u00e1tico a la C\u00e1mara por Casanare debuta en pol\u00edtica electoral tras 17 a\u00f1os en la funci\u00f3n p\u00fablica.\" \/>\n<meta name=\"twitter:label1\" content=\"Escrito por\" \/>\n\t<meta name=\"twitter:data1\" content=\"Martha Cifuentes\" \/>\n\t<meta name=\"twitter:label2\" content=\"Tiempo de lectura\" \/>\n\t<meta name=\"twitter:data2\" content=\"5 minutos\" \/>\n<script type=\"application\/ld+json\" class=\"yoast-schema-graph\">{\"@context\":\"https:\/\/schema.org\",\"@graph\":[{\"@type\":\"WebPage\",\"@id\":\"https:\/\/marthacifuentes.com\/portada\/alvaro-marino-candidato-camara-casanare-centro-democratico\/\",\"url\":\"https:\/\/marthacifuentes.com\/portada\/alvaro-marino-candidato-camara-casanare-centro-democratico\/\",\"name\":\"\u00c1lvaro Mari\u00f1o: entre el clan Barrera, Bernal y el exgobernador Nelson Mari\u00f1o\",\"isPartOf\":{\"@id\":\"https:\/\/marthacifuentes.com\/portada\/#website\"},\"primaryImageOfPage\":{\"@id\":\"https:\/\/marthacifuentes.com\/portada\/alvaro-marino-candidato-camara-casanare-centro-democratico\/#primaryimage\"},\"image\":{\"@id\":\"https:\/\/marthacifuentes.com\/portada\/alvaro-marino-candidato-camara-casanare-centro-democratico\/#primaryimage\"},\"thumbnailUrl\":\"https:\/\/marthacifuentes.com\/portada\/wp-content\/uploads\/2026\/03\/ALVARO-MARINO-NELSON-MARINO-Y-ALIRIO-BARRERA.jpg\",\"datePublished\":\"2026-03-08T02:53:26+00:00\",\"dateModified\":\"2026-03-08T02:53:28+00:00\",\"author\":{\"@id\":\"https:\/\/marthacifuentes.com\/portada\/#\/schema\/person\/57f53174b991db5f90ff78d58502b714\"},\"description\":\"Perfil de \u00c1lvaro Mari\u00f1o, candidato del Centro Democr\u00e1tico a la C\u00e1mara por Casanare. Trayectoria en la funci\u00f3n p\u00fablica, red pol\u00edtica e ingresos de campa\u00f1a.\",\"breadcrumb\":{\"@id\":\"https:\/\/marthacifuentes.com\/portada\/alvaro-marino-candidato-camara-casanare-centro-democratico\/#breadcrumb\"},\"inLanguage\":\"es\",\"potentialAction\":[{\"@type\":\"ReadAction\",\"target\":[\"https:\/\/marthacifuentes.com\/portada\/alvaro-marino-candidato-camara-casanare-centro-democratico\/\"]}]},{\"@type\":\"ImageObject\",\"inLanguage\":\"es\",\"@id\":\"https:\/\/marthacifuentes.com\/portada\/alvaro-marino-candidato-camara-casanare-centro-democratico\/#primaryimage\",\"url\":\"https:\/\/marthacifuentes.com\/portada\/wp-content\/uploads\/2026\/03\/ALVARO-MARINO-NELSON-MARINO-Y-ALIRIO-BARRERA.jpg\",\"contentUrl\":\"https:\/\/marthacifuentes.com\/portada\/wp-content\/uploads\/2026\/03\/ALVARO-MARINO-NELSON-MARINO-Y-ALIRIO-BARRERA.jpg\",\"width\":838,\"height\":408},{\"@type\":\"BreadcrumbList\",\"@id\":\"https:\/\/marthacifuentes.com\/portada\/alvaro-marino-candidato-camara-casanare-centro-democratico\/#breadcrumb\",\"itemListElement\":[{\"@type\":\"ListItem\",\"position\":1,\"name\":\"Portada\",\"item\":\"https:\/\/marthacifuentes.com\/portada\/\"},{\"@type\":\"ListItem\",\"position\":2,\"name\":\"\u00c1lvaro Mari\u00f1o: entre el uribista clan Barrera, la exdirectora de Corporinoquia y el cuestionado exgobernador Nelson Mari\u00f1o\"}]},{\"@type\":\"WebSite\",\"@id\":\"https:\/\/marthacifuentes.com\/portada\/#website\",\"url\":\"https:\/\/marthacifuentes.com\/portada\/\",\"name\":\"\u25b7 Noticias de Casanare : Martha Cifuentes | Casanare\",\"description\":\"Noticias &amp; Contenidos\",\"potentialAction\":[{\"@type\":\"SearchAction\",\"target\":{\"@type\":\"EntryPoint\",\"urlTemplate\":\"https:\/\/marthacifuentes.com\/portada\/?s={search_term_string}\"},\"query-input\":{\"@type\":\"PropertyValueSpecification\",\"valueRequired\":true,\"valueName\":\"search_term_string\"}}],\"inLanguage\":\"es\"},{\"@type\":\"Person\",\"@id\":\"https:\/\/marthacifuentes.com\/portada\/#\/schema\/person\/57f53174b991db5f90ff78d58502b714\",\"name\":\"Martha Cifuentes\",\"image\":{\"@type\":\"ImageObject\",\"inLanguage\":\"es\",\"@id\":\"https:\/\/marthacifuentes.com\/portada\/#\/schema\/person\/image\/\",\"url\":\"http:\/\/marthacifuentes.com\/portada\/wp-content\/uploads\/2018\/06\/avatar_user_2_1528838701-96x96.jpg\",\"contentUrl\":\"http:\/\/marthacifuentes.com\/portada\/wp-content\/uploads\/2018\/06\/avatar_user_2_1528838701-96x96.jpg\",\"caption\":\"Martha Cifuentes\"},\"sameAs\":[\"http:\/\/www.marthacifuentes.com\"],\"url\":\"https:\/\/marthacifuentes.com\/portada\/author\/martha\/\"}]}<\/script>\n<!-- \/ Yoast SEO plugin. -->","yoast_head_json":{"title":"\u00c1lvaro Mari\u00f1o: entre el clan Barrera, Bernal y el exgobernador Nelson Mari\u00f1o","description":"Perfil de \u00c1lvaro Mari\u00f1o, candidato del Centro Democr\u00e1tico a la C\u00e1mara por Casanare. Trayectoria en la funci\u00f3n p\u00fablica, red pol\u00edtica e ingresos de campa\u00f1a.","robots":{"index":"index","follow":"follow","max-snippet":"max-snippet:-1","max-image-preview":"max-image-preview:large","max-video-preview":"max-video-preview:-1"},"canonical":"https:\/\/marthacifuentes.com\/portada\/alvaro-marino-candidato-camara-casanare-centro-democratico\/","og_locale":"es_ES","og_type":"article","og_title":"\u00c1lvaro Mari\u00f1o: entre el clan Barrera, Doris Bernal y el exgobernador Nelson Mari\u00f1o","og_description":"El candidato del Centro Democr\u00e1tico a la C\u00e1mara por Casanare debuta en pol\u00edtica electoral tras 17 a\u00f1os en la funci\u00f3n p\u00fablica.","og_url":"https:\/\/marthacifuentes.com\/portada\/alvaro-marino-candidato-camara-casanare-centro-democratico\/","og_site_name":"\u25b7 Noticias de Casanare : Martha Cifuentes | Casanare","article_published_time":"2026-03-08T02:53:26+00:00","article_modified_time":"2026-03-08T02:53:28+00:00","og_image":[{"width":838,"height":408,"url":"https:\/\/marthacifuentes.com\/portada\/wp-content\/uploads\/2026\/03\/ALVARO-MARINO-NELSON-MARINO-Y-ALIRIO-BARRERA.jpg","type":"image\/jpeg"}],"author":"Martha Cifuentes","twitter_card":"summary_large_image","twitter_title":"\u00c1lvaro Mari\u00f1o: entre el clan Barrera, Doris Bernal y el exgobernador Nelson Mari\u00f1o","twitter_description":"El candidato del Centro Democr\u00e1tico a la C\u00e1mara por Casanare debuta en pol\u00edtica electoral tras 17 a\u00f1os en la funci\u00f3n p\u00fablica.","twitter_misc":{"Escrito por":"Martha Cifuentes","Tiempo de lectura":"5 minutos"},"schema":{"@context":"https:\/\/schema.org","@graph":[{"@type":"WebPage","@id":"https:\/\/marthacifuentes.com\/portada\/alvaro-marino-candidato-camara-casanare-centro-democratico\/","url":"https:\/\/marthacifuentes.com\/portada\/alvaro-marino-candidato-camara-casanare-centro-democratico\/","name":"\u00c1lvaro Mari\u00f1o: entre el clan Barrera, Bernal y el exgobernador Nelson Mari\u00f1o","isPartOf":{"@id":"https:\/\/marthacifuentes.com\/portada\/#website"},"primaryImageOfPage":{"@id":"https:\/\/marthacifuentes.com\/portada\/alvaro-marino-candidato-camara-casanare-centro-democratico\/#primaryimage"},"image":{"@id":"https:\/\/marthacifuentes.com\/portada\/alvaro-marino-candidato-camara-casanare-centro-democratico\/#primaryimage"},"thumbnailUrl":"https:\/\/marthacifuentes.com\/portada\/wp-content\/uploads\/2026\/03\/ALVARO-MARINO-NELSON-MARINO-Y-ALIRIO-BARRERA.jpg","datePublished":"2026-03-08T02:53:26+00:00","dateModified":"2026-03-08T02:53:28+00:00","author":{"@id":"https:\/\/marthacifuentes.com\/portada\/#\/schema\/person\/57f53174b991db5f90ff78d58502b714"},"description":"Perfil de \u00c1lvaro Mari\u00f1o, candidato del Centro Democr\u00e1tico a la C\u00e1mara por Casanare. Trayectoria en la funci\u00f3n p\u00fablica, red pol\u00edtica e ingresos de campa\u00f1a.","breadcrumb":{"@id":"https:\/\/marthacifuentes.com\/portada\/alvaro-marino-candidato-camara-casanare-centro-democratico\/#breadcrumb"},"inLanguage":"es","potentialAction":[{"@type":"ReadAction","target":["https:\/\/marthacifuentes.com\/portada\/alvaro-marino-candidato-camara-casanare-centro-democratico\/"]}]},{"@type":"ImageObject","inLanguage":"es","@id":"https:\/\/marthacifuentes.com\/portada\/alvaro-marino-candidato-camara-casanare-centro-democratico\/#primaryimage","url":"https:\/\/marthacifuentes.com\/portada\/wp-content\/uploads\/2026\/03\/ALVARO-MARINO-NELSON-MARINO-Y-ALIRIO-BARRERA.jpg","contentUrl":"https:\/\/marthacifuentes.com\/portada\/wp-content\/uploads\/2026\/03\/ALVARO-MARINO-NELSON-MARINO-Y-ALIRIO-BARRERA.jpg","width":838,"height":408},{"@type":"BreadcrumbList","@id":"https:\/\/marthacifuentes.com\/portada\/alvaro-marino-candidato-camara-casanare-centro-democratico\/#breadcrumb","itemListElement":[{"@type":"ListItem","position":1,"name":"Portada","item":"https:\/\/marthacifuentes.com\/portada\/"},{"@type":"ListItem","position":2,"name":"\u00c1lvaro Mari\u00f1o: entre el uribista clan Barrera, la exdirectora de Corporinoquia y el cuestionado exgobernador Nelson Mari\u00f1o"}]},{"@type":"WebSite","@id":"https:\/\/marthacifuentes.com\/portada\/#website","url":"https:\/\/marthacifuentes.com\/portada\/","name":"\u25b7 Noticias de Casanare : Martha Cifuentes | Casanare","description":"Noticias &amp; Contenidos","potentialAction":[{"@type":"SearchAction","target":{"@type":"EntryPoint","urlTemplate":"https:\/\/marthacifuentes.com\/portada\/?s={search_term_string}"},"query-input":{"@type":"PropertyValueSpecification","valueRequired":true,"valueName":"search_term_string"}}],"inLanguage":"es"},{"@type":"Person","@id":"https:\/\/marthacifuentes.com\/portada\/#\/schema\/person\/57f53174b991db5f90ff78d58502b714","name":"Martha Cifuentes","image":{"@type":"ImageObject","inLanguage":"es","@id":"https:\/\/marthacifuentes.com\/portada\/#\/schema\/person\/image\/","url":"http:\/\/marthacifuentes.com\/portada\/wp-content\/uploads\/2018\/06\/avatar_user_2_1528838701-96x96.jpg","contentUrl":"http:\/\/marthacifuentes.com\/portada\/wp-content\/uploads\/2018\/06\/avatar_user_2_1528838701-96x96.jpg","caption":"Martha Cifuentes"},"sameAs":["http:\/\/www.marthacifuentes.com"],"url":"https:\/\/marthacifuentes.com\/portada\/author\/martha\/"}]}},"_links":{"self":[{"href":"https:\/\/marthacifuentes.com\/portada\/wp-json\/wp\/v2\/posts\/39783","targetHints":{"allow":["GET"]}}],"collection":[{"href":"https:\/\/marthacifuentes.com\/portada\/wp-json\/wp\/v2\/posts"}],"about":[{"href":"https:\/\/marthacifuentes.com\/portada\/wp-json\/wp\/v2\/types\/post"}],"author":[{"embeddable":true,"href":"https:\/\/marthacifuentes.com\/portada\/wp-json\/wp\/v2\/users\/2"}],"replies":[{"embeddable":true,"href":"https:\/\/marthacifuentes.com\/portada\/wp-json\/wp\/v2\/comments?post=39783"}],"version-history":[{"count":2,"href":"https:\/\/marthacifuentes.com\/portada\/wp-json\/wp\/v2\/posts\/39783\/revisions"}],"predecessor-version":[{"id":39792,"href":"https:\/\/marthacifuentes.com\/portada\/wp-json\/wp\/v2\/posts\/39783\/revisions\/39792"}],"wp:featuredmedia":[{"embeddable":true,"href":"https:\/\/marthacifuentes.com\/portada\/wp-json\/wp\/v2\/media\/39789"}],"wp:attachment":[{"href":"https:\/\/marthacifuentes.com\/portada\/wp-json\/wp\/v2\/media?parent=39783"}],"wp:term":[{"taxonomy":"category","embeddable":true,"href":"https:\/\/marthacifuentes.com\/portada\/wp-json\/wp\/v2\/categories?post=39783"},{"taxonomy":"post_tag","embeddable":true,"href":"https:\/\/marthacifuentes.com\/portada\/wp-json\/wp\/v2\/tags?post=39783"}],"curies":[{"name":"wp","href":"https:\/\/api.w.org\/{rel}","templated":true}]}}