{"id":39937,"date":"2026-04-08T18:02:23","date_gmt":"2026-04-08T23:02:23","guid":{"rendered":"https:\/\/marthacifuentes.com\/portada\/?p=39937"},"modified":"2026-04-08T18:02:24","modified_gmt":"2026-04-08T23:02:24","slug":"capresoca-crisis-suspension-interventora-salud","status":"publish","type":"post","link":"https:\/\/marthacifuentes.com\/portada\/capresoca-crisis-suspension-interventora-salud\/","title":{"rendered":"Capresoca en estado cr\u00edtico: Procuradur\u00eda suspende a interventora tras aumento de quejas y fallas en salud"},"content":{"rendered":"\n<h2 class=\"wp-block-heading\"><\/h2>\n\n\n\n<p>La Procuradur\u00eda General de la Naci\u00f3n suspendi\u00f3 provisionalmente por tres meses a la agente especial interventora de Capresoca EPS, Betty Cecilia Anaya Nieto.<\/p>\n\n\n\n<p>La medida se da en medio de un escenario que ya ven\u00eda generando preocupaci\u00f3n entre los usuarios: dificultades para acceder a citas, demoras en tratamientos y respuestas tard\u00edas del sistema.<\/p>\n\n\n\n<p>Lo que ahora entra en investigaci\u00f3n es si, durante la intervenci\u00f3n, estas condiciones no solo persistieron, sino que pudieron agravarse.<\/p>\n\n\n\n<p>Adem\u00e1s, el Ministerio P\u00fablico abri\u00f3 investigaci\u00f3n contra el exagente especial de la EPS, Yeferson Caicedo Pardo, por posible incumplimiento de los fines de la intervenci\u00f3n forzosa administrativa.<\/p>\n\n\n\n<hr class=\"wp-block-separator has-alpha-channel-opacity\"\/>\n\n\n\n<h2 class=\"wp-block-heading\"><strong>Una crisis que no empez\u00f3 ahora<\/strong><\/h2>\n\n\n\n<p>El caso de Capresoca no es reciente.<\/p>\n\n\n\n<p>Desde 2016, la entidad ha sido objeto de medidas preventivas por parte de los organismos de control, en un intento por corregir fallas estructurales en su funcionamiento.<\/p>\n\n\n\n<p>Sin embargo, estas medidas no lograron estabilizar la situaci\u00f3n.<\/p>\n\n\n\n<p>En octubre de 2024, la Superintendencia Nacional de Salud orden\u00f3 la intervenci\u00f3n forzosa administrativa, una decisi\u00f3n que, en teor\u00eda, buscaba recuperar la capacidad de la EPS para garantizar la atenci\u00f3n a sus usuarios.<\/p>\n\n\n\n<p>\u00bfLa intervenci\u00f3n logr\u00f3 corregir el rumbo o termin\u00f3 profundizando la crisis?<\/p>\n\n\n\n<hr class=\"wp-block-separator has-alpha-channel-opacity\"\/>\n\n\n\n<h2 class=\"wp-block-heading\"><strong>El dato que enciende las alarmas: 144% m\u00e1s quejas<\/strong><\/h2>\n\n\n\n<p>Uno de los indicadores m\u00e1s contundentes es el crecimiento de las Peticiones, Quejas y Reclamos (PQR).<\/p>\n\n\n\n<p>Seg\u00fan informes conocidos por la Procuradur\u00eda, estas han aumentado aproximadamente en un 144%.<\/p>\n\n\n\n<p>Detr\u00e1s de ese n\u00famero hay una realidad concreta:<\/p>\n\n\n\n<ul class=\"wp-block-list\">\n<li>usuarios que no acceden a servicios<\/li>\n\n\n\n<li>Tratamientos que no se autorizan a tiempo<\/li>\n\n\n\n<li>Un sistema que responde cada vez con m\u00e1s dificultad.<\/li>\n<\/ul>\n\n\n\n<hr class=\"wp-block-separator has-alpha-channel-opacity\"\/>\n\n\n\n<h2 class=\"wp-block-heading\"><strong>Barreras de acceso y deterioro financiero<\/strong><\/h2>\n\n\n\n<p>La investigaci\u00f3n disciplinaria tambi\u00e9n busca establecer si existe un deterioro en la prestaci\u00f3n del servicio y en la situaci\u00f3n financiera de la entidad.<\/p>\n\n\n\n<p>Entre los aspectos que est\u00e1n bajo revisi\u00f3n se encuentran:<\/p>\n\n\n\n<ul class=\"wp-block-list\">\n<li>El aumento en las barreras de acceso a la atenci\u00f3n en salud<\/li>\n\n\n\n<li>La disminuci\u00f3n en la capacidad de pago de la EPS<\/li>\n\n\n\n<li>El incremento en la siniestralidad en los balances financieros<\/li>\n\n\n\n<li>el aumento de acciones de tutela por fallas en la atenci\u00f3n<\/li>\n<\/ul>\n\n\n\n<p>Estos elementos configuran un escenario que va m\u00e1s all\u00e1 de problemas operativos puntuales y apunta a un desgaste estructural.<\/p>\n\n\n\n<hr class=\"wp-block-separator has-alpha-channel-opacity\"\/>\n\n\n\n<h2 class=\"wp-block-heading\"><strong>M\u00e1s de 170 mil usuarios en medio de la incertidumbre<\/strong><\/h2>\n\n\n\n<p>Capresoca EPS cuenta con aproximadamente 170 mil afiliados, principalmente en el departamento de Casanare.<\/p>\n\n\n\n<p>Detr\u00e1s de esa cifra hay pacientes que dependen del sistema para tratamientos continuos, controles m\u00e9dicos y acceso oportuno a servicios.<\/p>\n\n\n\n<p>Aunque el dato es regional, el fen\u00f3meno no es aislado. El aumento de tutelas, quejas y barreras de acceso se repite en distintas EPS del pa\u00eds, dentro de un sistema de salud que enfrenta tensiones crecientes en la prestaci\u00f3n del servicio.<\/p>\n\n\n\n<p>La investigaci\u00f3n de la Procuradur\u00eda busca establecer si hubo omisiones en el cumplimiento de los deberes por parte de los funcionarios y si la intervenci\u00f3n cumpli\u00f3 con su prop\u00f3sito de garantizar la atenci\u00f3n.<\/p>\n\n\n\n<hr class=\"wp-block-separator has-alpha-channel-opacity\"\/>\n\n\n\n<h2 class=\"wp-block-heading\"><strong>En el radar del Gobierno<\/strong><\/h2>\n\n\n\n<p>El caso de Capresoca tambi\u00e9n se cruza con un debate m\u00e1s amplio sobre el futuro del sistema de salud.<\/p>\n\n\n\n<p>La entidad ha sido mencionada dentro de las EPS que podr\u00edan entrar en procesos de liquidaci\u00f3n, en medio de las discusiones del Gobierno nacional sobre la reorganizaci\u00f3n del sistema.<\/p>\n\n\n\n<p>Aunque este escenario a\u00fan no es definitivo, s\u00ed refleja el nivel de fragilidad institucional en el que se encuentra la EPS.<\/p>\n","protected":false},"excerpt":{"rendered":"<p>La Procuradur\u00eda General de la Naci\u00f3n suspendi\u00f3 provisionalmente por tres meses a la agente especial interventora de Capresoca EPS, Betty Cecilia Anaya Nieto. La medida se da en medio de un escenario que ya ven\u00eda generando preocupaci\u00f3n entre los usuarios: dificultades para acceder a citas, demoras en tratamientos y respuestas tard\u00edas del sistema. Lo que &hellip;<\/p>\n","protected":false},"author":2,"featured_media":39938,"comment_status":"open","ping_status":"open","sticky":false,"template":"","format":"standard","meta":{"om_disable_all_campaigns":false,"_exactmetrics_skip_tracking":false,"_exactmetrics_sitenote_active":false,"_exactmetrics_sitenote_note":"","_exactmetrics_sitenote_category":0,"_monsterinsights_skip_tracking":false,"_monsterinsights_sitenote_active":false,"_monsterinsights_sitenote_note":"","_monsterinsights_sitenote_category":0,"_uf_show_specific_survey":0,"_uf_disable_surveys":false,"_joinchat":[],"footnotes":""},"categories":[147,146,145],"tags":[3496,15163,15162,15164,751,13535,1173,15166,15165],"class_list":["post-39937","post","type-post","status-publish","format-standard","has-post-thumbnail","hentry","category-actualidad","category-noticias","category-reportajes","tag-capresoca-eps","tag-crisis-salud","tag-eps-colombia","tag-intervencion-eps","tag-procuraduria","tag-sistema-de-salud","tag-supersalud","tag-tutelas","tag-usuarios-salud"],"yoast_head":"<!-- This site is optimized with the Yoast SEO plugin v26.1 - https:\/\/yoast.com\/wordpress\/plugins\/seo\/ -->\n<title>Capresoca en crisis: suspenden interventora por fallas en salud<\/title>\n<meta name=\"description\" content=\"Procuradur\u00eda suspendi\u00f3 a interventora de Capresoca. Aumento de 144% en quejas.\" \/>\n<meta name=\"robots\" content=\"index, follow, max-snippet:-1, max-image-preview:large, max-video-preview:-1\" \/>\n<link rel=\"canonical\" href=\"https:\/\/marthacifuentes.com\/portada\/capresoca-crisis-suspension-interventora-salud\/\" \/>\n<meta property=\"og:locale\" content=\"es_ES\" \/>\n<meta property=\"og:type\" content=\"article\" \/>\n<meta property=\"og:title\" content=\"Capresoca en estado cr\u00edtico: suspenden interventora por fallas en salud\" \/>\n<meta property=\"og:description\" content=\"La EPS arrastra crisis desde 2016. Tras su intervenci\u00f3n en 2024, aumentan las quejas y ahora la Procuradur\u00eda suspende a su interventora.\" \/>\n<meta property=\"og:url\" content=\"https:\/\/marthacifuentes.com\/portada\/capresoca-crisis-suspension-interventora-salud\/\" \/>\n<meta property=\"og:site_name\" content=\"\u25b7 Noticias de Casanare : Martha Cifuentes | Casanare\" \/>\n<meta property=\"article:published_time\" content=\"2026-04-08T23:02:23+00:00\" \/>\n<meta property=\"article:modified_time\" content=\"2026-04-08T23:02:24+00:00\" \/>\n<meta property=\"og:image\" content=\"https:\/\/marthacifuentes.com\/portada\/wp-content\/uploads\/2026\/04\/619131840_1572114221141895_6017041295862843859_n.jpg\" \/>\n\t<meta property=\"og:image:width\" content=\"2048\" \/>\n\t<meta property=\"og:image:height\" content=\"1536\" \/>\n\t<meta property=\"og:image:type\" content=\"image\/jpeg\" \/>\n<meta name=\"author\" content=\"Martha Cifuentes\" \/>\n<meta name=\"twitter:card\" content=\"summary_large_image\" \/>\n<meta name=\"twitter:title\" content=\"Capresoca en estado cr\u00edtico: suspenden interventora por fallas en salud\" \/>\n<meta name=\"twitter:description\" content=\"La EPS arrastra crisis desde 2016. Tras su intervenci\u00f3n en 2024, aumentan las quejas y ahora la Procuradur\u00eda suspende a su interventora.\" \/>\n<meta name=\"twitter:label1\" content=\"Escrito por\" \/>\n\t<meta name=\"twitter:data1\" content=\"Martha Cifuentes\" \/>\n\t<meta name=\"twitter:label2\" content=\"Tiempo de lectura\" \/>\n\t<meta name=\"twitter:data2\" content=\"3 minutos\" \/>\n<script type=\"application\/ld+json\" class=\"yoast-schema-graph\">{\"@context\":\"https:\/\/schema.org\",\"@graph\":[{\"@type\":\"WebPage\",\"@id\":\"https:\/\/marthacifuentes.com\/portada\/capresoca-crisis-suspension-interventora-salud\/\",\"url\":\"https:\/\/marthacifuentes.com\/portada\/capresoca-crisis-suspension-interventora-salud\/\",\"name\":\"Capresoca en crisis: suspenden interventora por fallas en salud\",\"isPartOf\":{\"@id\":\"https:\/\/marthacifuentes.com\/portada\/#website\"},\"primaryImageOfPage\":{\"@id\":\"https:\/\/marthacifuentes.com\/portada\/capresoca-crisis-suspension-interventora-salud\/#primaryimage\"},\"image\":{\"@id\":\"https:\/\/marthacifuentes.com\/portada\/capresoca-crisis-suspension-interventora-salud\/#primaryimage\"},\"thumbnailUrl\":\"https:\/\/marthacifuentes.com\/portada\/wp-content\/uploads\/2026\/04\/619131840_1572114221141895_6017041295862843859_n.jpg\",\"datePublished\":\"2026-04-08T23:02:23+00:00\",\"dateModified\":\"2026-04-08T23:02:24+00:00\",\"author\":{\"@id\":\"https:\/\/marthacifuentes.com\/portada\/#\/schema\/person\/57f53174b991db5f90ff78d58502b714\"},\"description\":\"Procuradur\u00eda suspendi\u00f3 a interventora de Capresoca. Aumento de 144% en quejas.\",\"breadcrumb\":{\"@id\":\"https:\/\/marthacifuentes.com\/portada\/capresoca-crisis-suspension-interventora-salud\/#breadcrumb\"},\"inLanguage\":\"es\",\"potentialAction\":[{\"@type\":\"ReadAction\",\"target\":[\"https:\/\/marthacifuentes.com\/portada\/capresoca-crisis-suspension-interventora-salud\/\"]}]},{\"@type\":\"ImageObject\",\"inLanguage\":\"es\",\"@id\":\"https:\/\/marthacifuentes.com\/portada\/capresoca-crisis-suspension-interventora-salud\/#primaryimage\",\"url\":\"https:\/\/marthacifuentes.com\/portada\/wp-content\/uploads\/2026\/04\/619131840_1572114221141895_6017041295862843859_n.jpg\",\"contentUrl\":\"https:\/\/marthacifuentes.com\/portada\/wp-content\/uploads\/2026\/04\/619131840_1572114221141895_6017041295862843859_n.jpg\",\"width\":2048,\"height\":1536},{\"@type\":\"BreadcrumbList\",\"@id\":\"https:\/\/marthacifuentes.com\/portada\/capresoca-crisis-suspension-interventora-salud\/#breadcrumb\",\"itemListElement\":[{\"@type\":\"ListItem\",\"position\":1,\"name\":\"Portada\",\"item\":\"https:\/\/marthacifuentes.com\/portada\/\"},{\"@type\":\"ListItem\",\"position\":2,\"name\":\"Capresoca en estado cr\u00edtico: Procuradur\u00eda suspende a interventora tras aumento de quejas y fallas en salud\"}]},{\"@type\":\"WebSite\",\"@id\":\"https:\/\/marthacifuentes.com\/portada\/#website\",\"url\":\"https:\/\/marthacifuentes.com\/portada\/\",\"name\":\"\u25b7 Noticias de Casanare : Martha Cifuentes | Casanare\",\"description\":\"Noticias &amp; Contenidos\",\"potentialAction\":[{\"@type\":\"SearchAction\",\"target\":{\"@type\":\"EntryPoint\",\"urlTemplate\":\"https:\/\/marthacifuentes.com\/portada\/?s={search_term_string}\"},\"query-input\":{\"@type\":\"PropertyValueSpecification\",\"valueRequired\":true,\"valueName\":\"search_term_string\"}}],\"inLanguage\":\"es\"},{\"@type\":\"Person\",\"@id\":\"https:\/\/marthacifuentes.com\/portada\/#\/schema\/person\/57f53174b991db5f90ff78d58502b714\",\"name\":\"Martha Cifuentes\",\"image\":{\"@type\":\"ImageObject\",\"inLanguage\":\"es\",\"@id\":\"https:\/\/marthacifuentes.com\/portada\/#\/schema\/person\/image\/\",\"url\":\"http:\/\/marthacifuentes.com\/portada\/wp-content\/uploads\/2018\/06\/avatar_user_2_1528838701-96x96.jpg\",\"contentUrl\":\"http:\/\/marthacifuentes.com\/portada\/wp-content\/uploads\/2018\/06\/avatar_user_2_1528838701-96x96.jpg\",\"caption\":\"Martha Cifuentes\"},\"sameAs\":[\"http:\/\/www.marthacifuentes.com\"],\"url\":\"https:\/\/marthacifuentes.com\/portada\/author\/martha\/\"}]}<\/script>\n<!-- \/ Yoast SEO plugin. -->","yoast_head_json":{"title":"Capresoca en crisis: suspenden interventora por fallas en salud","description":"Procuradur\u00eda suspendi\u00f3 a interventora de Capresoca. Aumento de 144% en quejas.","robots":{"index":"index","follow":"follow","max-snippet":"max-snippet:-1","max-image-preview":"max-image-preview:large","max-video-preview":"max-video-preview:-1"},"canonical":"https:\/\/marthacifuentes.com\/portada\/capresoca-crisis-suspension-interventora-salud\/","og_locale":"es_ES","og_type":"article","og_title":"Capresoca en estado cr\u00edtico: suspenden interventora por fallas en salud","og_description":"La EPS arrastra crisis desde 2016. Tras su intervenci\u00f3n en 2024, aumentan las quejas y ahora la Procuradur\u00eda suspende a su interventora.","og_url":"https:\/\/marthacifuentes.com\/portada\/capresoca-crisis-suspension-interventora-salud\/","og_site_name":"\u25b7 Noticias de Casanare : Martha Cifuentes | Casanare","article_published_time":"2026-04-08T23:02:23+00:00","article_modified_time":"2026-04-08T23:02:24+00:00","og_image":[{"width":2048,"height":1536,"url":"https:\/\/marthacifuentes.com\/portada\/wp-content\/uploads\/2026\/04\/619131840_1572114221141895_6017041295862843859_n.jpg","type":"image\/jpeg"}],"author":"Martha Cifuentes","twitter_card":"summary_large_image","twitter_title":"Capresoca en estado cr\u00edtico: suspenden interventora por fallas en salud","twitter_description":"La EPS arrastra crisis desde 2016. Tras su intervenci\u00f3n en 2024, aumentan las quejas y ahora la Procuradur\u00eda suspende a su interventora.","twitter_misc":{"Escrito por":"Martha Cifuentes","Tiempo de lectura":"3 minutos"},"schema":{"@context":"https:\/\/schema.org","@graph":[{"@type":"WebPage","@id":"https:\/\/marthacifuentes.com\/portada\/capresoca-crisis-suspension-interventora-salud\/","url":"https:\/\/marthacifuentes.com\/portada\/capresoca-crisis-suspension-interventora-salud\/","name":"Capresoca en crisis: suspenden interventora por fallas en salud","isPartOf":{"@id":"https:\/\/marthacifuentes.com\/portada\/#website"},"primaryImageOfPage":{"@id":"https:\/\/marthacifuentes.com\/portada\/capresoca-crisis-suspension-interventora-salud\/#primaryimage"},"image":{"@id":"https:\/\/marthacifuentes.com\/portada\/capresoca-crisis-suspension-interventora-salud\/#primaryimage"},"thumbnailUrl":"https:\/\/marthacifuentes.com\/portada\/wp-content\/uploads\/2026\/04\/619131840_1572114221141895_6017041295862843859_n.jpg","datePublished":"2026-04-08T23:02:23+00:00","dateModified":"2026-04-08T23:02:24+00:00","author":{"@id":"https:\/\/marthacifuentes.com\/portada\/#\/schema\/person\/57f53174b991db5f90ff78d58502b714"},"description":"Procuradur\u00eda suspendi\u00f3 a interventora de Capresoca. Aumento de 144% en quejas.","breadcrumb":{"@id":"https:\/\/marthacifuentes.com\/portada\/capresoca-crisis-suspension-interventora-salud\/#breadcrumb"},"inLanguage":"es","potentialAction":[{"@type":"ReadAction","target":["https:\/\/marthacifuentes.com\/portada\/capresoca-crisis-suspension-interventora-salud\/"]}]},{"@type":"ImageObject","inLanguage":"es","@id":"https:\/\/marthacifuentes.com\/portada\/capresoca-crisis-suspension-interventora-salud\/#primaryimage","url":"https:\/\/marthacifuentes.com\/portada\/wp-content\/uploads\/2026\/04\/619131840_1572114221141895_6017041295862843859_n.jpg","contentUrl":"https:\/\/marthacifuentes.com\/portada\/wp-content\/uploads\/2026\/04\/619131840_1572114221141895_6017041295862843859_n.jpg","width":2048,"height":1536},{"@type":"BreadcrumbList","@id":"https:\/\/marthacifuentes.com\/portada\/capresoca-crisis-suspension-interventora-salud\/#breadcrumb","itemListElement":[{"@type":"ListItem","position":1,"name":"Portada","item":"https:\/\/marthacifuentes.com\/portada\/"},{"@type":"ListItem","position":2,"name":"Capresoca en estado cr\u00edtico: Procuradur\u00eda suspende a interventora tras aumento de quejas y fallas en salud"}]},{"@type":"WebSite","@id":"https:\/\/marthacifuentes.com\/portada\/#website","url":"https:\/\/marthacifuentes.com\/portada\/","name":"\u25b7 Noticias de Casanare : Martha Cifuentes | Casanare","description":"Noticias &amp; Contenidos","potentialAction":[{"@type":"SearchAction","target":{"@type":"EntryPoint","urlTemplate":"https:\/\/marthacifuentes.com\/portada\/?s={search_term_string}"},"query-input":{"@type":"PropertyValueSpecification","valueRequired":true,"valueName":"search_term_string"}}],"inLanguage":"es"},{"@type":"Person","@id":"https:\/\/marthacifuentes.com\/portada\/#\/schema\/person\/57f53174b991db5f90ff78d58502b714","name":"Martha Cifuentes","image":{"@type":"ImageObject","inLanguage":"es","@id":"https:\/\/marthacifuentes.com\/portada\/#\/schema\/person\/image\/","url":"http:\/\/marthacifuentes.com\/portada\/wp-content\/uploads\/2018\/06\/avatar_user_2_1528838701-96x96.jpg","contentUrl":"http:\/\/marthacifuentes.com\/portada\/wp-content\/uploads\/2018\/06\/avatar_user_2_1528838701-96x96.jpg","caption":"Martha Cifuentes"},"sameAs":["http:\/\/www.marthacifuentes.com"],"url":"https:\/\/marthacifuentes.com\/portada\/author\/martha\/"}]}},"_links":{"self":[{"href":"https:\/\/marthacifuentes.com\/portada\/wp-json\/wp\/v2\/posts\/39937","targetHints":{"allow":["GET"]}}],"collection":[{"href":"https:\/\/marthacifuentes.com\/portada\/wp-json\/wp\/v2\/posts"}],"about":[{"href":"https:\/\/marthacifuentes.com\/portada\/wp-json\/wp\/v2\/types\/post"}],"author":[{"embeddable":true,"href":"https:\/\/marthacifuentes.com\/portada\/wp-json\/wp\/v2\/users\/2"}],"replies":[{"embeddable":true,"href":"https:\/\/marthacifuentes.com\/portada\/wp-json\/wp\/v2\/comments?post=39937"}],"version-history":[{"count":3,"href":"https:\/\/marthacifuentes.com\/portada\/wp-json\/wp\/v2\/posts\/39937\/revisions"}],"predecessor-version":[{"id":39941,"href":"https:\/\/marthacifuentes.com\/portada\/wp-json\/wp\/v2\/posts\/39937\/revisions\/39941"}],"wp:featuredmedia":[{"embeddable":true,"href":"https:\/\/marthacifuentes.com\/portada\/wp-json\/wp\/v2\/media\/39938"}],"wp:attachment":[{"href":"https:\/\/marthacifuentes.com\/portada\/wp-json\/wp\/v2\/media?parent=39937"}],"wp:term":[{"taxonomy":"category","embeddable":true,"href":"https:\/\/marthacifuentes.com\/portada\/wp-json\/wp\/v2\/categories?post=39937"},{"taxonomy":"post_tag","embeddable":true,"href":"https:\/\/marthacifuentes.com\/portada\/wp-json\/wp\/v2\/tags?post=39937"}],"curies":[{"name":"wp","href":"https:\/\/api.w.org\/{rel}","templated":true}]}}