{"id":40102,"date":"2026-04-24T20:40:29","date_gmt":"2026-04-25T01:40:29","guid":{"rendered":"https:\/\/marthacifuentes.com\/portada\/?p=40102"},"modified":"2026-04-24T20:41:18","modified_gmt":"2026-04-25T01:41:18","slug":"jueces-agrarios-colombia-demanda-felipe-harman","status":"publish","type":"post","link":"https:\/\/marthacifuentes.com\/portada\/jueces-agrarios-colombia-demanda-felipe-harman\/","title":{"rendered":"Hist\u00f3rico: Habr\u00e1 jueces especiales para resolver problemas de tierras en Colombia. Demanda de director de ANT, Felipe Harman, fue clave."},"content":{"rendered":"\n<p>En Colombia, muchos problemas del campo \u2014peleas por tierras, falta de t\u00edtulos o conflictos entre vecinos\u2014 duran a\u00f1os sin soluci\u00f3n. Pero esto podr\u00eda empezar a cambiar.<\/p>\n\n\n\n<p>La Corte Constitucional tom\u00f3 una decisi\u00f3n clave tras una demanda presentada por el director de la Agencia Nacional de Tierras (ANT), Felipe Harman: orden\u00f3 que desde el a\u00f1o 2027 se creen juzgados especiales para atender conflictos del campo.<\/p>\n\n\n\n<h3 class=\"wp-block-heading\"><strong>Jueces especializados para el campo<\/strong><\/h3>\n\n\n\n<p>Esto significa que el pa\u00eds tendr\u00e1 jueces dedicados \u00fanicamente a resolver problemas agrarios, algo que durante a\u00f1os han reclamado campesinos y comunidades rurales.<\/p>\n\n\n\n<p>Hoy, muchos procesos relacionados con tierras pueden tardar a\u00f1os. Entre los m\u00e1s comunes est\u00e1n:<br>qui\u00e9n es el due\u00f1o de un predio, conflictos por linderos, disputas por herencias o casos de v\u00edctimas del conflicto.<\/p>\n\n\n\n<p>Con esta decisi\u00f3n, la idea es que los casos se resuelvan m\u00e1s r\u00e1pido y con mayor conocimiento de la realidad rural.<\/p>\n\n\n\n<h3 class=\"wp-block-heading\"><strong>La Corte tambi\u00e9n presiona al Congreso<\/strong><\/h3>\n\n\n\n<p>Adem\u00e1s de ordenar la creaci\u00f3n de estos juzgados, la Corte hizo un llamado directo al Congreso de la Rep\u00fablica para que apruebe, con urgencia, la ley que permita que esta jurisdicci\u00f3n funcione en la pr\u00e1ctica.<\/p>\n\n\n\n<p>Esta ley es necesaria para cumplir con lo establecido en el Acto Legislativo 03 de 2023, que cre\u00f3 las bases de la justicia agraria en Colombia.<\/p>\n\n\n\n<p>En otras palabras, ya existe la decisi\u00f3n judicial, pero falta que el Congreso defina las reglas claras para que el sistema empiece a operar completamente.<\/p>\n\n\n\n<h3 class=\"wp-block-heading\"><strong>Un cambio de fondo en la justicia rural<\/strong><\/h3>\n\n\n\n<p>Esta decisi\u00f3n apunta a resolver uno de los problemas hist\u00f3ricos del pa\u00eds: los conflictos por la tierra.<\/p>\n\n\n\n<p>La falta de una justicia especializada ha hecho que miles de casos se acumulen sin soluci\u00f3n, afectando principalmente a campesinos, v\u00edctimas del conflicto y comunidades rurales.<\/p>\n\n\n\n<p>Con la creaci\u00f3n de estos juzgados, el Estado busca dar mayor seguridad sobre la propiedad de la tierra, reducir conflictos prolongados y avanzar en la reforma agraria.<\/p>\n\n\n\n<p>Colombia empieza a construir una justicia pensada para el campo, donde los campesinos puedan acceder a soluciones m\u00e1s r\u00e1pidas y efectivas.<\/p>\n\n\n\n<figure class=\"wp-block-video\"><video controls src=\"https:\/\/marthacifuentes.com\/portada\/wp-content\/uploads\/2026\/04\/WhatsApp-Video-2026-04-23-at-6.01.16-PM.mp4\"><\/video><\/figure>\n","protected":false},"excerpt":{"rendered":"<p>En Colombia, muchos problemas del campo \u2014peleas por tierras, falta de t\u00edtulos o conflictos entre vecinos\u2014 duran a\u00f1os sin soluci\u00f3n. Pero esto podr\u00eda empezar a cambiar. La Corte Constitucional tom\u00f3 una decisi\u00f3n clave tras una demanda presentada por el director de la Agencia Nacional de Tierras (ANT), Felipe Harman: orden\u00f3 que desde el a\u00f1o 2027 &hellip;<\/p>\n","protected":false},"author":2,"featured_media":40105,"comment_status":"open","ping_status":"open","sticky":false,"template":"","format":"standard","meta":{"om_disable_all_campaigns":false,"_exactmetrics_skip_tracking":false,"_exactmetrics_sitenote_active":false,"_exactmetrics_sitenote_note":"","_exactmetrics_sitenote_category":0,"_monsterinsights_skip_tracking":false,"_monsterinsights_sitenote_active":false,"_monsterinsights_sitenote_note":"","_monsterinsights_sitenote_category":0,"_uf_show_specific_survey":0,"_uf_disable_surveys":false,"_joinchat":[],"footnotes":""},"categories":[147,146,145],"tags":[485,12892,15190,15105,1518,14132,15024,10240,14816],"class_list":["post-40102","post","type-post","status-publish","format-standard","has-post-thumbnail","hentry","category-actualidad","category-noticias","category-reportajes","tag-agencia-nacional-de-tierras","tag-campesinos","tag-colombia-rural","tag-congreso-de-la-republica-2","tag-corte-constitucional","tag-felipe-harman","tag-justicia-agraria","tag-reforma-agraria","tag-tierras"],"yoast_head":"<!-- This site is optimized with the Yoast SEO plugin v26.1 - https:\/\/yoast.com\/wordpress\/plugins\/seo\/ -->\n<title>Corte ordena jueces agrarios en Colombia tras demanda de Felipe Harman<\/title>\n<meta name=\"description\" content=\"La Corte Constitucional orden\u00f3 crear jueces agrarios desde 2027 tras demanda del director de la ANT, Felipe Harman, y pidi\u00f3 al Congreso reglamentar la justicia rural.\" \/>\n<meta name=\"robots\" content=\"index, follow, max-snippet:-1, max-image-preview:large, max-video-preview:-1\" \/>\n<link rel=\"canonical\" href=\"https:\/\/marthacifuentes.com\/portada\/jueces-agrarios-colombia-demanda-felipe-harman\/\" \/>\n<meta property=\"og:locale\" content=\"es_ES\" \/>\n<meta property=\"og:type\" content=\"article\" \/>\n<meta property=\"og:title\" content=\"Corte ordena jueces agrarios en Colombia tras demanda de Felipe Harman\" \/>\n<meta property=\"og:description\" content=\"Decisi\u00f3n hist\u00f3rica: habr\u00e1 jueces para resolver conflictos de tierras y el Congreso deber\u00e1 reglamentar la justicia del campo.\" \/>\n<meta property=\"og:url\" content=\"https:\/\/marthacifuentes.com\/portada\/jueces-agrarios-colombia-demanda-felipe-harman\/\" \/>\n<meta property=\"og:site_name\" content=\"\u25b7 Noticias de Casanare : Martha Cifuentes | Casanare\" \/>\n<meta property=\"article:published_time\" content=\"2026-04-25T01:40:29+00:00\" \/>\n<meta property=\"article:modified_time\" content=\"2026-04-25T01:41:18+00:00\" \/>\n<meta property=\"og:image\" content=\"https:\/\/marthacifuentes.com\/portada\/wp-content\/uploads\/2026\/04\/WhatsApp-Image-2026-04-23-at-6.01.16-PM.jpeg\" \/>\n\t<meta property=\"og:image:width\" content=\"1600\" \/>\n\t<meta property=\"og:image:height\" content=\"1066\" \/>\n\t<meta property=\"og:image:type\" content=\"image\/jpeg\" \/>\n<meta name=\"author\" content=\"Martha Cifuentes\" \/>\n<meta name=\"twitter:card\" content=\"summary_large_image\" \/>\n<meta name=\"twitter:title\" content=\"Corte ordena jueces agrarios en Colombia tras demanda de Felipe Harman\" \/>\n<meta name=\"twitter:description\" content=\"Decisi\u00f3n hist\u00f3rica: habr\u00e1 jueces para resolver conflictos de tierras y el Congreso deber\u00e1 reglamentar la justicia del campo.\" \/>\n<meta name=\"twitter:label1\" content=\"Escrito por\" \/>\n\t<meta name=\"twitter:data1\" content=\"Martha Cifuentes\" \/>\n\t<meta name=\"twitter:label2\" content=\"Tiempo de lectura\" \/>\n\t<meta name=\"twitter:data2\" content=\"2 minutos\" \/>\n<script type=\"application\/ld+json\" class=\"yoast-schema-graph\">{\"@context\":\"https:\/\/schema.org\",\"@graph\":[{\"@type\":\"WebPage\",\"@id\":\"https:\/\/marthacifuentes.com\/portada\/jueces-agrarios-colombia-demanda-felipe-harman\/\",\"url\":\"https:\/\/marthacifuentes.com\/portada\/jueces-agrarios-colombia-demanda-felipe-harman\/\",\"name\":\"Corte ordena jueces agrarios en Colombia tras demanda de Felipe Harman\",\"isPartOf\":{\"@id\":\"https:\/\/marthacifuentes.com\/portada\/#website\"},\"primaryImageOfPage\":{\"@id\":\"https:\/\/marthacifuentes.com\/portada\/jueces-agrarios-colombia-demanda-felipe-harman\/#primaryimage\"},\"image\":{\"@id\":\"https:\/\/marthacifuentes.com\/portada\/jueces-agrarios-colombia-demanda-felipe-harman\/#primaryimage\"},\"thumbnailUrl\":\"https:\/\/marthacifuentes.com\/portada\/wp-content\/uploads\/2026\/04\/WhatsApp-Image-2026-04-23-at-6.01.16-PM.jpeg\",\"datePublished\":\"2026-04-25T01:40:29+00:00\",\"dateModified\":\"2026-04-25T01:41:18+00:00\",\"author\":{\"@id\":\"https:\/\/marthacifuentes.com\/portada\/#\/schema\/person\/57f53174b991db5f90ff78d58502b714\"},\"description\":\"La Corte Constitucional orden\u00f3 crear jueces agrarios desde 2027 tras demanda del director de la ANT, Felipe Harman, y pidi\u00f3 al Congreso reglamentar la justicia rural.\",\"breadcrumb\":{\"@id\":\"https:\/\/marthacifuentes.com\/portada\/jueces-agrarios-colombia-demanda-felipe-harman\/#breadcrumb\"},\"inLanguage\":\"es\",\"potentialAction\":[{\"@type\":\"ReadAction\",\"target\":[\"https:\/\/marthacifuentes.com\/portada\/jueces-agrarios-colombia-demanda-felipe-harman\/\"]}]},{\"@type\":\"ImageObject\",\"inLanguage\":\"es\",\"@id\":\"https:\/\/marthacifuentes.com\/portada\/jueces-agrarios-colombia-demanda-felipe-harman\/#primaryimage\",\"url\":\"https:\/\/marthacifuentes.com\/portada\/wp-content\/uploads\/2026\/04\/WhatsApp-Image-2026-04-23-at-6.01.16-PM.jpeg\",\"contentUrl\":\"https:\/\/marthacifuentes.com\/portada\/wp-content\/uploads\/2026\/04\/WhatsApp-Image-2026-04-23-at-6.01.16-PM.jpeg\",\"width\":1600,\"height\":1066},{\"@type\":\"BreadcrumbList\",\"@id\":\"https:\/\/marthacifuentes.com\/portada\/jueces-agrarios-colombia-demanda-felipe-harman\/#breadcrumb\",\"itemListElement\":[{\"@type\":\"ListItem\",\"position\":1,\"name\":\"Portada\",\"item\":\"https:\/\/marthacifuentes.com\/portada\/\"},{\"@type\":\"ListItem\",\"position\":2,\"name\":\"Hist\u00f3rico: Habr\u00e1 jueces especiales para resolver problemas de tierras en Colombia. Demanda de director de ANT, Felipe Harman, fue clave.\"}]},{\"@type\":\"WebSite\",\"@id\":\"https:\/\/marthacifuentes.com\/portada\/#website\",\"url\":\"https:\/\/marthacifuentes.com\/portada\/\",\"name\":\"\u25b7 Noticias de Casanare : Martha Cifuentes | Casanare\",\"description\":\"Noticias &amp; Contenidos\",\"potentialAction\":[{\"@type\":\"SearchAction\",\"target\":{\"@type\":\"EntryPoint\",\"urlTemplate\":\"https:\/\/marthacifuentes.com\/portada\/?s={search_term_string}\"},\"query-input\":{\"@type\":\"PropertyValueSpecification\",\"valueRequired\":true,\"valueName\":\"search_term_string\"}}],\"inLanguage\":\"es\"},{\"@type\":\"Person\",\"@id\":\"https:\/\/marthacifuentes.com\/portada\/#\/schema\/person\/57f53174b991db5f90ff78d58502b714\",\"name\":\"Martha Cifuentes\",\"image\":{\"@type\":\"ImageObject\",\"inLanguage\":\"es\",\"@id\":\"https:\/\/marthacifuentes.com\/portada\/#\/schema\/person\/image\/\",\"url\":\"http:\/\/marthacifuentes.com\/portada\/wp-content\/uploads\/2018\/06\/avatar_user_2_1528838701-96x96.jpg\",\"contentUrl\":\"http:\/\/marthacifuentes.com\/portada\/wp-content\/uploads\/2018\/06\/avatar_user_2_1528838701-96x96.jpg\",\"caption\":\"Martha Cifuentes\"},\"sameAs\":[\"http:\/\/www.marthacifuentes.com\"],\"url\":\"https:\/\/marthacifuentes.com\/portada\/author\/martha\/\"}]}<\/script>\n<!-- \/ Yoast SEO plugin. -->","yoast_head_json":{"title":"Corte ordena jueces agrarios en Colombia tras demanda de Felipe Harman","description":"La Corte Constitucional orden\u00f3 crear jueces agrarios desde 2027 tras demanda del director de la ANT, Felipe Harman, y pidi\u00f3 al Congreso reglamentar la justicia rural.","robots":{"index":"index","follow":"follow","max-snippet":"max-snippet:-1","max-image-preview":"max-image-preview:large","max-video-preview":"max-video-preview:-1"},"canonical":"https:\/\/marthacifuentes.com\/portada\/jueces-agrarios-colombia-demanda-felipe-harman\/","og_locale":"es_ES","og_type":"article","og_title":"Corte ordena jueces agrarios en Colombia tras demanda de Felipe Harman","og_description":"Decisi\u00f3n hist\u00f3rica: habr\u00e1 jueces para resolver conflictos de tierras y el Congreso deber\u00e1 reglamentar la justicia del campo.","og_url":"https:\/\/marthacifuentes.com\/portada\/jueces-agrarios-colombia-demanda-felipe-harman\/","og_site_name":"\u25b7 Noticias de Casanare : Martha Cifuentes | Casanare","article_published_time":"2026-04-25T01:40:29+00:00","article_modified_time":"2026-04-25T01:41:18+00:00","og_image":[{"width":1600,"height":1066,"url":"https:\/\/marthacifuentes.com\/portada\/wp-content\/uploads\/2026\/04\/WhatsApp-Image-2026-04-23-at-6.01.16-PM.jpeg","type":"image\/jpeg"}],"author":"Martha Cifuentes","twitter_card":"summary_large_image","twitter_title":"Corte ordena jueces agrarios en Colombia tras demanda de Felipe Harman","twitter_description":"Decisi\u00f3n hist\u00f3rica: habr\u00e1 jueces para resolver conflictos de tierras y el Congreso deber\u00e1 reglamentar la justicia del campo.","twitter_misc":{"Escrito por":"Martha Cifuentes","Tiempo de lectura":"2 minutos"},"schema":{"@context":"https:\/\/schema.org","@graph":[{"@type":"WebPage","@id":"https:\/\/marthacifuentes.com\/portada\/jueces-agrarios-colombia-demanda-felipe-harman\/","url":"https:\/\/marthacifuentes.com\/portada\/jueces-agrarios-colombia-demanda-felipe-harman\/","name":"Corte ordena jueces agrarios en Colombia tras demanda de Felipe Harman","isPartOf":{"@id":"https:\/\/marthacifuentes.com\/portada\/#website"},"primaryImageOfPage":{"@id":"https:\/\/marthacifuentes.com\/portada\/jueces-agrarios-colombia-demanda-felipe-harman\/#primaryimage"},"image":{"@id":"https:\/\/marthacifuentes.com\/portada\/jueces-agrarios-colombia-demanda-felipe-harman\/#primaryimage"},"thumbnailUrl":"https:\/\/marthacifuentes.com\/portada\/wp-content\/uploads\/2026\/04\/WhatsApp-Image-2026-04-23-at-6.01.16-PM.jpeg","datePublished":"2026-04-25T01:40:29+00:00","dateModified":"2026-04-25T01:41:18+00:00","author":{"@id":"https:\/\/marthacifuentes.com\/portada\/#\/schema\/person\/57f53174b991db5f90ff78d58502b714"},"description":"La Corte Constitucional orden\u00f3 crear jueces agrarios desde 2027 tras demanda del director de la ANT, Felipe Harman, y pidi\u00f3 al Congreso reglamentar la justicia rural.","breadcrumb":{"@id":"https:\/\/marthacifuentes.com\/portada\/jueces-agrarios-colombia-demanda-felipe-harman\/#breadcrumb"},"inLanguage":"es","potentialAction":[{"@type":"ReadAction","target":["https:\/\/marthacifuentes.com\/portada\/jueces-agrarios-colombia-demanda-felipe-harman\/"]}]},{"@type":"ImageObject","inLanguage":"es","@id":"https:\/\/marthacifuentes.com\/portada\/jueces-agrarios-colombia-demanda-felipe-harman\/#primaryimage","url":"https:\/\/marthacifuentes.com\/portada\/wp-content\/uploads\/2026\/04\/WhatsApp-Image-2026-04-23-at-6.01.16-PM.jpeg","contentUrl":"https:\/\/marthacifuentes.com\/portada\/wp-content\/uploads\/2026\/04\/WhatsApp-Image-2026-04-23-at-6.01.16-PM.jpeg","width":1600,"height":1066},{"@type":"BreadcrumbList","@id":"https:\/\/marthacifuentes.com\/portada\/jueces-agrarios-colombia-demanda-felipe-harman\/#breadcrumb","itemListElement":[{"@type":"ListItem","position":1,"name":"Portada","item":"https:\/\/marthacifuentes.com\/portada\/"},{"@type":"ListItem","position":2,"name":"Hist\u00f3rico: Habr\u00e1 jueces especiales para resolver problemas de tierras en Colombia. Demanda de director de ANT, Felipe Harman, fue clave."}]},{"@type":"WebSite","@id":"https:\/\/marthacifuentes.com\/portada\/#website","url":"https:\/\/marthacifuentes.com\/portada\/","name":"\u25b7 Noticias de Casanare : Martha Cifuentes | Casanare","description":"Noticias &amp; Contenidos","potentialAction":[{"@type":"SearchAction","target":{"@type":"EntryPoint","urlTemplate":"https:\/\/marthacifuentes.com\/portada\/?s={search_term_string}"},"query-input":{"@type":"PropertyValueSpecification","valueRequired":true,"valueName":"search_term_string"}}],"inLanguage":"es"},{"@type":"Person","@id":"https:\/\/marthacifuentes.com\/portada\/#\/schema\/person\/57f53174b991db5f90ff78d58502b714","name":"Martha Cifuentes","image":{"@type":"ImageObject","inLanguage":"es","@id":"https:\/\/marthacifuentes.com\/portada\/#\/schema\/person\/image\/","url":"http:\/\/marthacifuentes.com\/portada\/wp-content\/uploads\/2018\/06\/avatar_user_2_1528838701-96x96.jpg","contentUrl":"http:\/\/marthacifuentes.com\/portada\/wp-content\/uploads\/2018\/06\/avatar_user_2_1528838701-96x96.jpg","caption":"Martha Cifuentes"},"sameAs":["http:\/\/www.marthacifuentes.com"],"url":"https:\/\/marthacifuentes.com\/portada\/author\/martha\/"}]}},"_links":{"self":[{"href":"https:\/\/marthacifuentes.com\/portada\/wp-json\/wp\/v2\/posts\/40102","targetHints":{"allow":["GET"]}}],"collection":[{"href":"https:\/\/marthacifuentes.com\/portada\/wp-json\/wp\/v2\/posts"}],"about":[{"href":"https:\/\/marthacifuentes.com\/portada\/wp-json\/wp\/v2\/types\/post"}],"author":[{"embeddable":true,"href":"https:\/\/marthacifuentes.com\/portada\/wp-json\/wp\/v2\/users\/2"}],"replies":[{"embeddable":true,"href":"https:\/\/marthacifuentes.com\/portada\/wp-json\/wp\/v2\/comments?post=40102"}],"version-history":[{"count":3,"href":"https:\/\/marthacifuentes.com\/portada\/wp-json\/wp\/v2\/posts\/40102\/revisions"}],"predecessor-version":[{"id":40108,"href":"https:\/\/marthacifuentes.com\/portada\/wp-json\/wp\/v2\/posts\/40102\/revisions\/40108"}],"wp:featuredmedia":[{"embeddable":true,"href":"https:\/\/marthacifuentes.com\/portada\/wp-json\/wp\/v2\/media\/40105"}],"wp:attachment":[{"href":"https:\/\/marthacifuentes.com\/portada\/wp-json\/wp\/v2\/media?parent=40102"}],"wp:term":[{"taxonomy":"category","embeddable":true,"href":"https:\/\/marthacifuentes.com\/portada\/wp-json\/wp\/v2\/categories?post=40102"},{"taxonomy":"post_tag","embeddable":true,"href":"https:\/\/marthacifuentes.com\/portada\/wp-json\/wp\/v2\/tags?post=40102"}],"curies":[{"name":"wp","href":"https:\/\/api.w.org\/{rel}","templated":true}]}}