{"id":40119,"date":"2026-04-26T20:27:16","date_gmt":"2026-04-27T01:27:16","guid":{"rendered":"https:\/\/marthacifuentes.com\/portada\/?p=40119"},"modified":"2026-04-26T20:29:00","modified_gmt":"2026-04-27T01:29:00","slug":"foro-gestion-comunitaria-agua-yopal","status":"publish","type":"post","link":"https:\/\/marthacifuentes.com\/portada\/foro-gestion-comunitaria-agua-yopal\/","title":{"rendered":"Comunidades buscan prestar el servicio de agua en Colombia: foro en Yopal este lunes 27 de abril"},"content":{"rendered":"\n<p>En medio de un debate nacional sobre el acceso al agua y su administraci\u00f3n, Yopal ser\u00e1 sede este 27 de abril de un foro sobre gesti\u00f3n comunitaria del agua. La cita es en el auditorio de Comfacasanare, frente al terminal de transportes, a partir de las 8 de la ma\u00f1ana.<\/p>\n\n\n\n<p>Este modelo que ha venido tomando fuerza en distintas regiones del pa\u00eds como alternativa frente a las fallas del sistema tradicional.<\/p>\n\n\n\n<p>El encuentro reunir\u00e1 a l\u00edderes sociales, organizaciones comunitarias y al senador Robert Daza, quien particip\u00f3 en la construcci\u00f3n del proyecto de ley recientemente aprobado en el Congreso de la Rep\u00fablica.<\/p>\n\n\n\n<h2 class=\"wp-block-heading\"><strong>Un modelo que surge desde las comunidades<\/strong><\/h2>\n\n\n\n<p>La gesti\u00f3n comunitaria del agua no es nueva. En muchas zonas rurales y urbanas del pa\u00eds, el acceso a servicios como acueducto, alcantarillado y saneamiento ha sido limitado. <\/p>\n\n\n\n<p>Por ello las propias comunidades han organizado sistemas para garantizar el suministro.<\/p>\n\n\n\n<p>Estos procesos han permitido que poblaciones hist\u00f3ricamente excluidas puedan acceder al agua mediante esquemas aut\u00f3nomos, basados en la organizaci\u00f3n colectiva y el trabajo comunitario.<\/p>\n\n\n\n<h2 class=\"wp-block-heading\"><strong>Entre la precariedad del servicio y el avance de la privatizaci\u00f3n<\/strong><\/h2>\n\n\n\n<p>El foro tambi\u00e9n pondr\u00e1 sobre la mesa una discusi\u00f3n de fondo: las dificultades estructurales en la prestaci\u00f3n de los servicios p\u00fablicos en Colombia.<\/p>\n\n\n\n<p>En regiones como Casanare, el crecimiento urbano desordenado, la falta de planificaci\u00f3n y los problemas de gesti\u00f3n han derivado en deficiencias en el acceso al agua. Esto ha abierto espacio a modelos de tercerizaci\u00f3n y participaci\u00f3n privada.<\/p>\n\n\n\n<p>Desde sectores sociales, esta situaci\u00f3n se interpreta como un proceso de mercantilizaci\u00f3n de un bien esencial.  Como consecuencia ha impulsado la organizaci\u00f3n comunitaria como forma de resistencia y soluci\u00f3n.<\/p>\n\n\n\n<p>Un ejemplo pat\u00e9tico es la Empresa de Acueducto, Alcantarillado y Aseo de Yopal. Durante los \u00faltimos 13 a\u00f1os ha sido intervenida por la Superintendencia de Servicios P\u00fablicos en dos oportunidades, por malos manejos administrativos y de corrupci\u00f3n.<\/p>\n\n\n\n<p>Esto ha afectado notablemente los servicios de agua, alcantarillado y aseo en la ciudad. <\/p>\n\n\n\n<h2 class=\"wp-block-heading\"><strong>De la movilizaci\u00f3n social a la ley<\/strong><\/h2>\n\n\n\n<p>Uno de los puntos centrales del foro ser\u00e1 la socializaci\u00f3n de la nueva Ley de Gesti\u00f3n Comunitaria del Agua, aprobada a finales de 2025 tras varios debates en el Congreso.<\/p>\n\n\n\n<p>Esta iniciativa busca reconocer y brindar garant\u00edas a las organizaciones comunitarias que gestionan el acceso al agua, un tema que ha sido bandera de m\u00faltiples movimientos sociales en el pa\u00eds.<\/p>\n\n\n\n<p>El senador Robert Daza, de origen campesino, fue uno de los impulsores de esta propuesta, que ahora entra en fase de implementaci\u00f3n.<\/p>\n\n\n\n<h2 class=\"wp-block-heading\"><strong>Convocatoria a la articulaci\u00f3n territorial<\/strong><\/h2>\n\n\n\n<p>El foro tambi\u00e9n busca avanzar en la creaci\u00f3n de una Red Departamental de Gesti\u00f3n Comunitaria del Agua, que permita articular experiencias locales y fortalecer la incidencia en escenarios institucionales.<\/p>\n\n\n\n<p>La invitaci\u00f3n ha sido extendida por organizaciones sociales vinculadas al Congreso de los Pueblos en Casanare. Se ve la oportunidad para debatir propuestas y consolidar procesos organizativos en torno al acceso a bienes colectivos.<\/p>\n","protected":false},"excerpt":{"rendered":"<p>En medio de un debate nacional sobre el acceso al agua y su administraci\u00f3n, Yopal ser\u00e1 sede este 27 de abril de un foro sobre gesti\u00f3n comunitaria del agua. La cita es en el auditorio de Comfacasanare, frente al terminal de transportes, a partir de las 8 de la ma\u00f1ana. Este modelo que ha venido &hellip;<\/p>\n","protected":false},"author":2,"featured_media":40120,"comment_status":"open","ping_status":"open","sticky":false,"template":"","format":"standard","meta":{"om_disable_all_campaigns":false,"_exactmetrics_skip_tracking":false,"_exactmetrics_sitenote_active":false,"_exactmetrics_sitenote_note":"","_exactmetrics_sitenote_category":0,"_monsterinsights_skip_tracking":false,"_monsterinsights_sitenote_active":false,"_monsterinsights_sitenote_note":"","_monsterinsights_sitenote_category":0,"_uf_show_specific_survey":0,"_uf_disable_surveys":false,"_joinchat":[],"footnotes":""},"categories":[147,146,145],"tags":[745,154,15195,15193,15194,1107,157],"class_list":["post-40119","post","type-post","status-publish","format-standard","has-post-thumbnail","hentry","category-actualidad","category-noticias","category-reportajes","tag-agua","tag-casanare","tag-foro","tag-gestion-comunitaria","tag-robert-daza","tag-servicios-publicos","tag-yopal"],"yoast_head":"<!-- This site is optimized with the Yoast SEO plugin v26.1 - https:\/\/yoast.com\/wordpress\/plugins\/seo\/ -->\n<title>Foro sobre gesti\u00f3n comunitaria del agua se realizar\u00e1 en Yopal<\/title>\n<meta name=\"description\" content=\"Yopal ser\u00e1 sede de un foro sobre gesti\u00f3n comunitaria del agua con participaci\u00f3n del senador Robert Daza y organizaciones sociales.\" \/>\n<meta name=\"robots\" content=\"index, follow, max-snippet:-1, max-image-preview:large, max-video-preview:-1\" \/>\n<link rel=\"canonical\" href=\"https:\/\/marthacifuentes.com\/portada\/foro-gestion-comunitaria-agua-yopal\/\" \/>\n<meta property=\"og:locale\" content=\"es_ES\" \/>\n<meta property=\"og:type\" content=\"article\" \/>\n<meta property=\"og:title\" content=\"Yopal ser\u00e1 sede de foro sobre gesti\u00f3n comunitaria del agua\" \/>\n<meta property=\"og:description\" content=\"L\u00edderes sociales y el senador Robert Daza participar\u00e1n en la socializaci\u00f3n de la nueva ley sobre gesti\u00f3n comunitaria del agua.\" \/>\n<meta property=\"og:url\" content=\"https:\/\/marthacifuentes.com\/portada\/foro-gestion-comunitaria-agua-yopal\/\" \/>\n<meta property=\"og:site_name\" content=\"\u25b7 Noticias de Casanare : Martha Cifuentes | Casanare\" \/>\n<meta property=\"article:published_time\" content=\"2026-04-27T01:27:16+00:00\" \/>\n<meta property=\"article:modified_time\" content=\"2026-04-27T01:29:00+00:00\" \/>\n<meta property=\"og:image\" content=\"https:\/\/marthacifuentes.com\/portada\/wp-content\/uploads\/2026\/04\/COMUNIDAD-ACUEDUCTO-ADMINISTRACION-CASANARE.png\" \/>\n\t<meta property=\"og:image:width\" content=\"528\" \/>\n\t<meta property=\"og:image:height\" content=\"288\" \/>\n\t<meta property=\"og:image:type\" content=\"image\/png\" \/>\n<meta name=\"author\" content=\"Martha Cifuentes\" \/>\n<meta name=\"twitter:card\" content=\"summary_large_image\" \/>\n<meta name=\"twitter:title\" content=\"Yopal ser\u00e1 sede de foro sobre gesti\u00f3n comunitaria del agua\" \/>\n<meta name=\"twitter:description\" content=\"L\u00edderes sociales y el senador Robert Daza participar\u00e1n en la socializaci\u00f3n de la nueva ley sobre gesti\u00f3n comunitaria del agua.\" \/>\n<meta name=\"twitter:label1\" content=\"Escrito por\" \/>\n\t<meta name=\"twitter:data1\" content=\"Martha Cifuentes\" \/>\n\t<meta name=\"twitter:label2\" content=\"Tiempo de lectura\" \/>\n\t<meta name=\"twitter:data2\" content=\"3 minutos\" \/>\n<script type=\"application\/ld+json\" class=\"yoast-schema-graph\">{\"@context\":\"https:\/\/schema.org\",\"@graph\":[{\"@type\":\"WebPage\",\"@id\":\"https:\/\/marthacifuentes.com\/portada\/foro-gestion-comunitaria-agua-yopal\/\",\"url\":\"https:\/\/marthacifuentes.com\/portada\/foro-gestion-comunitaria-agua-yopal\/\",\"name\":\"Foro sobre gesti\u00f3n comunitaria del agua se realizar\u00e1 en Yopal\",\"isPartOf\":{\"@id\":\"https:\/\/marthacifuentes.com\/portada\/#website\"},\"primaryImageOfPage\":{\"@id\":\"https:\/\/marthacifuentes.com\/portada\/foro-gestion-comunitaria-agua-yopal\/#primaryimage\"},\"image\":{\"@id\":\"https:\/\/marthacifuentes.com\/portada\/foro-gestion-comunitaria-agua-yopal\/#primaryimage\"},\"thumbnailUrl\":\"https:\/\/marthacifuentes.com\/portada\/wp-content\/uploads\/2026\/04\/COMUNIDAD-ACUEDUCTO-ADMINISTRACION-CASANARE.png\",\"datePublished\":\"2026-04-27T01:27:16+00:00\",\"dateModified\":\"2026-04-27T01:29:00+00:00\",\"author\":{\"@id\":\"https:\/\/marthacifuentes.com\/portada\/#\/schema\/person\/57f53174b991db5f90ff78d58502b714\"},\"description\":\"Yopal ser\u00e1 sede de un foro sobre gesti\u00f3n comunitaria del agua con participaci\u00f3n del senador Robert Daza y organizaciones sociales.\",\"breadcrumb\":{\"@id\":\"https:\/\/marthacifuentes.com\/portada\/foro-gestion-comunitaria-agua-yopal\/#breadcrumb\"},\"inLanguage\":\"es\",\"potentialAction\":[{\"@type\":\"ReadAction\",\"target\":[\"https:\/\/marthacifuentes.com\/portada\/foro-gestion-comunitaria-agua-yopal\/\"]}]},{\"@type\":\"ImageObject\",\"inLanguage\":\"es\",\"@id\":\"https:\/\/marthacifuentes.com\/portada\/foro-gestion-comunitaria-agua-yopal\/#primaryimage\",\"url\":\"https:\/\/marthacifuentes.com\/portada\/wp-content\/uploads\/2026\/04\/COMUNIDAD-ACUEDUCTO-ADMINISTRACION-CASANARE.png\",\"contentUrl\":\"https:\/\/marthacifuentes.com\/portada\/wp-content\/uploads\/2026\/04\/COMUNIDAD-ACUEDUCTO-ADMINISTRACION-CASANARE.png\",\"width\":528,\"height\":288},{\"@type\":\"BreadcrumbList\",\"@id\":\"https:\/\/marthacifuentes.com\/portada\/foro-gestion-comunitaria-agua-yopal\/#breadcrumb\",\"itemListElement\":[{\"@type\":\"ListItem\",\"position\":1,\"name\":\"Portada\",\"item\":\"https:\/\/marthacifuentes.com\/portada\/\"},{\"@type\":\"ListItem\",\"position\":2,\"name\":\"Comunidades buscan prestar el servicio de agua en Colombia: foro en Yopal este lunes 27 de abril\"}]},{\"@type\":\"WebSite\",\"@id\":\"https:\/\/marthacifuentes.com\/portada\/#website\",\"url\":\"https:\/\/marthacifuentes.com\/portada\/\",\"name\":\"\u25b7 Noticias de Casanare : Martha Cifuentes | Casanare\",\"description\":\"Noticias &amp; Contenidos\",\"potentialAction\":[{\"@type\":\"SearchAction\",\"target\":{\"@type\":\"EntryPoint\",\"urlTemplate\":\"https:\/\/marthacifuentes.com\/portada\/?s={search_term_string}\"},\"query-input\":{\"@type\":\"PropertyValueSpecification\",\"valueRequired\":true,\"valueName\":\"search_term_string\"}}],\"inLanguage\":\"es\"},{\"@type\":\"Person\",\"@id\":\"https:\/\/marthacifuentes.com\/portada\/#\/schema\/person\/57f53174b991db5f90ff78d58502b714\",\"name\":\"Martha Cifuentes\",\"image\":{\"@type\":\"ImageObject\",\"inLanguage\":\"es\",\"@id\":\"https:\/\/marthacifuentes.com\/portada\/#\/schema\/person\/image\/\",\"url\":\"http:\/\/marthacifuentes.com\/portada\/wp-content\/uploads\/2018\/06\/avatar_user_2_1528838701-96x96.jpg\",\"contentUrl\":\"http:\/\/marthacifuentes.com\/portada\/wp-content\/uploads\/2018\/06\/avatar_user_2_1528838701-96x96.jpg\",\"caption\":\"Martha Cifuentes\"},\"sameAs\":[\"http:\/\/www.marthacifuentes.com\"],\"url\":\"https:\/\/marthacifuentes.com\/portada\/author\/martha\/\"}]}<\/script>\n<!-- \/ Yoast SEO plugin. -->","yoast_head_json":{"title":"Foro sobre gesti\u00f3n comunitaria del agua se realizar\u00e1 en Yopal","description":"Yopal ser\u00e1 sede de un foro sobre gesti\u00f3n comunitaria del agua con participaci\u00f3n del senador Robert Daza y organizaciones sociales.","robots":{"index":"index","follow":"follow","max-snippet":"max-snippet:-1","max-image-preview":"max-image-preview:large","max-video-preview":"max-video-preview:-1"},"canonical":"https:\/\/marthacifuentes.com\/portada\/foro-gestion-comunitaria-agua-yopal\/","og_locale":"es_ES","og_type":"article","og_title":"Yopal ser\u00e1 sede de foro sobre gesti\u00f3n comunitaria del agua","og_description":"L\u00edderes sociales y el senador Robert Daza participar\u00e1n en la socializaci\u00f3n de la nueva ley sobre gesti\u00f3n comunitaria del agua.","og_url":"https:\/\/marthacifuentes.com\/portada\/foro-gestion-comunitaria-agua-yopal\/","og_site_name":"\u25b7 Noticias de Casanare : Martha Cifuentes | Casanare","article_published_time":"2026-04-27T01:27:16+00:00","article_modified_time":"2026-04-27T01:29:00+00:00","og_image":[{"width":528,"height":288,"url":"https:\/\/marthacifuentes.com\/portada\/wp-content\/uploads\/2026\/04\/COMUNIDAD-ACUEDUCTO-ADMINISTRACION-CASANARE.png","type":"image\/png"}],"author":"Martha Cifuentes","twitter_card":"summary_large_image","twitter_title":"Yopal ser\u00e1 sede de foro sobre gesti\u00f3n comunitaria del agua","twitter_description":"L\u00edderes sociales y el senador Robert Daza participar\u00e1n en la socializaci\u00f3n de la nueva ley sobre gesti\u00f3n comunitaria del agua.","twitter_misc":{"Escrito por":"Martha Cifuentes","Tiempo de lectura":"3 minutos"},"schema":{"@context":"https:\/\/schema.org","@graph":[{"@type":"WebPage","@id":"https:\/\/marthacifuentes.com\/portada\/foro-gestion-comunitaria-agua-yopal\/","url":"https:\/\/marthacifuentes.com\/portada\/foro-gestion-comunitaria-agua-yopal\/","name":"Foro sobre gesti\u00f3n comunitaria del agua se realizar\u00e1 en Yopal","isPartOf":{"@id":"https:\/\/marthacifuentes.com\/portada\/#website"},"primaryImageOfPage":{"@id":"https:\/\/marthacifuentes.com\/portada\/foro-gestion-comunitaria-agua-yopal\/#primaryimage"},"image":{"@id":"https:\/\/marthacifuentes.com\/portada\/foro-gestion-comunitaria-agua-yopal\/#primaryimage"},"thumbnailUrl":"https:\/\/marthacifuentes.com\/portada\/wp-content\/uploads\/2026\/04\/COMUNIDAD-ACUEDUCTO-ADMINISTRACION-CASANARE.png","datePublished":"2026-04-27T01:27:16+00:00","dateModified":"2026-04-27T01:29:00+00:00","author":{"@id":"https:\/\/marthacifuentes.com\/portada\/#\/schema\/person\/57f53174b991db5f90ff78d58502b714"},"description":"Yopal ser\u00e1 sede de un foro sobre gesti\u00f3n comunitaria del agua con participaci\u00f3n del senador Robert Daza y organizaciones sociales.","breadcrumb":{"@id":"https:\/\/marthacifuentes.com\/portada\/foro-gestion-comunitaria-agua-yopal\/#breadcrumb"},"inLanguage":"es","potentialAction":[{"@type":"ReadAction","target":["https:\/\/marthacifuentes.com\/portada\/foro-gestion-comunitaria-agua-yopal\/"]}]},{"@type":"ImageObject","inLanguage":"es","@id":"https:\/\/marthacifuentes.com\/portada\/foro-gestion-comunitaria-agua-yopal\/#primaryimage","url":"https:\/\/marthacifuentes.com\/portada\/wp-content\/uploads\/2026\/04\/COMUNIDAD-ACUEDUCTO-ADMINISTRACION-CASANARE.png","contentUrl":"https:\/\/marthacifuentes.com\/portada\/wp-content\/uploads\/2026\/04\/COMUNIDAD-ACUEDUCTO-ADMINISTRACION-CASANARE.png","width":528,"height":288},{"@type":"BreadcrumbList","@id":"https:\/\/marthacifuentes.com\/portada\/foro-gestion-comunitaria-agua-yopal\/#breadcrumb","itemListElement":[{"@type":"ListItem","position":1,"name":"Portada","item":"https:\/\/marthacifuentes.com\/portada\/"},{"@type":"ListItem","position":2,"name":"Comunidades buscan prestar el servicio de agua en Colombia: foro en Yopal este lunes 27 de abril"}]},{"@type":"WebSite","@id":"https:\/\/marthacifuentes.com\/portada\/#website","url":"https:\/\/marthacifuentes.com\/portada\/","name":"\u25b7 Noticias de Casanare : Martha Cifuentes | Casanare","description":"Noticias &amp; Contenidos","potentialAction":[{"@type":"SearchAction","target":{"@type":"EntryPoint","urlTemplate":"https:\/\/marthacifuentes.com\/portada\/?s={search_term_string}"},"query-input":{"@type":"PropertyValueSpecification","valueRequired":true,"valueName":"search_term_string"}}],"inLanguage":"es"},{"@type":"Person","@id":"https:\/\/marthacifuentes.com\/portada\/#\/schema\/person\/57f53174b991db5f90ff78d58502b714","name":"Martha Cifuentes","image":{"@type":"ImageObject","inLanguage":"es","@id":"https:\/\/marthacifuentes.com\/portada\/#\/schema\/person\/image\/","url":"http:\/\/marthacifuentes.com\/portada\/wp-content\/uploads\/2018\/06\/avatar_user_2_1528838701-96x96.jpg","contentUrl":"http:\/\/marthacifuentes.com\/portada\/wp-content\/uploads\/2018\/06\/avatar_user_2_1528838701-96x96.jpg","caption":"Martha Cifuentes"},"sameAs":["http:\/\/www.marthacifuentes.com"],"url":"https:\/\/marthacifuentes.com\/portada\/author\/martha\/"}]}},"_links":{"self":[{"href":"https:\/\/marthacifuentes.com\/portada\/wp-json\/wp\/v2\/posts\/40119","targetHints":{"allow":["GET"]}}],"collection":[{"href":"https:\/\/marthacifuentes.com\/portada\/wp-json\/wp\/v2\/posts"}],"about":[{"href":"https:\/\/marthacifuentes.com\/portada\/wp-json\/wp\/v2\/types\/post"}],"author":[{"embeddable":true,"href":"https:\/\/marthacifuentes.com\/portada\/wp-json\/wp\/v2\/users\/2"}],"replies":[{"embeddable":true,"href":"https:\/\/marthacifuentes.com\/portada\/wp-json\/wp\/v2\/comments?post=40119"}],"version-history":[{"count":1,"href":"https:\/\/marthacifuentes.com\/portada\/wp-json\/wp\/v2\/posts\/40119\/revisions"}],"predecessor-version":[{"id":40121,"href":"https:\/\/marthacifuentes.com\/portada\/wp-json\/wp\/v2\/posts\/40119\/revisions\/40121"}],"wp:featuredmedia":[{"embeddable":true,"href":"https:\/\/marthacifuentes.com\/portada\/wp-json\/wp\/v2\/media\/40120"}],"wp:attachment":[{"href":"https:\/\/marthacifuentes.com\/portada\/wp-json\/wp\/v2\/media?parent=40119"}],"wp:term":[{"taxonomy":"category","embeddable":true,"href":"https:\/\/marthacifuentes.com\/portada\/wp-json\/wp\/v2\/categories?post=40119"},{"taxonomy":"post_tag","embeddable":true,"href":"https:\/\/marthacifuentes.com\/portada\/wp-json\/wp\/v2\/tags?post=40119"}],"curies":[{"name":"wp","href":"https:\/\/api.w.org\/{rel}","templated":true}]}}