{"id":40123,"date":"2026-04-28T08:30:44","date_gmt":"2026-04-28T13:30:44","guid":{"rendered":"https:\/\/marthacifuentes.com\/portada\/?p=40123"},"modified":"2026-04-28T11:59:37","modified_gmt":"2026-04-28T16:59:37","slug":"exsecretario-educacion-yopal-tutela-renuncia","status":"publish","type":"post","link":"https:\/\/marthacifuentes.com\/portada\/exsecretario-educacion-yopal-tutela-renuncia\/","title":{"rendered":"Exsecretario de Educaci\u00f3n de Yopal, quien renunci\u00f3 en medio de se\u00f1alamientos de acoso sexual, pide reintegro a la Alcald\u00eda v\u00eda tutela"},"content":{"rendered":"\n<p>Un caso poco com\u00fan se tramita en los juzgados de Yopal: el exsecretario de Educaci\u00f3n, David Federico D\u00edaz S\u00e1nchez, busca que se suspenda el acto administrativo mediante el cual la Alcald\u00eda de Yopal acept\u00f3 su renuncia y design\u00f3 a un reemplazo, pese a que \u00e9l mismo hab\u00eda presentado dimisi\u00f3n \u201cvoluntaria e irrevocable\u201d.<\/p>\n\n\n\n<p>El n\u00facleo del debate no es solo jur\u00eddico, sino humano: si esa renuncia fue realmente libre o si estuvo condicionada por un contexto de presi\u00f3n, exposici\u00f3n p\u00fablica y afectaci\u00f3n emocional.<\/p>\n\n\n<div class=\"wp-block-image\">\n<figure class=\"aligncenter size-full\"><img loading=\"lazy\" decoding=\"async\" width=\"549\" height=\"528\" src=\"https:\/\/marthacifuentes.com\/portada\/wp-content\/uploads\/2026\/04\/accion-de-tutela-1.png\" alt=\"\" class=\"wp-image-40137\" srcset=\"https:\/\/marthacifuentes.com\/portada\/wp-content\/uploads\/2026\/04\/accion-de-tutela-1.png 549w, https:\/\/marthacifuentes.com\/portada\/wp-content\/uploads\/2026\/04\/accion-de-tutela-1-300x289.png 300w\" sizes=\"auto, (max-width: 549px) 100vw, 549px\" \/><\/figure><\/div>\n\n\n<h2 class=\"wp-block-heading\"><strong>La cronolog\u00eda: el punto clave del caso<\/strong><\/h2>\n\n\n\n<p>A finales de enero de 2026, el entonces secretario recibi\u00f3 mensajes en los que \u2014seg\u00fan su versi\u00f3n\u2014 se le advert\u00eda que se har\u00edan p\u00fablicas supuestas acusaciones en su contra si no acced\u00eda a determinadas condiciones laborales.<\/p>\n\n\n\n<p>El 27 de enero, acudi\u00f3 a la Fiscal\u00eda y present\u00f3 denuncia por presuntos delitos como extorsi\u00f3n y chantaje.<\/p>\n\n\n\n<p>D\u00edas despu\u00e9s, el 11 de febrero, fue valorado por profesionales de la salud mental, quienes dejaron constancia de una <strong>afectaci\u00f3n emocional significativa<\/strong>, con s\u00edntomas de ansiedad, insomnio y depresi\u00f3n.<\/p>\n\n\n\n<p>El 13 de febrero, en medio de ese contexto, present\u00f3 su renuncia al cargo.<\/p>\n\n\n\n<p>El 18 de febrero, el exfuncionario radic\u00f3 una <strong>incapacidad m\u00e9dica por 20 d\u00edas<\/strong>, expedida por psiquiatr\u00eda, con diagn\u00f3stico de reacci\u00f3n al estr\u00e9s grave.<\/p>\n\n\n\n<p>Esa incapacidad <strong>cubr\u00ed\u00ada un periodo posterior a la fecha en que se hizo efectiva su renuncia<\/strong>.<\/p>\n\n\n\n<p>Pese a ello, el 19 y 20 de febrero, la Alcald\u00eda de Yopal:<\/p>\n\n\n\n<ul class=\"wp-block-list\">\n<li>Acept\u00f3 formalmente la renuncia<\/li>\n\n\n\n<li>Design\u00f3 a un funcionario encargado en el cargo<\/li>\n<\/ul>\n\n\n\n<p>Seg\u00fan la tutela, sin valorar ni su estado de salud ni el contexto en que se produjo la dimisi\u00f3n.<\/p>\n\n\n\n<h2 class=\"wp-block-heading\"><strong>Se\u00f1alamientos p\u00fablicos y denuncias cruzadas<\/strong><\/h2>\n\n\n\n<p>El caso se desarrolla en medio de un ambiente altamente sensible.<\/p>\n\n\n\n<p>Mientras en redes sociales y espacios p\u00fablicos circularon se\u00f1alamientos por presunto acoso sexual contra el entonces secretario, \u00e9l sostiene que fue v\u00edctima de un intento de extorsi\u00f3n y que las acusaciones fueron difundidas sin respaldo judicial.<\/p>\n\n\n\n<p>En el expediente se advierte que estos hechos derivaron en una exposici\u00f3n medi\u00e1tica intensa, que \u2014seg\u00fan la familia\u2014 deterior\u00f3 gravemente su estabilidad emocional.<\/p>\n\n\n<div class=\"wp-block-image\">\n<figure class=\"aligncenter size-full\"><img loading=\"lazy\" decoding=\"async\" width=\"406\" height=\"934\" src=\"https:\/\/marthacifuentes.com\/portada\/wp-content\/uploads\/2026\/04\/mensaje-santiago-corredor.png\" alt=\"\" class=\"wp-image-40127\" srcset=\"https:\/\/marthacifuentes.com\/portada\/wp-content\/uploads\/2026\/04\/mensaje-santiago-corredor.png 406w, https:\/\/marthacifuentes.com\/portada\/wp-content\/uploads\/2026\/04\/mensaje-santiago-corredor-130x300.png 130w\" sizes=\"auto, (max-width: 406px) 100vw, 406px\" \/><\/figure><\/div>\n\n\n<h2 class=\"wp-block-heading\"><strong>El estado de salud: el argumento central<\/strong><\/h2>\n\n\n\n<p>Uno de los pilares de la tutela es el estado de salud mental del exfuncionario.<\/p>\n\n\n\n<p>De acuerdo con los documentos m\u00e9dicos, presenta s\u00edntomas compatibles con un episodio depresivo y reacci\u00f3n al estr\u00e9s grave, con recomendaciones de seguimiento psiqui\u00e1trico y psicol\u00f3gico.<\/p>\n\n\n\n<p>La familia advierte incluso un riesgo para su vida, se\u00f1alando temor de que pueda atentar contra s\u00ed mismo debido al nivel de afectaci\u00f3n emocional.<\/p>\n\n\n\n<p>Este punto es determinante: la tutela no solo busca efectos administrativos, sino medidas urgentes de protecci\u00f3n.<\/p>\n\n\n\n<h2 class=\"wp-block-heading\"><strong>Lo que pide ante la justicia<\/strong><\/h2>\n\n\n\n<p>El exsecretario solicita que se suspendan los efectos de dos actos administrativos:<\/p>\n\n\n\n<ul class=\"wp-block-list\">\n<li>La resoluci\u00f3n que acept\u00f3 su renuncia<\/li>\n\n\n\n<li>La resoluci\u00f3n que encarg\u00f3 a otro funcionario<\/li>\n<\/ul>\n\n\n\n<p>El objetivo es que se revise si esa renuncia fue realmente libre, teniendo en cuenta que se encontraba bajo incapacidad m\u00e9dica y en un contexto de presi\u00f3n.<\/p>\n\n\n<div class=\"wp-block-image\">\n<figure class=\"aligncenter size-full is-resized\"><img loading=\"lazy\" decoding=\"async\" width=\"494\" height=\"647\" src=\"https:\/\/marthacifuentes.com\/portada\/wp-content\/uploads\/2026\/04\/accion-de-tutela-2.png\" alt=\"\" class=\"wp-image-40129\" style=\"width:430px;height:auto\" srcset=\"https:\/\/marthacifuentes.com\/portada\/wp-content\/uploads\/2026\/04\/accion-de-tutela-2.png 494w, https:\/\/marthacifuentes.com\/portada\/wp-content\/uploads\/2026\/04\/accion-de-tutela-2-229x300.png 229w\" sizes=\"auto, (max-width: 494px) 100vw, 494px\" \/><\/figure><\/div>\n\n\n<h2 class=\"wp-block-heading\"><strong>Decisiones judiciales: el caso sigue abierto<\/strong><\/h2>\n\n\n\n<p>El juzgado admiti\u00f3 la acci\u00f3n de tutela, pero en una primera decisi\u00f3n neg\u00f3 la medida provisional que buscaba suspender de inmediato los efectos de la renuncia.<\/p>\n\n\n\n<p>Posteriormente, en segunda instancia, se orden\u00f3 vincular a otros actores al proceso, incluyendo personas mencionadas en el conflicto y plataformas digitales donde se habr\u00edan difundido contenidos relacionados con el caso.<\/p>\n\n\n\n<p>Esto ampl\u00eda el alcance del expediente, que ya no solo involucra a la Alcald\u00eda, sino tambi\u00e9n a terceros y al rol de las redes sociales.<\/p>\n","protected":false},"excerpt":{"rendered":"<p>Un caso poco com\u00fan se tramita en los juzgados de Yopal: el exsecretario de Educaci\u00f3n, David Federico D\u00edaz S\u00e1nchez, busca que se suspenda el acto administrativo mediante el cual la Alcald\u00eda de Yopal acept\u00f3 su renuncia y design\u00f3 a un reemplazo, pese a que \u00e9l mismo hab\u00eda presentado dimisi\u00f3n \u201cvoluntaria e irrevocable\u201d. El n\u00facleo del &hellip;<\/p>\n","protected":false},"author":2,"featured_media":40126,"comment_status":"open","ping_status":"open","sticky":false,"template":"","format":"standard","meta":{"om_disable_all_campaigns":false,"_exactmetrics_skip_tracking":false,"_exactmetrics_sitenote_active":false,"_exactmetrics_sitenote_note":"","_exactmetrics_sitenote_category":0,"_monsterinsights_skip_tracking":false,"_monsterinsights_sitenote_active":false,"_monsterinsights_sitenote_note":"","_monsterinsights_sitenote_category":0,"_uf_show_specific_survey":0,"_uf_disable_surveys":false,"_joinchat":[],"footnotes":""},"categories":[147,146,145],"tags":[252,154,15196,11794,2504,179,157],"class_list":["post-40123","post","type-post","status-publish","format-standard","has-post-thumbnail","hentry","category-actualidad","category-noticias","category-reportajes","tag-alcaldia-de-yopal","tag-casanare","tag-exsecretario-educacion","tag-justicia","tag-salud-mental","tag-tutela","tag-yopal"],"yoast_head":"<!-- This site is optimized with the Yoast SEO plugin v26.1 - https:\/\/yoast.com\/wordpress\/plugins\/seo\/ -->\n<title>Exsecretario de Educaci\u00f3n de Yopal pide reintegro tras renunciar<\/title>\n<meta name=\"description\" content=\"El exsecretario de Educaci\u00f3n de Yopal interpuso tutela para frenar su renuncia, alegando presiones, denuncias y crisis de salud mental.\" \/>\n<meta name=\"robots\" content=\"index, follow, max-snippet:-1, max-image-preview:large, max-video-preview:-1\" \/>\n<link rel=\"canonical\" href=\"https:\/\/marthacifuentes.com\/portada\/exsecretario-educacion-yopal-tutela-renuncia\/\" \/>\n<meta property=\"og:locale\" content=\"es_ES\" \/>\n<meta property=\"og:type\" content=\"article\" \/>\n<meta property=\"og:title\" content=\"Exsecretario de Yopal busca reversar su renuncia\" \/>\n<meta property=\"og:description\" content=\"Tras renunciar en medio de se\u00f1alamientos, ahora pide su reintegro alegando presiones y afectaci\u00f3n a su salud mental.\" \/>\n<meta property=\"og:url\" content=\"https:\/\/marthacifuentes.com\/portada\/exsecretario-educacion-yopal-tutela-renuncia\/\" \/>\n<meta property=\"og:site_name\" content=\"\u25b7 Noticias de Casanare : Martha Cifuentes | Casanare\" \/>\n<meta property=\"article:published_time\" content=\"2026-04-28T13:30:44+00:00\" \/>\n<meta property=\"article:modified_time\" content=\"2026-04-28T16:59:37+00:00\" \/>\n<meta property=\"og:image\" content=\"https:\/\/marthacifuentes.com\/portada\/wp-content\/uploads\/2026\/04\/secretario-educacion-david-diaz-1.jpg\" \/>\n\t<meta property=\"og:image:width\" content=\"583\" \/>\n\t<meta property=\"og:image:height\" content=\"357\" \/>\n\t<meta property=\"og:image:type\" content=\"image\/jpeg\" \/>\n<meta name=\"author\" content=\"Martha Cifuentes\" \/>\n<meta name=\"twitter:card\" content=\"summary_large_image\" \/>\n<meta name=\"twitter:title\" content=\"Exsecretario de Yopal busca reversar su renuncia\" \/>\n<meta name=\"twitter:description\" content=\"Tras renunciar en medio de se\u00f1alamientos, ahora pide su reintegro alegando presiones y afectaci\u00f3n a su salud mental.\" \/>\n<meta name=\"twitter:label1\" content=\"Escrito por\" \/>\n\t<meta name=\"twitter:data1\" content=\"Martha Cifuentes\" \/>\n\t<meta name=\"twitter:label2\" content=\"Tiempo de lectura\" \/>\n\t<meta name=\"twitter:data2\" content=\"4 minutos\" \/>\n<script type=\"application\/ld+json\" class=\"yoast-schema-graph\">{\"@context\":\"https:\/\/schema.org\",\"@graph\":[{\"@type\":\"WebPage\",\"@id\":\"https:\/\/marthacifuentes.com\/portada\/exsecretario-educacion-yopal-tutela-renuncia\/\",\"url\":\"https:\/\/marthacifuentes.com\/portada\/exsecretario-educacion-yopal-tutela-renuncia\/\",\"name\":\"Exsecretario de Educaci\u00f3n de Yopal pide reintegro tras renunciar\",\"isPartOf\":{\"@id\":\"https:\/\/marthacifuentes.com\/portada\/#website\"},\"primaryImageOfPage\":{\"@id\":\"https:\/\/marthacifuentes.com\/portada\/exsecretario-educacion-yopal-tutela-renuncia\/#primaryimage\"},\"image\":{\"@id\":\"https:\/\/marthacifuentes.com\/portada\/exsecretario-educacion-yopal-tutela-renuncia\/#primaryimage\"},\"thumbnailUrl\":\"https:\/\/marthacifuentes.com\/portada\/wp-content\/uploads\/2026\/04\/secretario-educacion-david-diaz-1.jpg\",\"datePublished\":\"2026-04-28T13:30:44+00:00\",\"dateModified\":\"2026-04-28T16:59:37+00:00\",\"author\":{\"@id\":\"https:\/\/marthacifuentes.com\/portada\/#\/schema\/person\/57f53174b991db5f90ff78d58502b714\"},\"description\":\"El exsecretario de Educaci\u00f3n de Yopal interpuso tutela para frenar su renuncia, alegando presiones, denuncias y crisis de salud mental.\",\"breadcrumb\":{\"@id\":\"https:\/\/marthacifuentes.com\/portada\/exsecretario-educacion-yopal-tutela-renuncia\/#breadcrumb\"},\"inLanguage\":\"es\",\"potentialAction\":[{\"@type\":\"ReadAction\",\"target\":[\"https:\/\/marthacifuentes.com\/portada\/exsecretario-educacion-yopal-tutela-renuncia\/\"]}]},{\"@type\":\"ImageObject\",\"inLanguage\":\"es\",\"@id\":\"https:\/\/marthacifuentes.com\/portada\/exsecretario-educacion-yopal-tutela-renuncia\/#primaryimage\",\"url\":\"https:\/\/marthacifuentes.com\/portada\/wp-content\/uploads\/2026\/04\/secretario-educacion-david-diaz-1.jpg\",\"contentUrl\":\"https:\/\/marthacifuentes.com\/portada\/wp-content\/uploads\/2026\/04\/secretario-educacion-david-diaz-1.jpg\",\"width\":583,\"height\":357},{\"@type\":\"BreadcrumbList\",\"@id\":\"https:\/\/marthacifuentes.com\/portada\/exsecretario-educacion-yopal-tutela-renuncia\/#breadcrumb\",\"itemListElement\":[{\"@type\":\"ListItem\",\"position\":1,\"name\":\"Portada\",\"item\":\"https:\/\/marthacifuentes.com\/portada\/\"},{\"@type\":\"ListItem\",\"position\":2,\"name\":\"Exsecretario de Educaci\u00f3n de Yopal, quien renunci\u00f3 en medio de se\u00f1alamientos de acoso sexual, pide reintegro a la Alcald\u00eda v\u00eda tutela\"}]},{\"@type\":\"WebSite\",\"@id\":\"https:\/\/marthacifuentes.com\/portada\/#website\",\"url\":\"https:\/\/marthacifuentes.com\/portada\/\",\"name\":\"\u25b7 Noticias de Casanare : Martha Cifuentes | Casanare\",\"description\":\"Noticias &amp; Contenidos\",\"potentialAction\":[{\"@type\":\"SearchAction\",\"target\":{\"@type\":\"EntryPoint\",\"urlTemplate\":\"https:\/\/marthacifuentes.com\/portada\/?s={search_term_string}\"},\"query-input\":{\"@type\":\"PropertyValueSpecification\",\"valueRequired\":true,\"valueName\":\"search_term_string\"}}],\"inLanguage\":\"es\"},{\"@type\":\"Person\",\"@id\":\"https:\/\/marthacifuentes.com\/portada\/#\/schema\/person\/57f53174b991db5f90ff78d58502b714\",\"name\":\"Martha Cifuentes\",\"image\":{\"@type\":\"ImageObject\",\"inLanguage\":\"es\",\"@id\":\"https:\/\/marthacifuentes.com\/portada\/#\/schema\/person\/image\/\",\"url\":\"http:\/\/marthacifuentes.com\/portada\/wp-content\/uploads\/2018\/06\/avatar_user_2_1528838701-96x96.jpg\",\"contentUrl\":\"http:\/\/marthacifuentes.com\/portada\/wp-content\/uploads\/2018\/06\/avatar_user_2_1528838701-96x96.jpg\",\"caption\":\"Martha Cifuentes\"},\"sameAs\":[\"http:\/\/www.marthacifuentes.com\"],\"url\":\"https:\/\/marthacifuentes.com\/portada\/author\/martha\/\"}]}<\/script>\n<!-- \/ Yoast SEO plugin. -->","yoast_head_json":{"title":"Exsecretario de Educaci\u00f3n de Yopal pide reintegro tras renunciar","description":"El exsecretario de Educaci\u00f3n de Yopal interpuso tutela para frenar su renuncia, alegando presiones, denuncias y crisis de salud mental.","robots":{"index":"index","follow":"follow","max-snippet":"max-snippet:-1","max-image-preview":"max-image-preview:large","max-video-preview":"max-video-preview:-1"},"canonical":"https:\/\/marthacifuentes.com\/portada\/exsecretario-educacion-yopal-tutela-renuncia\/","og_locale":"es_ES","og_type":"article","og_title":"Exsecretario de Yopal busca reversar su renuncia","og_description":"Tras renunciar en medio de se\u00f1alamientos, ahora pide su reintegro alegando presiones y afectaci\u00f3n a su salud mental.","og_url":"https:\/\/marthacifuentes.com\/portada\/exsecretario-educacion-yopal-tutela-renuncia\/","og_site_name":"\u25b7 Noticias de Casanare : Martha Cifuentes | Casanare","article_published_time":"2026-04-28T13:30:44+00:00","article_modified_time":"2026-04-28T16:59:37+00:00","og_image":[{"width":583,"height":357,"url":"https:\/\/marthacifuentes.com\/portada\/wp-content\/uploads\/2026\/04\/secretario-educacion-david-diaz-1.jpg","type":"image\/jpeg"}],"author":"Martha Cifuentes","twitter_card":"summary_large_image","twitter_title":"Exsecretario de Yopal busca reversar su renuncia","twitter_description":"Tras renunciar en medio de se\u00f1alamientos, ahora pide su reintegro alegando presiones y afectaci\u00f3n a su salud mental.","twitter_misc":{"Escrito por":"Martha Cifuentes","Tiempo de lectura":"4 minutos"},"schema":{"@context":"https:\/\/schema.org","@graph":[{"@type":"WebPage","@id":"https:\/\/marthacifuentes.com\/portada\/exsecretario-educacion-yopal-tutela-renuncia\/","url":"https:\/\/marthacifuentes.com\/portada\/exsecretario-educacion-yopal-tutela-renuncia\/","name":"Exsecretario de Educaci\u00f3n de Yopal pide reintegro tras renunciar","isPartOf":{"@id":"https:\/\/marthacifuentes.com\/portada\/#website"},"primaryImageOfPage":{"@id":"https:\/\/marthacifuentes.com\/portada\/exsecretario-educacion-yopal-tutela-renuncia\/#primaryimage"},"image":{"@id":"https:\/\/marthacifuentes.com\/portada\/exsecretario-educacion-yopal-tutela-renuncia\/#primaryimage"},"thumbnailUrl":"https:\/\/marthacifuentes.com\/portada\/wp-content\/uploads\/2026\/04\/secretario-educacion-david-diaz-1.jpg","datePublished":"2026-04-28T13:30:44+00:00","dateModified":"2026-04-28T16:59:37+00:00","author":{"@id":"https:\/\/marthacifuentes.com\/portada\/#\/schema\/person\/57f53174b991db5f90ff78d58502b714"},"description":"El exsecretario de Educaci\u00f3n de Yopal interpuso tutela para frenar su renuncia, alegando presiones, denuncias y crisis de salud mental.","breadcrumb":{"@id":"https:\/\/marthacifuentes.com\/portada\/exsecretario-educacion-yopal-tutela-renuncia\/#breadcrumb"},"inLanguage":"es","potentialAction":[{"@type":"ReadAction","target":["https:\/\/marthacifuentes.com\/portada\/exsecretario-educacion-yopal-tutela-renuncia\/"]}]},{"@type":"ImageObject","inLanguage":"es","@id":"https:\/\/marthacifuentes.com\/portada\/exsecretario-educacion-yopal-tutela-renuncia\/#primaryimage","url":"https:\/\/marthacifuentes.com\/portada\/wp-content\/uploads\/2026\/04\/secretario-educacion-david-diaz-1.jpg","contentUrl":"https:\/\/marthacifuentes.com\/portada\/wp-content\/uploads\/2026\/04\/secretario-educacion-david-diaz-1.jpg","width":583,"height":357},{"@type":"BreadcrumbList","@id":"https:\/\/marthacifuentes.com\/portada\/exsecretario-educacion-yopal-tutela-renuncia\/#breadcrumb","itemListElement":[{"@type":"ListItem","position":1,"name":"Portada","item":"https:\/\/marthacifuentes.com\/portada\/"},{"@type":"ListItem","position":2,"name":"Exsecretario de Educaci\u00f3n de Yopal, quien renunci\u00f3 en medio de se\u00f1alamientos de acoso sexual, pide reintegro a la Alcald\u00eda v\u00eda tutela"}]},{"@type":"WebSite","@id":"https:\/\/marthacifuentes.com\/portada\/#website","url":"https:\/\/marthacifuentes.com\/portada\/","name":"\u25b7 Noticias de Casanare : Martha Cifuentes | Casanare","description":"Noticias &amp; Contenidos","potentialAction":[{"@type":"SearchAction","target":{"@type":"EntryPoint","urlTemplate":"https:\/\/marthacifuentes.com\/portada\/?s={search_term_string}"},"query-input":{"@type":"PropertyValueSpecification","valueRequired":true,"valueName":"search_term_string"}}],"inLanguage":"es"},{"@type":"Person","@id":"https:\/\/marthacifuentes.com\/portada\/#\/schema\/person\/57f53174b991db5f90ff78d58502b714","name":"Martha Cifuentes","image":{"@type":"ImageObject","inLanguage":"es","@id":"https:\/\/marthacifuentes.com\/portada\/#\/schema\/person\/image\/","url":"http:\/\/marthacifuentes.com\/portada\/wp-content\/uploads\/2018\/06\/avatar_user_2_1528838701-96x96.jpg","contentUrl":"http:\/\/marthacifuentes.com\/portada\/wp-content\/uploads\/2018\/06\/avatar_user_2_1528838701-96x96.jpg","caption":"Martha Cifuentes"},"sameAs":["http:\/\/www.marthacifuentes.com"],"url":"https:\/\/marthacifuentes.com\/portada\/author\/martha\/"}]}},"_links":{"self":[{"href":"https:\/\/marthacifuentes.com\/portada\/wp-json\/wp\/v2\/posts\/40123","targetHints":{"allow":["GET"]}}],"collection":[{"href":"https:\/\/marthacifuentes.com\/portada\/wp-json\/wp\/v2\/posts"}],"about":[{"href":"https:\/\/marthacifuentes.com\/portada\/wp-json\/wp\/v2\/types\/post"}],"author":[{"embeddable":true,"href":"https:\/\/marthacifuentes.com\/portada\/wp-json\/wp\/v2\/users\/2"}],"replies":[{"embeddable":true,"href":"https:\/\/marthacifuentes.com\/portada\/wp-json\/wp\/v2\/comments?post=40123"}],"version-history":[{"count":8,"href":"https:\/\/marthacifuentes.com\/portada\/wp-json\/wp\/v2\/posts\/40123\/revisions"}],"predecessor-version":[{"id":40138,"href":"https:\/\/marthacifuentes.com\/portada\/wp-json\/wp\/v2\/posts\/40123\/revisions\/40138"}],"wp:featuredmedia":[{"embeddable":true,"href":"https:\/\/marthacifuentes.com\/portada\/wp-json\/wp\/v2\/media\/40126"}],"wp:attachment":[{"href":"https:\/\/marthacifuentes.com\/portada\/wp-json\/wp\/v2\/media?parent=40123"}],"wp:term":[{"taxonomy":"category","embeddable":true,"href":"https:\/\/marthacifuentes.com\/portada\/wp-json\/wp\/v2\/categories?post=40123"},{"taxonomy":"post_tag","embeddable":true,"href":"https:\/\/marthacifuentes.com\/portada\/wp-json\/wp\/v2\/tags?post=40123"}],"curies":[{"name":"wp","href":"https:\/\/api.w.org\/{rel}","templated":true}]}}