{"id":40140,"date":"2026-04-29T09:45:06","date_gmt":"2026-04-29T14:45:06","guid":{"rendered":"https:\/\/marthacifuentes.com\/portada\/?p=40140"},"modified":"2026-04-29T09:45:08","modified_gmt":"2026-04-29T14:45:08","slug":"bienes-rurales-en-casanare-territorio-violentado-por-las-auc-afectados-con-extincion-de-dominio-por-la-fiscalia","status":"publish","type":"post","link":"https:\/\/marthacifuentes.com\/portada\/bienes-rurales-en-casanare-territorio-violentado-por-las-auc-afectados-con-extincion-de-dominio-por-la-fiscalia\/","title":{"rendered":"Bienes rurales en Casanare, territorio violentado por las AUC, afectados con extinci\u00f3n de dominio por la Fiscal\u00eda."},"content":{"rendered":"\n<p>Un total de 19 propiedades avaluadas en m\u00e1s de $65.000 millones, vinculadas al Bloque Bananero de las Autodefensas Unidas de Colombia (AUC), fueron ocupadas con fines de extinci\u00f3n de dominio. <\/p>\n\n\n\n<p>Entre los activos hay bienes ubicados en Casanare, un departamento donde el paramilitarismo dej\u00f3 una profunda huella de violencia y control territorial.<\/p>\n\n\n\n<p>La Fiscal\u00eda General de la Naci\u00f3n confirm\u00f3 la imposici\u00f3n de medidas cautelares de embargo, secuestro y suspensi\u00f3n del poder dispositivo sobre estos bienes. Todo bajo una acci\u00f3n adelantada por la Direcci\u00f3n de Extinci\u00f3n del Derecho de Dominio y el CTI, con apoyo del Ej\u00e9rcito Nacional.<\/p>\n\n\n\n<p>Los predios ser\u00e1n destinados a la reparaci\u00f3n de v\u00edctimas del conflicto armado, en un proceso que, aunque tard\u00edo, busca impactar las estructuras econ\u00f3micas que sostuvieron durante a\u00f1os la violencia.<\/p>\n\n\n\n<h2 class=\"wp-block-heading\"><strong>Casanare, escenario del paramilitarismo<\/strong><\/h2>\n\n\n\n<p class=\"has-medium-font-size\">La presencia de bienes vinculados a las AUC en Casanare no es un hecho aislado ni sorpresivo. Por el contrario, confirma que este departamento fue uno de los territorios donde estas estructuras armadas consolidaron violento poder.<\/p>\n\n\n\n<p>Hace m\u00e1s de dos d\u00e9cadas Casanare vivi\u00f3 una fuerte influencia de grupos paramilitares. Primero con las Autodefensas Campesinas de Casanare, bajo el mando de alias \u201cMart\u00edn Llanos\u201d, y posteriormente con la expansi\u00f3n de las AUC, que disputaron y controlaron amplias zonas del territorio.<\/p>\n\n\n\n<p>Ese periodo estuvo marcado por una ola de terror: homicidios, desapariciones forzadas, desplazamiento y control social sobre comunidades enteras.<\/p>\n\n\n\n<h2 class=\"wp-block-heading\"><strong>La memoria de la guerra sigue anclada al territorio<\/strong><\/h2>\n\n\n\n<p>Uno de los hechos m\u00e1s simb\u00f3licos de ese cap\u00edtulo ocurri\u00f3 en Yopal, donde en la finca Corinto se realiz\u00f3 la desmovilizaci\u00f3n de estructuras como el Bloque Centauros, con Vicente Casta\u00f1o, uno de sus comandantes m\u00e1s sanguinario.<\/p>\n\n\n\n<p>Este tipo de antecedentes ubican a Casanare como una pieza clave dentro del engranaje paramilitar en los Llanos Orientales.<\/p>\n\n\n\n<p>Por eso, la ocupaci\u00f3n de bienes en el departamento tiene un significado que va m\u00e1s all\u00e1 de lo judicial: toca directamente la memoria hist\u00f3rica de la regi\u00f3n.<\/p>\n\n\n\n<h2 class=\"wp-block-heading\"><strong>Bienes que financiaron la guerra<\/strong><\/h2>\n\n\n\n<p>De acuerdo con la investigaci\u00f3n, las propiedades afectadas no solo serv\u00edan como refugio de estructuras armadas, sino tambi\u00e9n como soporte econ\u00f3mico de la organizaci\u00f3n.<\/p>\n\n\n\n<p>Esto revela una dimensi\u00f3n estructural del conflicto: la violencia no oper\u00f3 sola, sino acompa\u00f1ada de una red de bienes, recursos y capital que permiti\u00f3 su sostenimiento en el tiempo.<\/p>\n\n\n\n<p>En otras palabras, detr\u00e1s de las armas hubo una econom\u00eda.<\/p>\n\n\n\n<figure class=\"wp-block-gallery has-nested-images columns-default is-cropped wp-block-gallery-1 is-layout-flex wp-block-gallery-is-layout-flex\">\n<figure class=\"wp-block-image size-large\"><img loading=\"lazy\" decoding=\"async\" width=\"1024\" height=\"618\" data-id=\"40144\" src=\"https:\/\/marthacifuentes.com\/portada\/wp-content\/uploads\/2026\/04\/WhatsApp-Image-2026-04-27-at-10.10.29-AM-1024x618.jpeg\" alt=\"\" class=\"wp-image-40144\" srcset=\"https:\/\/marthacifuentes.com\/portada\/wp-content\/uploads\/2026\/04\/WhatsApp-Image-2026-04-27-at-10.10.29-AM-1024x618.jpeg 1024w, https:\/\/marthacifuentes.com\/portada\/wp-content\/uploads\/2026\/04\/WhatsApp-Image-2026-04-27-at-10.10.29-AM-300x181.jpeg 300w, https:\/\/marthacifuentes.com\/portada\/wp-content\/uploads\/2026\/04\/WhatsApp-Image-2026-04-27-at-10.10.29-AM-768x463.jpeg 768w, https:\/\/marthacifuentes.com\/portada\/wp-content\/uploads\/2026\/04\/WhatsApp-Image-2026-04-27-at-10.10.29-AM-780x470.jpeg 780w, https:\/\/marthacifuentes.com\/portada\/wp-content\/uploads\/2026\/04\/WhatsApp-Image-2026-04-27-at-10.10.29-AM.jpeg 1492w\" sizes=\"auto, (max-width: 1024px) 100vw, 1024px\" \/><\/figure>\n\n\n\n<figure class=\"wp-block-image size-large\"><img loading=\"lazy\" decoding=\"async\" width=\"1024\" height=\"772\" data-id=\"40143\" src=\"https:\/\/marthacifuentes.com\/portada\/wp-content\/uploads\/2026\/04\/WhatsApp-Image-2026-04-27-at-8.04.33-AM-1024x772.jpeg\" alt=\"\" class=\"wp-image-40143\" srcset=\"https:\/\/marthacifuentes.com\/portada\/wp-content\/uploads\/2026\/04\/WhatsApp-Image-2026-04-27-at-8.04.33-AM-1024x772.jpeg 1024w, https:\/\/marthacifuentes.com\/portada\/wp-content\/uploads\/2026\/04\/WhatsApp-Image-2026-04-27-at-8.04.33-AM-300x226.jpeg 300w, https:\/\/marthacifuentes.com\/portada\/wp-content\/uploads\/2026\/04\/WhatsApp-Image-2026-04-27-at-8.04.33-AM-768x579.jpeg 768w, https:\/\/marthacifuentes.com\/portada\/wp-content\/uploads\/2026\/04\/WhatsApp-Image-2026-04-27-at-8.04.33-AM.jpeg 1194w\" sizes=\"auto, (max-width: 1024px) 100vw, 1024px\" \/><\/figure>\n<\/figure>\n\n\n\n<h2 class=\"wp-block-heading\"><strong>Una deuda que sigue abierta<\/strong><\/h2>\n\n\n\n<p>Aunque estos bienes ser\u00e1n destinados a la reparaci\u00f3n de v\u00edctimas, el proceso deja preguntas abiertas.<\/p>\n\n\n\n<p>Han pasado m\u00e1s de dos d\u00e9cadas desde el auge del paramilitarismo en Casanare, y apenas ahora comienzan a afectarse algunos de sus activos. <\/p>\n\n\n\n<p>En ese lapso, es inevitable cuestionar qu\u00e9 ocurri\u00f3 con otras propiedades, recursos y estructuras econ\u00f3micas que pudieron haberse transformado o integrado a din\u00e1micas legales.<\/p>\n\n\n\n<p>La extinci\u00f3n de dominio avanza, pero lo hace sobre rastros que el tiempo no logr\u00f3 borrar completamente.<\/p>\n\n\n\n<h2 class=\"wp-block-heading\"><strong>Un golpe necesario, pero tard\u00edo<\/strong><\/h2>\n\n\n\n<p>La acci\u00f3n de la Fiscal\u00eda representa un paso importante en el desmantelamiento de las finanzas ilegales de grupos armados. <\/p>\n\n\n\n<p>Sin embargo, tambi\u00e9n evidencia la dimensi\u00f3n del rezago institucional frente a fen\u00f3menos que marcaron profundamente regiones como Casanare.<\/p>\n\n\n\n<p>M\u00e1s que un operativo judicial, este caso reabre una discusi\u00f3n de fondo, la necesidad de entender el conflicto no solo como violencia armada, sino como un sistema que combin\u00f3 control territorial y acumulaci\u00f3n econ\u00f3mica.<\/p>\n","protected":false},"excerpt":{"rendered":"<p>Un total de 19 propiedades avaluadas en m\u00e1s de $65.000 millones, vinculadas al Bloque Bananero de las Autodefensas Unidas de Colombia (AUC), fueron ocupadas con fines de extinci\u00f3n de dominio. Entre los activos hay bienes ubicados en Casanare, un departamento donde el paramilitarismo dej\u00f3 una profunda huella de violencia y control territorial. La Fiscal\u00eda General &hellip;<\/p>\n","protected":false},"author":2,"featured_media":40142,"comment_status":"open","ping_status":"open","sticky":false,"template":"","format":"standard","meta":{"om_disable_all_campaigns":false,"_exactmetrics_skip_tracking":false,"_exactmetrics_sitenote_active":false,"_exactmetrics_sitenote_note":"","_exactmetrics_sitenote_category":0,"_monsterinsights_skip_tracking":false,"_monsterinsights_sitenote_active":false,"_monsterinsights_sitenote_note":"","_monsterinsights_sitenote_category":0,"_uf_show_specific_survey":0,"_uf_disable_surveys":false,"_joinchat":[],"footnotes":""},"categories":[147,146,145],"tags":[2538,154,8411,486,369,1881,12760,1191],"class_list":["post-40140","post","type-post","status-publish","format-standard","has-post-thumbnail","hentry","category-actualidad","category-noticias","category-reportajes","tag-auc","tag-casanare","tag-conflicto-armado","tag-extincion-de-dominio","tag-fiscalia","tag-martin-llanos","tag-paramilitarismo","tag-victimas"],"yoast_head":"<!-- This site is optimized with the Yoast SEO plugin v26.1 - https:\/\/yoast.com\/wordpress\/plugins\/seo\/ -->\n<title>Golpe al paramilitarismo incluye bienes en Casanare: m\u00e1s de $65.000 millones en extinci\u00f3n de dominio<\/title>\n<meta name=\"description\" content=\"Fiscal\u00eda ocup\u00f3 bienes del Bloque Bananero de las AUC por m\u00e1s de $65.000 millones. Algunos est\u00e1n en Casanare, territorio marcado por la violencia paramilitar.\" \/>\n<meta name=\"robots\" content=\"index, follow, max-snippet:-1, max-image-preview:large, max-video-preview:-1\" \/>\n<link rel=\"canonical\" href=\"https:\/\/marthacifuentes.com\/portada\/bienes-rurales-en-casanare-territorio-violentado-por-las-auc-afectados-con-extincion-de-dominio-por-la-fiscalia\/\" \/>\n<meta property=\"og:locale\" content=\"es_ES\" \/>\n<meta property=\"og:type\" content=\"article\" \/>\n<meta property=\"og:title\" content=\"Golpe al paramilitarismo salpica a Casanare\" \/>\n<meta property=\"og:description\" content=\"Bienes de las AUC por m\u00e1s de $65.000 millones entran en extinci\u00f3n de dominio. Casanare aparece en el mapa de estas estructuras.\" \/>\n<meta property=\"og:url\" content=\"https:\/\/marthacifuentes.com\/portada\/bienes-rurales-en-casanare-territorio-violentado-por-las-auc-afectados-con-extincion-de-dominio-por-la-fiscalia\/\" \/>\n<meta property=\"og:site_name\" content=\"\u25b7 Noticias de Casanare : Martha Cifuentes | Casanare\" \/>\n<meta property=\"article:published_time\" content=\"2026-04-29T14:45:06+00:00\" \/>\n<meta property=\"article:modified_time\" content=\"2026-04-29T14:45:08+00:00\" \/>\n<meta property=\"og:image\" content=\"https:\/\/marthacifuentes.com\/portada\/wp-content\/uploads\/2026\/04\/WhatsApp-Image-2026-04-27-at-8.04.32-AM.jpeg\" \/>\n\t<meta property=\"og:image:width\" content=\"1581\" \/>\n\t<meta property=\"og:image:height\" content=\"900\" \/>\n\t<meta property=\"og:image:type\" content=\"image\/jpeg\" \/>\n<meta name=\"author\" content=\"Martha Cifuentes\" \/>\n<meta name=\"twitter:card\" content=\"summary_large_image\" \/>\n<meta name=\"twitter:title\" content=\"Golpe al paramilitarismo salpica a Casanare\" \/>\n<meta name=\"twitter:description\" content=\"Bienes de las AUC por m\u00e1s de $65.000 millones entran en extinci\u00f3n de dominio. Casanare aparece en el mapa de estas estructuras.\" \/>\n<meta name=\"twitter:label1\" content=\"Escrito por\" \/>\n\t<meta name=\"twitter:data1\" content=\"Martha Cifuentes\" \/>\n\t<meta name=\"twitter:label2\" content=\"Tiempo de lectura\" \/>\n\t<meta name=\"twitter:data2\" content=\"4 minutos\" \/>\n<script type=\"application\/ld+json\" class=\"yoast-schema-graph\">{\"@context\":\"https:\/\/schema.org\",\"@graph\":[{\"@type\":\"WebPage\",\"@id\":\"https:\/\/marthacifuentes.com\/portada\/bienes-rurales-en-casanare-territorio-violentado-por-las-auc-afectados-con-extincion-de-dominio-por-la-fiscalia\/\",\"url\":\"https:\/\/marthacifuentes.com\/portada\/bienes-rurales-en-casanare-territorio-violentado-por-las-auc-afectados-con-extincion-de-dominio-por-la-fiscalia\/\",\"name\":\"Golpe al paramilitarismo incluye bienes en Casanare: m\u00e1s de $65.000 millones en extinci\u00f3n de dominio\",\"isPartOf\":{\"@id\":\"https:\/\/marthacifuentes.com\/portada\/#website\"},\"primaryImageOfPage\":{\"@id\":\"https:\/\/marthacifuentes.com\/portada\/bienes-rurales-en-casanare-territorio-violentado-por-las-auc-afectados-con-extincion-de-dominio-por-la-fiscalia\/#primaryimage\"},\"image\":{\"@id\":\"https:\/\/marthacifuentes.com\/portada\/bienes-rurales-en-casanare-territorio-violentado-por-las-auc-afectados-con-extincion-de-dominio-por-la-fiscalia\/#primaryimage\"},\"thumbnailUrl\":\"https:\/\/marthacifuentes.com\/portada\/wp-content\/uploads\/2026\/04\/WhatsApp-Image-2026-04-27-at-8.04.32-AM.jpeg\",\"datePublished\":\"2026-04-29T14:45:06+00:00\",\"dateModified\":\"2026-04-29T14:45:08+00:00\",\"author\":{\"@id\":\"https:\/\/marthacifuentes.com\/portada\/#\/schema\/person\/57f53174b991db5f90ff78d58502b714\"},\"description\":\"Fiscal\u00eda ocup\u00f3 bienes del Bloque Bananero de las AUC por m\u00e1s de $65.000 millones. Algunos est\u00e1n en Casanare, territorio marcado por la violencia paramilitar.\",\"breadcrumb\":{\"@id\":\"https:\/\/marthacifuentes.com\/portada\/bienes-rurales-en-casanare-territorio-violentado-por-las-auc-afectados-con-extincion-de-dominio-por-la-fiscalia\/#breadcrumb\"},\"inLanguage\":\"es\",\"potentialAction\":[{\"@type\":\"ReadAction\",\"target\":[\"https:\/\/marthacifuentes.com\/portada\/bienes-rurales-en-casanare-territorio-violentado-por-las-auc-afectados-con-extincion-de-dominio-por-la-fiscalia\/\"]}]},{\"@type\":\"ImageObject\",\"inLanguage\":\"es\",\"@id\":\"https:\/\/marthacifuentes.com\/portada\/bienes-rurales-en-casanare-territorio-violentado-por-las-auc-afectados-con-extincion-de-dominio-por-la-fiscalia\/#primaryimage\",\"url\":\"https:\/\/marthacifuentes.com\/portada\/wp-content\/uploads\/2026\/04\/WhatsApp-Image-2026-04-27-at-8.04.32-AM.jpeg\",\"contentUrl\":\"https:\/\/marthacifuentes.com\/portada\/wp-content\/uploads\/2026\/04\/WhatsApp-Image-2026-04-27-at-8.04.32-AM.jpeg\",\"width\":1581,\"height\":900},{\"@type\":\"BreadcrumbList\",\"@id\":\"https:\/\/marthacifuentes.com\/portada\/bienes-rurales-en-casanare-territorio-violentado-por-las-auc-afectados-con-extincion-de-dominio-por-la-fiscalia\/#breadcrumb\",\"itemListElement\":[{\"@type\":\"ListItem\",\"position\":1,\"name\":\"Portada\",\"item\":\"https:\/\/marthacifuentes.com\/portada\/\"},{\"@type\":\"ListItem\",\"position\":2,\"name\":\"Bienes rurales en Casanare, territorio violentado por las AUC, afectados con extinci\u00f3n de dominio por la Fiscal\u00eda.\"}]},{\"@type\":\"WebSite\",\"@id\":\"https:\/\/marthacifuentes.com\/portada\/#website\",\"url\":\"https:\/\/marthacifuentes.com\/portada\/\",\"name\":\"\u25b7 Noticias de Casanare : Martha Cifuentes | Casanare\",\"description\":\"Noticias &amp; Contenidos\",\"potentialAction\":[{\"@type\":\"SearchAction\",\"target\":{\"@type\":\"EntryPoint\",\"urlTemplate\":\"https:\/\/marthacifuentes.com\/portada\/?s={search_term_string}\"},\"query-input\":{\"@type\":\"PropertyValueSpecification\",\"valueRequired\":true,\"valueName\":\"search_term_string\"}}],\"inLanguage\":\"es\"},{\"@type\":\"Person\",\"@id\":\"https:\/\/marthacifuentes.com\/portada\/#\/schema\/person\/57f53174b991db5f90ff78d58502b714\",\"name\":\"Martha Cifuentes\",\"image\":{\"@type\":\"ImageObject\",\"inLanguage\":\"es\",\"@id\":\"https:\/\/marthacifuentes.com\/portada\/#\/schema\/person\/image\/\",\"url\":\"http:\/\/marthacifuentes.com\/portada\/wp-content\/uploads\/2018\/06\/avatar_user_2_1528838701-96x96.jpg\",\"contentUrl\":\"http:\/\/marthacifuentes.com\/portada\/wp-content\/uploads\/2018\/06\/avatar_user_2_1528838701-96x96.jpg\",\"caption\":\"Martha Cifuentes\"},\"sameAs\":[\"http:\/\/www.marthacifuentes.com\"],\"url\":\"https:\/\/marthacifuentes.com\/portada\/author\/martha\/\"}]}<\/script>\n<!-- \/ Yoast SEO plugin. -->","yoast_head_json":{"title":"Golpe al paramilitarismo incluye bienes en Casanare: m\u00e1s de $65.000 millones en extinci\u00f3n de dominio","description":"Fiscal\u00eda ocup\u00f3 bienes del Bloque Bananero de las AUC por m\u00e1s de $65.000 millones. Algunos est\u00e1n en Casanare, territorio marcado por la violencia paramilitar.","robots":{"index":"index","follow":"follow","max-snippet":"max-snippet:-1","max-image-preview":"max-image-preview:large","max-video-preview":"max-video-preview:-1"},"canonical":"https:\/\/marthacifuentes.com\/portada\/bienes-rurales-en-casanare-territorio-violentado-por-las-auc-afectados-con-extincion-de-dominio-por-la-fiscalia\/","og_locale":"es_ES","og_type":"article","og_title":"Golpe al paramilitarismo salpica a Casanare","og_description":"Bienes de las AUC por m\u00e1s de $65.000 millones entran en extinci\u00f3n de dominio. Casanare aparece en el mapa de estas estructuras.","og_url":"https:\/\/marthacifuentes.com\/portada\/bienes-rurales-en-casanare-territorio-violentado-por-las-auc-afectados-con-extincion-de-dominio-por-la-fiscalia\/","og_site_name":"\u25b7 Noticias de Casanare : Martha Cifuentes | Casanare","article_published_time":"2026-04-29T14:45:06+00:00","article_modified_time":"2026-04-29T14:45:08+00:00","og_image":[{"width":1581,"height":900,"url":"https:\/\/marthacifuentes.com\/portada\/wp-content\/uploads\/2026\/04\/WhatsApp-Image-2026-04-27-at-8.04.32-AM.jpeg","type":"image\/jpeg"}],"author":"Martha Cifuentes","twitter_card":"summary_large_image","twitter_title":"Golpe al paramilitarismo salpica a Casanare","twitter_description":"Bienes de las AUC por m\u00e1s de $65.000 millones entran en extinci\u00f3n de dominio. Casanare aparece en el mapa de estas estructuras.","twitter_misc":{"Escrito por":"Martha Cifuentes","Tiempo de lectura":"4 minutos"},"schema":{"@context":"https:\/\/schema.org","@graph":[{"@type":"WebPage","@id":"https:\/\/marthacifuentes.com\/portada\/bienes-rurales-en-casanare-territorio-violentado-por-las-auc-afectados-con-extincion-de-dominio-por-la-fiscalia\/","url":"https:\/\/marthacifuentes.com\/portada\/bienes-rurales-en-casanare-territorio-violentado-por-las-auc-afectados-con-extincion-de-dominio-por-la-fiscalia\/","name":"Golpe al paramilitarismo incluye bienes en Casanare: m\u00e1s de $65.000 millones en extinci\u00f3n de dominio","isPartOf":{"@id":"https:\/\/marthacifuentes.com\/portada\/#website"},"primaryImageOfPage":{"@id":"https:\/\/marthacifuentes.com\/portada\/bienes-rurales-en-casanare-territorio-violentado-por-las-auc-afectados-con-extincion-de-dominio-por-la-fiscalia\/#primaryimage"},"image":{"@id":"https:\/\/marthacifuentes.com\/portada\/bienes-rurales-en-casanare-territorio-violentado-por-las-auc-afectados-con-extincion-de-dominio-por-la-fiscalia\/#primaryimage"},"thumbnailUrl":"https:\/\/marthacifuentes.com\/portada\/wp-content\/uploads\/2026\/04\/WhatsApp-Image-2026-04-27-at-8.04.32-AM.jpeg","datePublished":"2026-04-29T14:45:06+00:00","dateModified":"2026-04-29T14:45:08+00:00","author":{"@id":"https:\/\/marthacifuentes.com\/portada\/#\/schema\/person\/57f53174b991db5f90ff78d58502b714"},"description":"Fiscal\u00eda ocup\u00f3 bienes del Bloque Bananero de las AUC por m\u00e1s de $65.000 millones. Algunos est\u00e1n en Casanare, territorio marcado por la violencia paramilitar.","breadcrumb":{"@id":"https:\/\/marthacifuentes.com\/portada\/bienes-rurales-en-casanare-territorio-violentado-por-las-auc-afectados-con-extincion-de-dominio-por-la-fiscalia\/#breadcrumb"},"inLanguage":"es","potentialAction":[{"@type":"ReadAction","target":["https:\/\/marthacifuentes.com\/portada\/bienes-rurales-en-casanare-territorio-violentado-por-las-auc-afectados-con-extincion-de-dominio-por-la-fiscalia\/"]}]},{"@type":"ImageObject","inLanguage":"es","@id":"https:\/\/marthacifuentes.com\/portada\/bienes-rurales-en-casanare-territorio-violentado-por-las-auc-afectados-con-extincion-de-dominio-por-la-fiscalia\/#primaryimage","url":"https:\/\/marthacifuentes.com\/portada\/wp-content\/uploads\/2026\/04\/WhatsApp-Image-2026-04-27-at-8.04.32-AM.jpeg","contentUrl":"https:\/\/marthacifuentes.com\/portada\/wp-content\/uploads\/2026\/04\/WhatsApp-Image-2026-04-27-at-8.04.32-AM.jpeg","width":1581,"height":900},{"@type":"BreadcrumbList","@id":"https:\/\/marthacifuentes.com\/portada\/bienes-rurales-en-casanare-territorio-violentado-por-las-auc-afectados-con-extincion-de-dominio-por-la-fiscalia\/#breadcrumb","itemListElement":[{"@type":"ListItem","position":1,"name":"Portada","item":"https:\/\/marthacifuentes.com\/portada\/"},{"@type":"ListItem","position":2,"name":"Bienes rurales en Casanare, territorio violentado por las AUC, afectados con extinci\u00f3n de dominio por la Fiscal\u00eda."}]},{"@type":"WebSite","@id":"https:\/\/marthacifuentes.com\/portada\/#website","url":"https:\/\/marthacifuentes.com\/portada\/","name":"\u25b7 Noticias de Casanare : Martha Cifuentes | Casanare","description":"Noticias &amp; Contenidos","potentialAction":[{"@type":"SearchAction","target":{"@type":"EntryPoint","urlTemplate":"https:\/\/marthacifuentes.com\/portada\/?s={search_term_string}"},"query-input":{"@type":"PropertyValueSpecification","valueRequired":true,"valueName":"search_term_string"}}],"inLanguage":"es"},{"@type":"Person","@id":"https:\/\/marthacifuentes.com\/portada\/#\/schema\/person\/57f53174b991db5f90ff78d58502b714","name":"Martha Cifuentes","image":{"@type":"ImageObject","inLanguage":"es","@id":"https:\/\/marthacifuentes.com\/portada\/#\/schema\/person\/image\/","url":"http:\/\/marthacifuentes.com\/portada\/wp-content\/uploads\/2018\/06\/avatar_user_2_1528838701-96x96.jpg","contentUrl":"http:\/\/marthacifuentes.com\/portada\/wp-content\/uploads\/2018\/06\/avatar_user_2_1528838701-96x96.jpg","caption":"Martha Cifuentes"},"sameAs":["http:\/\/www.marthacifuentes.com"],"url":"https:\/\/marthacifuentes.com\/portada\/author\/martha\/"}]}},"_links":{"self":[{"href":"https:\/\/marthacifuentes.com\/portada\/wp-json\/wp\/v2\/posts\/40140","targetHints":{"allow":["GET"]}}],"collection":[{"href":"https:\/\/marthacifuentes.com\/portada\/wp-json\/wp\/v2\/posts"}],"about":[{"href":"https:\/\/marthacifuentes.com\/portada\/wp-json\/wp\/v2\/types\/post"}],"author":[{"embeddable":true,"href":"https:\/\/marthacifuentes.com\/portada\/wp-json\/wp\/v2\/users\/2"}],"replies":[{"embeddable":true,"href":"https:\/\/marthacifuentes.com\/portada\/wp-json\/wp\/v2\/comments?post=40140"}],"version-history":[{"count":2,"href":"https:\/\/marthacifuentes.com\/portada\/wp-json\/wp\/v2\/posts\/40140\/revisions"}],"predecessor-version":[{"id":40145,"href":"https:\/\/marthacifuentes.com\/portada\/wp-json\/wp\/v2\/posts\/40140\/revisions\/40145"}],"wp:featuredmedia":[{"embeddable":true,"href":"https:\/\/marthacifuentes.com\/portada\/wp-json\/wp\/v2\/media\/40142"}],"wp:attachment":[{"href":"https:\/\/marthacifuentes.com\/portada\/wp-json\/wp\/v2\/media?parent=40140"}],"wp:term":[{"taxonomy":"category","embeddable":true,"href":"https:\/\/marthacifuentes.com\/portada\/wp-json\/wp\/v2\/categories?post=40140"},{"taxonomy":"post_tag","embeddable":true,"href":"https:\/\/marthacifuentes.com\/portada\/wp-json\/wp\/v2\/tags?post=40140"}],"curies":[{"name":"wp","href":"https:\/\/api.w.org\/{rel}","templated":true}]}}