{"id":40148,"date":"2026-04-29T18:14:26","date_gmt":"2026-04-29T23:14:26","guid":{"rendered":"https:\/\/marthacifuentes.com\/portada\/?p=40148"},"modified":"2026-04-29T18:14:28","modified_gmt":"2026-04-29T23:14:28","slug":"desistimiento-tutela-exsecretario-educacion-yopal","status":"publish","type":"post","link":"https:\/\/marthacifuentes.com\/portada\/desistimiento-tutela-exsecretario-educacion-yopal\/","title":{"rendered":"Exsecretario de Educaci\u00f3n de Yopal desiste  de acci\u00f3n de tutela contra Alcald\u00eda"},"content":{"rendered":"\n<hr class=\"wp-block-separator has-alpha-channel-opacity\"\/>\n\n\n\n<p>El proceso jur\u00eddico relacionado con el exsecretario de Educaci\u00f3n de Yopal David Federico D\u00edaz registr\u00f3 un cambio relevante.<\/p>\n\n\n\n<p>Este lunes 27 de abril el accionante radic\u00f3 ante le juzgado un desistimiento de la tutela interpuesta contra la Alcald\u00eda de Yopal. As\u00ed lo confirm\u00f3 el exfuncionario hoy 29 de abril a www.marthacifuentes.com en medio de una solicitud de rectificaci\u00f3n de la informaci\u00f3n publicada. <\/p>\n\n\n\n<p>Este portal hab\u00eda informado previamente sobre la existencia de dicha acci\u00f3n judicial, con base en la informaci\u00f3n disponible al momento de la publicaci\u00f3n realizada el 28 de abril. <\/p>\n\n\n\n<p>No obstante, el desistimiento no hab\u00eda sido incorporado en esa versi\u00f3n inicial, en tanto no hac\u00eda parte del material informativo conocido al momento de la publicaci\u00f3n.<\/p>\n\n\n\n<p>Seg\u00fan el documento allegado, la decisi\u00f3n de desistir estuvo relacionada, entre otros aspectos, con la protecci\u00f3n de la salud mental del accionante y la prevenci\u00f3n de escenarios de revictimizaci\u00f3n.<\/p>\n\n\n\n<p>La informaci\u00f3n ha sido actualizada en la nota original, con el fin de garantizar precisi\u00f3n, contexto y equilibrio informativo.<\/p>\n\n\n\n<p class=\"has-large-font-size\">VER: <a href=\"https:\/\/marthacifuentes.com\/portada\/exsecretario-educacion-yopal-tutela-renuncia\/\"><strong>Tutela de exsecretario de Educaci\u00f3n de Yopal fue desistida tras su radicaci\u00f3n<\/strong><\/a><\/p>\n\n\n\n<hr class=\"wp-block-separator has-alpha-channel-opacity\"\/>\n\n\n\n<p><strong>Nota editorial:<\/strong><br>Esta publicaci\u00f3n se realiza en el marco del derecho de rectificaci\u00f3n en condiciones de equidad, con el prop\u00f3sito de ofrecer a la audiencia informaci\u00f3n completa y actualizada sobre el caso.<\/p>\n","protected":false},"excerpt":{"rendered":"<p>El proceso jur\u00eddico relacionado con el exsecretario de Educaci\u00f3n de Yopal David Federico D\u00edaz registr\u00f3 un cambio relevante. Este lunes 27 de abril el accionante radic\u00f3 ante le juzgado un desistimiento de la tutela interpuesta contra la Alcald\u00eda de Yopal. As\u00ed lo confirm\u00f3 el exfuncionario hoy 29 de abril a www.marthacifuentes.com en medio de una &hellip;<\/p>\n","protected":false},"author":2,"featured_media":40149,"comment_status":"open","ping_status":"open","sticky":false,"template":"","format":"standard","meta":{"om_disable_all_campaigns":false,"_exactmetrics_skip_tracking":false,"_exactmetrics_sitenote_active":false,"_exactmetrics_sitenote_note":"","_exactmetrics_sitenote_category":0,"_monsterinsights_skip_tracking":false,"_monsterinsights_sitenote_active":false,"_monsterinsights_sitenote_note":"","_monsterinsights_sitenote_category":0,"_uf_show_specific_survey":0,"_uf_disable_surveys":false,"_joinchat":[],"footnotes":""},"categories":[147,146,145],"tags":[252,154,15198,15197,202,11794,179,157],"class_list":["post-40148","post","type-post","status-publish","format-standard","has-post-thumbnail","hentry","category-actualidad","category-noticias","category-reportajes","tag-alcaldia-de-yopal","tag-casanare","tag-david-federico-diaz","tag-desistimiento","tag-educacion","tag-justicia","tag-tutela","tag-yopal"],"yoast_head":"<!-- This site is optimized with the Yoast SEO plugin v26.1 - https:\/\/yoast.com\/wordpress\/plugins\/seo\/ -->\n<title>Exsecretario de Educaci\u00f3n de Yopal desiste de tutela: esto cambia en el caso<\/title>\n<meta name=\"description\" content=\"Se desisti\u00f3 la tutela interpuesta por el exsecretario de Educaci\u00f3n de Yopal. El documento fue radicado el 27 de abril y conocido el 29 por este medio.\" \/>\n<meta name=\"robots\" content=\"index, follow, max-snippet:-1, max-image-preview:large, max-video-preview:-1\" \/>\n<link rel=\"canonical\" href=\"https:\/\/marthacifuentes.com\/portada\/desistimiento-tutela-exsecretario-educacion-yopal\/\" \/>\n<meta property=\"og:locale\" content=\"es_ES\" \/>\n<meta property=\"og:type\" content=\"article\" \/>\n<meta property=\"og:title\" content=\"Exsecretario de Educaci\u00f3n de Yopal desiste de tutela\" \/>\n<meta property=\"og:description\" content=\"El desistimiento fue radicado el 27 de abril, pero solo se conoci\u00f3 el 29.\" \/>\n<meta property=\"og:url\" content=\"https:\/\/marthacifuentes.com\/portada\/desistimiento-tutela-exsecretario-educacion-yopal\/\" \/>\n<meta property=\"og:site_name\" content=\"\u25b7 Noticias de Casanare : Martha Cifuentes | Casanare\" \/>\n<meta property=\"article:published_time\" content=\"2026-04-29T23:14:26+00:00\" \/>\n<meta property=\"article:modified_time\" content=\"2026-04-29T23:14:28+00:00\" \/>\n<meta property=\"og:image\" content=\"https:\/\/marthacifuentes.com\/portada\/wp-content\/uploads\/2026\/04\/628410534_18095534059974694_255179687110085880_n.jpg\" \/>\n\t<meta property=\"og:image:width\" content=\"1440\" \/>\n\t<meta property=\"og:image:height\" content=\"810\" \/>\n\t<meta property=\"og:image:type\" content=\"image\/jpeg\" \/>\n<meta name=\"author\" content=\"Martha Cifuentes\" \/>\n<meta name=\"twitter:card\" content=\"summary_large_image\" \/>\n<meta name=\"twitter:label1\" content=\"Escrito por\" \/>\n\t<meta name=\"twitter:data1\" content=\"Martha Cifuentes\" \/>\n\t<meta name=\"twitter:label2\" content=\"Tiempo de lectura\" \/>\n\t<meta name=\"twitter:data2\" content=\"2 minutos\" \/>\n<script type=\"application\/ld+json\" class=\"yoast-schema-graph\">{\"@context\":\"https:\/\/schema.org\",\"@graph\":[{\"@type\":\"WebPage\",\"@id\":\"https:\/\/marthacifuentes.com\/portada\/desistimiento-tutela-exsecretario-educacion-yopal\/\",\"url\":\"https:\/\/marthacifuentes.com\/portada\/desistimiento-tutela-exsecretario-educacion-yopal\/\",\"name\":\"Exsecretario de Educaci\u00f3n de Yopal desiste de tutela: esto cambia en el caso\",\"isPartOf\":{\"@id\":\"https:\/\/marthacifuentes.com\/portada\/#website\"},\"primaryImageOfPage\":{\"@id\":\"https:\/\/marthacifuentes.com\/portada\/desistimiento-tutela-exsecretario-educacion-yopal\/#primaryimage\"},\"image\":{\"@id\":\"https:\/\/marthacifuentes.com\/portada\/desistimiento-tutela-exsecretario-educacion-yopal\/#primaryimage\"},\"thumbnailUrl\":\"https:\/\/marthacifuentes.com\/portada\/wp-content\/uploads\/2026\/04\/628410534_18095534059974694_255179687110085880_n.jpg\",\"datePublished\":\"2026-04-29T23:14:26+00:00\",\"dateModified\":\"2026-04-29T23:14:28+00:00\",\"author\":{\"@id\":\"https:\/\/marthacifuentes.com\/portada\/#\/schema\/person\/57f53174b991db5f90ff78d58502b714\"},\"description\":\"Se desisti\u00f3 la tutela interpuesta por el exsecretario de Educaci\u00f3n de Yopal. El documento fue radicado el 27 de abril y conocido el 29 por este medio.\",\"breadcrumb\":{\"@id\":\"https:\/\/marthacifuentes.com\/portada\/desistimiento-tutela-exsecretario-educacion-yopal\/#breadcrumb\"},\"inLanguage\":\"es\",\"potentialAction\":[{\"@type\":\"ReadAction\",\"target\":[\"https:\/\/marthacifuentes.com\/portada\/desistimiento-tutela-exsecretario-educacion-yopal\/\"]}]},{\"@type\":\"ImageObject\",\"inLanguage\":\"es\",\"@id\":\"https:\/\/marthacifuentes.com\/portada\/desistimiento-tutela-exsecretario-educacion-yopal\/#primaryimage\",\"url\":\"https:\/\/marthacifuentes.com\/portada\/wp-content\/uploads\/2026\/04\/628410534_18095534059974694_255179687110085880_n.jpg\",\"contentUrl\":\"https:\/\/marthacifuentes.com\/portada\/wp-content\/uploads\/2026\/04\/628410534_18095534059974694_255179687110085880_n.jpg\",\"width\":1440,\"height\":810},{\"@type\":\"BreadcrumbList\",\"@id\":\"https:\/\/marthacifuentes.com\/portada\/desistimiento-tutela-exsecretario-educacion-yopal\/#breadcrumb\",\"itemListElement\":[{\"@type\":\"ListItem\",\"position\":1,\"name\":\"Portada\",\"item\":\"https:\/\/marthacifuentes.com\/portada\/\"},{\"@type\":\"ListItem\",\"position\":2,\"name\":\"Exsecretario de Educaci\u00f3n de Yopal desiste de acci\u00f3n de tutela contra Alcald\u00eda\"}]},{\"@type\":\"WebSite\",\"@id\":\"https:\/\/marthacifuentes.com\/portada\/#website\",\"url\":\"https:\/\/marthacifuentes.com\/portada\/\",\"name\":\"\u25b7 Noticias de Casanare : Martha Cifuentes | Casanare\",\"description\":\"Noticias &amp; Contenidos\",\"potentialAction\":[{\"@type\":\"SearchAction\",\"target\":{\"@type\":\"EntryPoint\",\"urlTemplate\":\"https:\/\/marthacifuentes.com\/portada\/?s={search_term_string}\"},\"query-input\":{\"@type\":\"PropertyValueSpecification\",\"valueRequired\":true,\"valueName\":\"search_term_string\"}}],\"inLanguage\":\"es\"},{\"@type\":\"Person\",\"@id\":\"https:\/\/marthacifuentes.com\/portada\/#\/schema\/person\/57f53174b991db5f90ff78d58502b714\",\"name\":\"Martha Cifuentes\",\"image\":{\"@type\":\"ImageObject\",\"inLanguage\":\"es\",\"@id\":\"https:\/\/marthacifuentes.com\/portada\/#\/schema\/person\/image\/\",\"url\":\"http:\/\/marthacifuentes.com\/portada\/wp-content\/uploads\/2018\/06\/avatar_user_2_1528838701-96x96.jpg\",\"contentUrl\":\"http:\/\/marthacifuentes.com\/portada\/wp-content\/uploads\/2018\/06\/avatar_user_2_1528838701-96x96.jpg\",\"caption\":\"Martha Cifuentes\"},\"sameAs\":[\"http:\/\/www.marthacifuentes.com\"],\"url\":\"https:\/\/marthacifuentes.com\/portada\/author\/martha\/\"}]}<\/script>\n<!-- \/ Yoast SEO plugin. -->","yoast_head_json":{"title":"Exsecretario de Educaci\u00f3n de Yopal desiste de tutela: esto cambia en el caso","description":"Se desisti\u00f3 la tutela interpuesta por el exsecretario de Educaci\u00f3n de Yopal. El documento fue radicado el 27 de abril y conocido el 29 por este medio.","robots":{"index":"index","follow":"follow","max-snippet":"max-snippet:-1","max-image-preview":"max-image-preview:large","max-video-preview":"max-video-preview:-1"},"canonical":"https:\/\/marthacifuentes.com\/portada\/desistimiento-tutela-exsecretario-educacion-yopal\/","og_locale":"es_ES","og_type":"article","og_title":"Exsecretario de Educaci\u00f3n de Yopal desiste de tutela","og_description":"El desistimiento fue radicado el 27 de abril, pero solo se conoci\u00f3 el 29.","og_url":"https:\/\/marthacifuentes.com\/portada\/desistimiento-tutela-exsecretario-educacion-yopal\/","og_site_name":"\u25b7 Noticias de Casanare : Martha Cifuentes | Casanare","article_published_time":"2026-04-29T23:14:26+00:00","article_modified_time":"2026-04-29T23:14:28+00:00","og_image":[{"width":1440,"height":810,"url":"https:\/\/marthacifuentes.com\/portada\/wp-content\/uploads\/2026\/04\/628410534_18095534059974694_255179687110085880_n.jpg","type":"image\/jpeg"}],"author":"Martha Cifuentes","twitter_card":"summary_large_image","twitter_misc":{"Escrito por":"Martha Cifuentes","Tiempo de lectura":"2 minutos"},"schema":{"@context":"https:\/\/schema.org","@graph":[{"@type":"WebPage","@id":"https:\/\/marthacifuentes.com\/portada\/desistimiento-tutela-exsecretario-educacion-yopal\/","url":"https:\/\/marthacifuentes.com\/portada\/desistimiento-tutela-exsecretario-educacion-yopal\/","name":"Exsecretario de Educaci\u00f3n de Yopal desiste de tutela: esto cambia en el caso","isPartOf":{"@id":"https:\/\/marthacifuentes.com\/portada\/#website"},"primaryImageOfPage":{"@id":"https:\/\/marthacifuentes.com\/portada\/desistimiento-tutela-exsecretario-educacion-yopal\/#primaryimage"},"image":{"@id":"https:\/\/marthacifuentes.com\/portada\/desistimiento-tutela-exsecretario-educacion-yopal\/#primaryimage"},"thumbnailUrl":"https:\/\/marthacifuentes.com\/portada\/wp-content\/uploads\/2026\/04\/628410534_18095534059974694_255179687110085880_n.jpg","datePublished":"2026-04-29T23:14:26+00:00","dateModified":"2026-04-29T23:14:28+00:00","author":{"@id":"https:\/\/marthacifuentes.com\/portada\/#\/schema\/person\/57f53174b991db5f90ff78d58502b714"},"description":"Se desisti\u00f3 la tutela interpuesta por el exsecretario de Educaci\u00f3n de Yopal. El documento fue radicado el 27 de abril y conocido el 29 por este medio.","breadcrumb":{"@id":"https:\/\/marthacifuentes.com\/portada\/desistimiento-tutela-exsecretario-educacion-yopal\/#breadcrumb"},"inLanguage":"es","potentialAction":[{"@type":"ReadAction","target":["https:\/\/marthacifuentes.com\/portada\/desistimiento-tutela-exsecretario-educacion-yopal\/"]}]},{"@type":"ImageObject","inLanguage":"es","@id":"https:\/\/marthacifuentes.com\/portada\/desistimiento-tutela-exsecretario-educacion-yopal\/#primaryimage","url":"https:\/\/marthacifuentes.com\/portada\/wp-content\/uploads\/2026\/04\/628410534_18095534059974694_255179687110085880_n.jpg","contentUrl":"https:\/\/marthacifuentes.com\/portada\/wp-content\/uploads\/2026\/04\/628410534_18095534059974694_255179687110085880_n.jpg","width":1440,"height":810},{"@type":"BreadcrumbList","@id":"https:\/\/marthacifuentes.com\/portada\/desistimiento-tutela-exsecretario-educacion-yopal\/#breadcrumb","itemListElement":[{"@type":"ListItem","position":1,"name":"Portada","item":"https:\/\/marthacifuentes.com\/portada\/"},{"@type":"ListItem","position":2,"name":"Exsecretario de Educaci\u00f3n de Yopal desiste de acci\u00f3n de tutela contra Alcald\u00eda"}]},{"@type":"WebSite","@id":"https:\/\/marthacifuentes.com\/portada\/#website","url":"https:\/\/marthacifuentes.com\/portada\/","name":"\u25b7 Noticias de Casanare : Martha Cifuentes | Casanare","description":"Noticias &amp; Contenidos","potentialAction":[{"@type":"SearchAction","target":{"@type":"EntryPoint","urlTemplate":"https:\/\/marthacifuentes.com\/portada\/?s={search_term_string}"},"query-input":{"@type":"PropertyValueSpecification","valueRequired":true,"valueName":"search_term_string"}}],"inLanguage":"es"},{"@type":"Person","@id":"https:\/\/marthacifuentes.com\/portada\/#\/schema\/person\/57f53174b991db5f90ff78d58502b714","name":"Martha Cifuentes","image":{"@type":"ImageObject","inLanguage":"es","@id":"https:\/\/marthacifuentes.com\/portada\/#\/schema\/person\/image\/","url":"http:\/\/marthacifuentes.com\/portada\/wp-content\/uploads\/2018\/06\/avatar_user_2_1528838701-96x96.jpg","contentUrl":"http:\/\/marthacifuentes.com\/portada\/wp-content\/uploads\/2018\/06\/avatar_user_2_1528838701-96x96.jpg","caption":"Martha Cifuentes"},"sameAs":["http:\/\/www.marthacifuentes.com"],"url":"https:\/\/marthacifuentes.com\/portada\/author\/martha\/"}]}},"_links":{"self":[{"href":"https:\/\/marthacifuentes.com\/portada\/wp-json\/wp\/v2\/posts\/40148","targetHints":{"allow":["GET"]}}],"collection":[{"href":"https:\/\/marthacifuentes.com\/portada\/wp-json\/wp\/v2\/posts"}],"about":[{"href":"https:\/\/marthacifuentes.com\/portada\/wp-json\/wp\/v2\/types\/post"}],"author":[{"embeddable":true,"href":"https:\/\/marthacifuentes.com\/portada\/wp-json\/wp\/v2\/users\/2"}],"replies":[{"embeddable":true,"href":"https:\/\/marthacifuentes.com\/portada\/wp-json\/wp\/v2\/comments?post=40148"}],"version-history":[{"count":2,"href":"https:\/\/marthacifuentes.com\/portada\/wp-json\/wp\/v2\/posts\/40148\/revisions"}],"predecessor-version":[{"id":40151,"href":"https:\/\/marthacifuentes.com\/portada\/wp-json\/wp\/v2\/posts\/40148\/revisions\/40151"}],"wp:featuredmedia":[{"embeddable":true,"href":"https:\/\/marthacifuentes.com\/portada\/wp-json\/wp\/v2\/media\/40149"}],"wp:attachment":[{"href":"https:\/\/marthacifuentes.com\/portada\/wp-json\/wp\/v2\/media?parent=40148"}],"wp:term":[{"taxonomy":"category","embeddable":true,"href":"https:\/\/marthacifuentes.com\/portada\/wp-json\/wp\/v2\/categories?post=40148"},{"taxonomy":"post_tag","embeddable":true,"href":"https:\/\/marthacifuentes.com\/portada\/wp-json\/wp\/v2\/tags?post=40148"}],"curies":[{"name":"wp","href":"https:\/\/api.w.org\/{rel}","templated":true}]}}