{"id":40152,"date":"2026-04-30T09:36:57","date_gmt":"2026-04-30T14:36:57","guid":{"rendered":"https:\/\/marthacifuentes.com\/portada\/?p=40152"},"modified":"2026-04-30T09:37:00","modified_gmt":"2026-04-30T14:37:00","slug":"asesinato-desaparicion-amenazas-la-salina-casanare","status":"publish","type":"post","link":"https:\/\/marthacifuentes.com\/portada\/asesinato-desaparicion-amenazas-la-salina-casanare\/","title":{"rendered":"Asesinato, desaparici\u00f3n y amenazas: denuncian grave situaci\u00f3n de derechos humanos en La Salina, Casanare"},"content":{"rendered":"\n<p>El asesinato de un campesino, la desaparici\u00f3n de otro y denuncias de hostigamientos contra comunidades campesinas e ind\u00edgenas marcan la alerta sobre lo que estar\u00eda ocurriendo en La Salina, en las monta\u00f1as del norte de Casanare.<\/p>\n\n\n\n<p>La Fundaci\u00f3n de Derechos Humanos Joel Sierra advirti\u00f3 sobre presuntas violaciones a los derechos humanos e infracciones al Derecho Internacional Humanitario en esta zona del departamento. <\/p>\n\n\n\n<p>Se detalla un aumento de la presencia militar y un ambiente de tensi\u00f3n creciente en las comunidades.<\/p>\n\n\n\n<h2 class=\"wp-block-heading\"><strong>Hechos que generan alarma<\/strong><\/h2>\n\n\n\n<p>Entre los casos denunciados, la organizaci\u00f3n menciona el asesinato del campesino Jos\u00e9 Ram\u00f3n Velandia, ocurrido el 9 de marzo de 2026 en la vereda Los Papayos. <\/p>\n\n\n\n<p>Seg\u00fan el reporte, la v\u00edctima fue hallada con m\u00faltiples heridas, en circunstancias que a\u00fan no han sido esclarecidas.<\/p>\n\n\n\n<p>A este hecho se suma la desaparici\u00f3n de Jos\u00e9 Antonio Moreno Rodr\u00edguez, reportada el 22 de abril. <\/p>\n\n\n\n<p>De acuerdo con la denuncia, el hombre se dirig\u00eda a su vivienda tras finalizar su jornada laboral, pero nunca lleg\u00f3 a su destino y desde entonces se desconoce su paradero.<\/p>\n\n\n\n<p>La comunidad tambi\u00e9n habr\u00eda reportado movimientos de veh\u00edculos en la zona durante la noche de su desaparici\u00f3n, as\u00ed como detonaciones que incrementaron la zozobra entre los habitantes.<\/p>\n\n\n\n<h2 class=\"wp-block-heading\"><strong>Se\u00f1alamientos sobre presencia militar<\/strong><\/h2>\n\n\n\n<p>La denuncia se\u00f1ala que en las \u00faltimas semanas se ha evidenciado un incremento del pie de fuerza en el municipio, con presencia de tropas del Ej\u00e9rcito Nacional.<\/p>\n\n\n\n<p>Seg\u00fan la organizaci\u00f3n, algunos uniformados estar\u00edan utilizando elementos no convencionales en su vestimenta. <\/p>\n\n\n\n<p>A esto se suman operativos y allanamientos denunciados por la comunidad, estar\u00eda generando temor e intimidaci\u00f3n en la poblaci\u00f3n civil.<\/p>\n\n\n\n<p>Tambi\u00e9n se advierten presuntas situaciones de perfilamiento, estigmatizaci\u00f3n y seguimiento a l\u00edderes sociales, as\u00ed como denuncias de comunidades ind\u00edgenas sobre presuntos actos de vigilancia en sus territorios.<\/p>\n\n\n\n<h2 class=\"wp-block-heading\"><strong>Amenazas e intimidaciones a l\u00edderes<\/strong><\/h2>\n\n\n\n<p>Otro de los puntos que genera preocupaci\u00f3n es la presunta circulaci\u00f3n de mensajes intimidatorios dirigidos a l\u00edderes sociales y campesinos.<\/p>\n\n\n\n<p>Seg\u00fan la denuncia, estas comunicaciones, realizadas a trav\u00e9s de llamadas y mensajes de WhatsApp, incluyen acusaciones de supuestos v\u00ednculos con grupos armados. <\/p>\n\n\n\n<p>Tambi\u00e9n, exigencias de colaboraci\u00f3n bajo amenazas contra su integridad y la de sus familias.<\/p>\n\n\n\n<p>Para la organizaci\u00f3n, este tipo de hechos estar\u00eda configurando un escenario de riesgo para la permanencia de las comunidades en el territorio.<\/p>\n\n\n\n<h2 class=\"wp-block-heading\"><strong>Llamado urgente a las autoridades<\/strong><\/h2>\n\n\n\n<p>Ante este panorama, la Fundaci\u00f3n Joel Sierra solicit\u00f3 a las autoridades competentes adelantar investigaciones sobre los hechos denunciados y adoptar medidas urgentes de protecci\u00f3n para la poblaci\u00f3n.<\/p>\n\n\n\n<p>Asimismo, hizo un llamado a la Defensor\u00eda del Pueblo, la Gobernaci\u00f3n de Casanare y organismos internacionales para que realicen seguimiento a la situaci\u00f3n.<\/p>\n\n\n\n<figure class=\"wp-block-image size-large\"><img loading=\"lazy\" decoding=\"async\" width=\"725\" height=\"1024\" src=\"https:\/\/marthacifuentes.com\/portada\/wp-content\/uploads\/2026\/04\/685150037_1400311688780157_5750788347198516276_n-725x1024.jpg\" alt=\"\" class=\"wp-image-40153\" srcset=\"https:\/\/marthacifuentes.com\/portada\/wp-content\/uploads\/2026\/04\/685150037_1400311688780157_5750788347198516276_n-725x1024.jpg 725w, https:\/\/marthacifuentes.com\/portada\/wp-content\/uploads\/2026\/04\/685150037_1400311688780157_5750788347198516276_n-212x300.jpg 212w, https:\/\/marthacifuentes.com\/portada\/wp-content\/uploads\/2026\/04\/685150037_1400311688780157_5750788347198516276_n-768x1085.jpg 768w, https:\/\/marthacifuentes.com\/portada\/wp-content\/uploads\/2026\/04\/685150037_1400311688780157_5750788347198516276_n-1087x1536.jpg 1087w, https:\/\/marthacifuentes.com\/portada\/wp-content\/uploads\/2026\/04\/685150037_1400311688780157_5750788347198516276_n.jpg 1449w\" sizes=\"auto, (max-width: 725px) 100vw, 725px\" \/><\/figure>\n\n\n\n<figure class=\"wp-block-image size-large\"><img loading=\"lazy\" decoding=\"async\" width=\"725\" height=\"1024\" src=\"https:\/\/marthacifuentes.com\/portada\/wp-content\/uploads\/2026\/04\/683310162_1400311685446824_7600302038778458604_n-725x1024.jpg\" alt=\"\" class=\"wp-image-40154\" srcset=\"https:\/\/marthacifuentes.com\/portada\/wp-content\/uploads\/2026\/04\/683310162_1400311685446824_7600302038778458604_n-725x1024.jpg 725w, https:\/\/marthacifuentes.com\/portada\/wp-content\/uploads\/2026\/04\/683310162_1400311685446824_7600302038778458604_n-212x300.jpg 212w, https:\/\/marthacifuentes.com\/portada\/wp-content\/uploads\/2026\/04\/683310162_1400311685446824_7600302038778458604_n-768x1085.jpg 768w, https:\/\/marthacifuentes.com\/portada\/wp-content\/uploads\/2026\/04\/683310162_1400311685446824_7600302038778458604_n-1087x1536.jpg 1087w, https:\/\/marthacifuentes.com\/portada\/wp-content\/uploads\/2026\/04\/683310162_1400311685446824_7600302038778458604_n.jpg 1449w\" sizes=\"auto, (max-width: 725px) 100vw, 725px\" \/><\/figure>\n","protected":false},"excerpt":{"rendered":"<p>El asesinato de un campesino, la desaparici\u00f3n de otro y denuncias de hostigamientos contra comunidades campesinas e ind\u00edgenas marcan la alerta sobre lo que estar\u00eda ocurriendo en La Salina, en las monta\u00f1as del norte de Casanare. La Fundaci\u00f3n de Derechos Humanos Joel Sierra advirti\u00f3 sobre presuntas violaciones a los derechos humanos e infracciones al Derecho &hellip;<\/p>\n","protected":false},"author":2,"featured_media":40155,"comment_status":"open","ping_status":"open","sticky":false,"template":"","format":"standard","meta":{"om_disable_all_campaigns":false,"_exactmetrics_skip_tracking":false,"_exactmetrics_sitenote_active":false,"_exactmetrics_sitenote_note":"","_exactmetrics_sitenote_category":0,"_monsterinsights_skip_tracking":false,"_monsterinsights_sitenote_active":false,"_monsterinsights_sitenote_note":"","_monsterinsights_sitenote_category":0,"_uf_show_specific_survey":0,"_uf_disable_surveys":false,"_joinchat":[],"footnotes":""},"categories":[147,146,145],"tags":[154,12555,8411,11005,15200,15202,2143,15199,15205,15204,1154,15201,1400,15203],"class_list":["post-40152","post","type-post","status-publish","format-standard","has-post-thumbnail","hentry","category-actualidad","category-noticias","category-reportajes","tag-casanare","tag-comunidades-indigenas","tag-conflicto-armado","tag-derechos-humanos","tag-desaparicion","tag-dih","tag-homicidio","tag-joel-sierra","tag-jose-antonio-moreno-rodriguez","tag-jose-ramon-velandia","tag-la-salina","tag-lideres-sociales-2","tag-noticias-casanare","tag-noticias-la-salina"],"yoast_head":"<!-- This site is optimized with the Yoast SEO plugin v26.1 - https:\/\/yoast.com\/wordpress\/plugins\/seo\/ -->\n<title>Asesinato, desaparici\u00f3n y amenazas en La Salina: denuncian grave situaci\u00f3n<\/title>\n<meta name=\"description\" content=\"Denuncian asesinato, desaparici\u00f3n y amenazas en La Salina, Casanare. Organizaci\u00f3n alerta sobre violaciones a derechos humanos.\" \/>\n<meta name=\"robots\" content=\"index, follow, max-snippet:-1, max-image-preview:large, max-video-preview:-1\" \/>\n<link rel=\"canonical\" href=\"https:\/\/marthacifuentes.com\/portada\/asesinato-desaparicion-amenazas-la-salina-casanare\/\" \/>\n<meta property=\"og:locale\" content=\"es_ES\" \/>\n<meta property=\"og:type\" content=\"article\" \/>\n<meta property=\"og:title\" content=\"Grave alerta en La Salina: denuncian asesinato, desaparici\u00f3n y amenazas\" \/>\n<meta property=\"og:description\" content=\"Organizaci\u00f3n de DD. HH. advierte sobre homicidio, desaparici\u00f3n y hostigamientos en Casanare.\" \/>\n<meta property=\"og:url\" content=\"https:\/\/marthacifuentes.com\/portada\/asesinato-desaparicion-amenazas-la-salina-casanare\/\" \/>\n<meta property=\"og:site_name\" content=\"\u25b7 Noticias de Casanare : Martha Cifuentes | Casanare\" \/>\n<meta property=\"article:published_time\" content=\"2026-04-30T14:36:57+00:00\" \/>\n<meta property=\"article:modified_time\" content=\"2026-04-30T14:37:00+00:00\" \/>\n<meta property=\"og:image\" content=\"https:\/\/marthacifuentes.com\/portada\/wp-content\/uploads\/2026\/04\/FOTO-MONTAJE-DENUNCIA-VIOLACION-DERECHOS-HUMANOS-EN-LA-SALINA-CASANARE-1-1.png\" \/>\n\t<meta property=\"og:image:width\" content=\"516\" \/>\n\t<meta property=\"og:image:height\" content=\"288\" \/>\n\t<meta property=\"og:image:type\" content=\"image\/png\" \/>\n<meta name=\"author\" content=\"Martha Cifuentes\" \/>\n<meta name=\"twitter:card\" content=\"summary_large_image\" \/>\n<meta name=\"twitter:title\" content=\"Grave alerta en La Salina: denuncian asesinato, desaparici\u00f3n y amenazas\" \/>\n<meta name=\"twitter:description\" content=\"Organizaci\u00f3n de DD. HH. advierte sobre homicidio, desaparici\u00f3n y hostigamientos en Casanare.\" \/>\n<meta name=\"twitter:label1\" content=\"Escrito por\" \/>\n\t<meta name=\"twitter:data1\" content=\"Martha Cifuentes\" \/>\n\t<meta name=\"twitter:label2\" content=\"Tiempo de lectura\" \/>\n\t<meta name=\"twitter:data2\" content=\"3 minutos\" \/>\n<script type=\"application\/ld+json\" class=\"yoast-schema-graph\">{\"@context\":\"https:\/\/schema.org\",\"@graph\":[{\"@type\":\"WebPage\",\"@id\":\"https:\/\/marthacifuentes.com\/portada\/asesinato-desaparicion-amenazas-la-salina-casanare\/\",\"url\":\"https:\/\/marthacifuentes.com\/portada\/asesinato-desaparicion-amenazas-la-salina-casanare\/\",\"name\":\"Asesinato, desaparici\u00f3n y amenazas en La Salina: denuncian grave situaci\u00f3n\",\"isPartOf\":{\"@id\":\"https:\/\/marthacifuentes.com\/portada\/#website\"},\"primaryImageOfPage\":{\"@id\":\"https:\/\/marthacifuentes.com\/portada\/asesinato-desaparicion-amenazas-la-salina-casanare\/#primaryimage\"},\"image\":{\"@id\":\"https:\/\/marthacifuentes.com\/portada\/asesinato-desaparicion-amenazas-la-salina-casanare\/#primaryimage\"},\"thumbnailUrl\":\"https:\/\/marthacifuentes.com\/portada\/wp-content\/uploads\/2026\/04\/FOTO-MONTAJE-DENUNCIA-VIOLACION-DERECHOS-HUMANOS-EN-LA-SALINA-CASANARE-1-1.png\",\"datePublished\":\"2026-04-30T14:36:57+00:00\",\"dateModified\":\"2026-04-30T14:37:00+00:00\",\"author\":{\"@id\":\"https:\/\/marthacifuentes.com\/portada\/#\/schema\/person\/57f53174b991db5f90ff78d58502b714\"},\"description\":\"Denuncian asesinato, desaparici\u00f3n y amenazas en La Salina, Casanare. Organizaci\u00f3n alerta sobre violaciones a derechos humanos.\",\"breadcrumb\":{\"@id\":\"https:\/\/marthacifuentes.com\/portada\/asesinato-desaparicion-amenazas-la-salina-casanare\/#breadcrumb\"},\"inLanguage\":\"es\",\"potentialAction\":[{\"@type\":\"ReadAction\",\"target\":[\"https:\/\/marthacifuentes.com\/portada\/asesinato-desaparicion-amenazas-la-salina-casanare\/\"]}]},{\"@type\":\"ImageObject\",\"inLanguage\":\"es\",\"@id\":\"https:\/\/marthacifuentes.com\/portada\/asesinato-desaparicion-amenazas-la-salina-casanare\/#primaryimage\",\"url\":\"https:\/\/marthacifuentes.com\/portada\/wp-content\/uploads\/2026\/04\/FOTO-MONTAJE-DENUNCIA-VIOLACION-DERECHOS-HUMANOS-EN-LA-SALINA-CASANARE-1-1.png\",\"contentUrl\":\"https:\/\/marthacifuentes.com\/portada\/wp-content\/uploads\/2026\/04\/FOTO-MONTAJE-DENUNCIA-VIOLACION-DERECHOS-HUMANOS-EN-LA-SALINA-CASANARE-1-1.png\",\"width\":516,\"height\":288,\"caption\":\"FOTO ILUSTRATIVA REALIZADA CON IA\"},{\"@type\":\"BreadcrumbList\",\"@id\":\"https:\/\/marthacifuentes.com\/portada\/asesinato-desaparicion-amenazas-la-salina-casanare\/#breadcrumb\",\"itemListElement\":[{\"@type\":\"ListItem\",\"position\":1,\"name\":\"Portada\",\"item\":\"https:\/\/marthacifuentes.com\/portada\/\"},{\"@type\":\"ListItem\",\"position\":2,\"name\":\"Asesinato, desaparici\u00f3n y amenazas: denuncian grave situaci\u00f3n de derechos humanos en La Salina, Casanare\"}]},{\"@type\":\"WebSite\",\"@id\":\"https:\/\/marthacifuentes.com\/portada\/#website\",\"url\":\"https:\/\/marthacifuentes.com\/portada\/\",\"name\":\"\u25b7 Noticias de Casanare : Martha Cifuentes | Casanare\",\"description\":\"Noticias &amp; Contenidos\",\"potentialAction\":[{\"@type\":\"SearchAction\",\"target\":{\"@type\":\"EntryPoint\",\"urlTemplate\":\"https:\/\/marthacifuentes.com\/portada\/?s={search_term_string}\"},\"query-input\":{\"@type\":\"PropertyValueSpecification\",\"valueRequired\":true,\"valueName\":\"search_term_string\"}}],\"inLanguage\":\"es\"},{\"@type\":\"Person\",\"@id\":\"https:\/\/marthacifuentes.com\/portada\/#\/schema\/person\/57f53174b991db5f90ff78d58502b714\",\"name\":\"Martha Cifuentes\",\"image\":{\"@type\":\"ImageObject\",\"inLanguage\":\"es\",\"@id\":\"https:\/\/marthacifuentes.com\/portada\/#\/schema\/person\/image\/\",\"url\":\"http:\/\/marthacifuentes.com\/portada\/wp-content\/uploads\/2018\/06\/avatar_user_2_1528838701-96x96.jpg\",\"contentUrl\":\"http:\/\/marthacifuentes.com\/portada\/wp-content\/uploads\/2018\/06\/avatar_user_2_1528838701-96x96.jpg\",\"caption\":\"Martha Cifuentes\"},\"sameAs\":[\"http:\/\/www.marthacifuentes.com\"],\"url\":\"https:\/\/marthacifuentes.com\/portada\/author\/martha\/\"}]}<\/script>\n<!-- \/ Yoast SEO plugin. -->","yoast_head_json":{"title":"Asesinato, desaparici\u00f3n y amenazas en La Salina: denuncian grave situaci\u00f3n","description":"Denuncian asesinato, desaparici\u00f3n y amenazas en La Salina, Casanare. Organizaci\u00f3n alerta sobre violaciones a derechos humanos.","robots":{"index":"index","follow":"follow","max-snippet":"max-snippet:-1","max-image-preview":"max-image-preview:large","max-video-preview":"max-video-preview:-1"},"canonical":"https:\/\/marthacifuentes.com\/portada\/asesinato-desaparicion-amenazas-la-salina-casanare\/","og_locale":"es_ES","og_type":"article","og_title":"Grave alerta en La Salina: denuncian asesinato, desaparici\u00f3n y amenazas","og_description":"Organizaci\u00f3n de DD. HH. advierte sobre homicidio, desaparici\u00f3n y hostigamientos en Casanare.","og_url":"https:\/\/marthacifuentes.com\/portada\/asesinato-desaparicion-amenazas-la-salina-casanare\/","og_site_name":"\u25b7 Noticias de Casanare : Martha Cifuentes | Casanare","article_published_time":"2026-04-30T14:36:57+00:00","article_modified_time":"2026-04-30T14:37:00+00:00","og_image":[{"width":516,"height":288,"url":"https:\/\/marthacifuentes.com\/portada\/wp-content\/uploads\/2026\/04\/FOTO-MONTAJE-DENUNCIA-VIOLACION-DERECHOS-HUMANOS-EN-LA-SALINA-CASANARE-1-1.png","type":"image\/png"}],"author":"Martha Cifuentes","twitter_card":"summary_large_image","twitter_title":"Grave alerta en La Salina: denuncian asesinato, desaparici\u00f3n y amenazas","twitter_description":"Organizaci\u00f3n de DD. HH. advierte sobre homicidio, desaparici\u00f3n y hostigamientos en Casanare.","twitter_misc":{"Escrito por":"Martha Cifuentes","Tiempo de lectura":"3 minutos"},"schema":{"@context":"https:\/\/schema.org","@graph":[{"@type":"WebPage","@id":"https:\/\/marthacifuentes.com\/portada\/asesinato-desaparicion-amenazas-la-salina-casanare\/","url":"https:\/\/marthacifuentes.com\/portada\/asesinato-desaparicion-amenazas-la-salina-casanare\/","name":"Asesinato, desaparici\u00f3n y amenazas en La Salina: denuncian grave situaci\u00f3n","isPartOf":{"@id":"https:\/\/marthacifuentes.com\/portada\/#website"},"primaryImageOfPage":{"@id":"https:\/\/marthacifuentes.com\/portada\/asesinato-desaparicion-amenazas-la-salina-casanare\/#primaryimage"},"image":{"@id":"https:\/\/marthacifuentes.com\/portada\/asesinato-desaparicion-amenazas-la-salina-casanare\/#primaryimage"},"thumbnailUrl":"https:\/\/marthacifuentes.com\/portada\/wp-content\/uploads\/2026\/04\/FOTO-MONTAJE-DENUNCIA-VIOLACION-DERECHOS-HUMANOS-EN-LA-SALINA-CASANARE-1-1.png","datePublished":"2026-04-30T14:36:57+00:00","dateModified":"2026-04-30T14:37:00+00:00","author":{"@id":"https:\/\/marthacifuentes.com\/portada\/#\/schema\/person\/57f53174b991db5f90ff78d58502b714"},"description":"Denuncian asesinato, desaparici\u00f3n y amenazas en La Salina, Casanare. Organizaci\u00f3n alerta sobre violaciones a derechos humanos.","breadcrumb":{"@id":"https:\/\/marthacifuentes.com\/portada\/asesinato-desaparicion-amenazas-la-salina-casanare\/#breadcrumb"},"inLanguage":"es","potentialAction":[{"@type":"ReadAction","target":["https:\/\/marthacifuentes.com\/portada\/asesinato-desaparicion-amenazas-la-salina-casanare\/"]}]},{"@type":"ImageObject","inLanguage":"es","@id":"https:\/\/marthacifuentes.com\/portada\/asesinato-desaparicion-amenazas-la-salina-casanare\/#primaryimage","url":"https:\/\/marthacifuentes.com\/portada\/wp-content\/uploads\/2026\/04\/FOTO-MONTAJE-DENUNCIA-VIOLACION-DERECHOS-HUMANOS-EN-LA-SALINA-CASANARE-1-1.png","contentUrl":"https:\/\/marthacifuentes.com\/portada\/wp-content\/uploads\/2026\/04\/FOTO-MONTAJE-DENUNCIA-VIOLACION-DERECHOS-HUMANOS-EN-LA-SALINA-CASANARE-1-1.png","width":516,"height":288,"caption":"FOTO ILUSTRATIVA REALIZADA CON IA"},{"@type":"BreadcrumbList","@id":"https:\/\/marthacifuentes.com\/portada\/asesinato-desaparicion-amenazas-la-salina-casanare\/#breadcrumb","itemListElement":[{"@type":"ListItem","position":1,"name":"Portada","item":"https:\/\/marthacifuentes.com\/portada\/"},{"@type":"ListItem","position":2,"name":"Asesinato, desaparici\u00f3n y amenazas: denuncian grave situaci\u00f3n de derechos humanos en La Salina, Casanare"}]},{"@type":"WebSite","@id":"https:\/\/marthacifuentes.com\/portada\/#website","url":"https:\/\/marthacifuentes.com\/portada\/","name":"\u25b7 Noticias de Casanare : Martha Cifuentes | Casanare","description":"Noticias &amp; Contenidos","potentialAction":[{"@type":"SearchAction","target":{"@type":"EntryPoint","urlTemplate":"https:\/\/marthacifuentes.com\/portada\/?s={search_term_string}"},"query-input":{"@type":"PropertyValueSpecification","valueRequired":true,"valueName":"search_term_string"}}],"inLanguage":"es"},{"@type":"Person","@id":"https:\/\/marthacifuentes.com\/portada\/#\/schema\/person\/57f53174b991db5f90ff78d58502b714","name":"Martha Cifuentes","image":{"@type":"ImageObject","inLanguage":"es","@id":"https:\/\/marthacifuentes.com\/portada\/#\/schema\/person\/image\/","url":"http:\/\/marthacifuentes.com\/portada\/wp-content\/uploads\/2018\/06\/avatar_user_2_1528838701-96x96.jpg","contentUrl":"http:\/\/marthacifuentes.com\/portada\/wp-content\/uploads\/2018\/06\/avatar_user_2_1528838701-96x96.jpg","caption":"Martha Cifuentes"},"sameAs":["http:\/\/www.marthacifuentes.com"],"url":"https:\/\/marthacifuentes.com\/portada\/author\/martha\/"}]}},"_links":{"self":[{"href":"https:\/\/marthacifuentes.com\/portada\/wp-json\/wp\/v2\/posts\/40152","targetHints":{"allow":["GET"]}}],"collection":[{"href":"https:\/\/marthacifuentes.com\/portada\/wp-json\/wp\/v2\/posts"}],"about":[{"href":"https:\/\/marthacifuentes.com\/portada\/wp-json\/wp\/v2\/types\/post"}],"author":[{"embeddable":true,"href":"https:\/\/marthacifuentes.com\/portada\/wp-json\/wp\/v2\/users\/2"}],"replies":[{"embeddable":true,"href":"https:\/\/marthacifuentes.com\/portada\/wp-json\/wp\/v2\/comments?post=40152"}],"version-history":[{"count":1,"href":"https:\/\/marthacifuentes.com\/portada\/wp-json\/wp\/v2\/posts\/40152\/revisions"}],"predecessor-version":[{"id":40156,"href":"https:\/\/marthacifuentes.com\/portada\/wp-json\/wp\/v2\/posts\/40152\/revisions\/40156"}],"wp:featuredmedia":[{"embeddable":true,"href":"https:\/\/marthacifuentes.com\/portada\/wp-json\/wp\/v2\/media\/40155"}],"wp:attachment":[{"href":"https:\/\/marthacifuentes.com\/portada\/wp-json\/wp\/v2\/media?parent=40152"}],"wp:term":[{"taxonomy":"category","embeddable":true,"href":"https:\/\/marthacifuentes.com\/portada\/wp-json\/wp\/v2\/categories?post=40152"},{"taxonomy":"post_tag","embeddable":true,"href":"https:\/\/marthacifuentes.com\/portada\/wp-json\/wp\/v2\/tags?post=40152"}],"curies":[{"name":"wp","href":"https:\/\/api.w.org\/{rel}","templated":true}]}}