{"id":40157,"date":"2026-04-30T10:28:11","date_gmt":"2026-04-30T15:28:11","guid":{"rendered":"https:\/\/marthacifuentes.com\/portada\/?p=40157"},"modified":"2026-04-30T10:30:34","modified_gmt":"2026-04-30T15:30:34","slug":"robison-mendoza-volvio-sin-vida-chalan-sucre","status":"publish","type":"post","link":"https:\/\/marthacifuentes.com\/portada\/robison-mendoza-volvio-sin-vida-chalan-sucre\/","title":{"rendered":"Hace 29 a\u00f1os Robison sali\u00f3 a buscar trabajo en Aguazul y fue desaparecido: su cuerpo ya regres\u00f3 a su familia en Chal\u00e1n, Sucre."},"content":{"rendered":"\n<p>Casi 30 a\u00f1os tuvieron que pasar para que Robison Antonio Mendoza Tovar regresara a casa.<\/p>\n\n\n\n<p>No volvi\u00f3 como su familia lo so\u00f1\u00f3 durante tanto tiempo, pero volvi\u00f3. Y eso, en medio de tanto dolor, tambi\u00e9n es un alivio.<\/p>\n\n\n\n<p>En el sal\u00f3n parroquial de Chal\u00e1n, en Sucre, unas 20 personas \u2014su esposa Nidian, sus hijos, hermanos, sobrinos y nietos\u2014 se reunieron para recibirlo. Su cuerpo lleg\u00f3 en un peque\u00f1o cofre de madera. <\/p>\n\n\n\n<p>Alrededor, no solo estaban ellos: tambi\u00e9n estaban los recuerdos, las historias y la vida que qued\u00f3 suspendida desde septiembre de 1997, cuando Robison sali\u00f3 hacia Aguazul, en Casanare, buscando una oportunidad para su familia.<\/p>\n\n\n\n<p>Durante a\u00f1os, su nombre fue ausencia. Pregunta. Espera. Ese d\u00eda, en cambio, fue presencia.<\/p>\n\n\n\n<p>Hubo l\u00e1grimas, pero tambi\u00e9n silencios largos. Hubo abrazos que parec\u00edan sostener d\u00e9cadas enteras. Y, entre todo, una sensaci\u00f3n dif\u00edcil de explicar: la de tenerlo de vuelta, aunque fuera para despedirse.<\/p>\n\n\n\n<figure class=\"wp-block-image size-large\"><img loading=\"lazy\" decoding=\"async\" width=\"1024\" height=\"768\" src=\"https:\/\/marthacifuentes.com\/portada\/wp-content\/uploads\/2026\/04\/WhatsApp-Image-2026-04-29-at-6.38.59-PM-2-3-1024x768.jpeg\" alt=\"\" class=\"wp-image-40173\" srcset=\"https:\/\/marthacifuentes.com\/portada\/wp-content\/uploads\/2026\/04\/WhatsApp-Image-2026-04-29-at-6.38.59-PM-2-3-1024x768.jpeg 1024w, https:\/\/marthacifuentes.com\/portada\/wp-content\/uploads\/2026\/04\/WhatsApp-Image-2026-04-29-at-6.38.59-PM-2-3-300x225.jpeg 300w, https:\/\/marthacifuentes.com\/portada\/wp-content\/uploads\/2026\/04\/WhatsApp-Image-2026-04-29-at-6.38.59-PM-2-3-768x576.jpeg 768w, https:\/\/marthacifuentes.com\/portada\/wp-content\/uploads\/2026\/04\/WhatsApp-Image-2026-04-29-at-6.38.59-PM-2-3-1536x1152.jpeg 1536w, https:\/\/marthacifuentes.com\/portada\/wp-content\/uploads\/2026\/04\/WhatsApp-Image-2026-04-29-at-6.38.59-PM-2-3.jpeg 1600w\" sizes=\"auto, (max-width: 1024px) 100vw, 1024px\" \/><\/figure>\n\n\n\n<h2 class=\"wp-block-heading\"><strong>El final de una b\u00fasqueda, el inicio del duelo<\/strong><\/h2>\n\n\n\n<p>Despu\u00e9s del encuentro en el sal\u00f3n, la familia camin\u00f3 con \u00e9l hasta la iglesia Inmaculada Concepci\u00f3n de Mar\u00eda. Ese mismo lugar donde tantas veces llegaron a pedir respuestas cuando no sab\u00edan d\u00f3nde estaba.<\/p>\n\n\n\n<p>All\u00ed, entre rezos y miradas profundas, comenzaron a cerrar una herida que llevaba abierta casi tres d\u00e9cadas.<\/p>\n\n\n\n<p>En Colombia, m\u00e1s de 136.000 personas han sido dadas por desaparecidas a causa del conflicto armado. Para sus familias, la incertidumbre pesa tanto como la p\u00e9rdida.<\/p>\n\n\n\n<p>Por eso, encontrar \u2014incluso cuando es para despedir\u2014 tambi\u00e9n significa descansar.<\/p>\n\n\n\n<p>Para los Mendoza Tovar, el regreso de Robison no borra el dolor, pero s\u00ed transforma la espera. <\/p>\n\n\n\n<figure class=\"wp-block-gallery has-nested-images columns-default is-cropped wp-block-gallery-1 is-layout-flex wp-block-gallery-is-layout-flex\">\n<figure class=\"wp-block-image size-large\"><img loading=\"lazy\" decoding=\"async\" width=\"1024\" height=\"768\" data-id=\"40169\" src=\"https:\/\/marthacifuentes.com\/portada\/wp-content\/uploads\/2026\/04\/WhatsApp-Image-2026-04-29-at-6.39.00-PM-1024x768.jpeg\" alt=\"\" class=\"wp-image-40169\" srcset=\"https:\/\/marthacifuentes.com\/portada\/wp-content\/uploads\/2026\/04\/WhatsApp-Image-2026-04-29-at-6.39.00-PM-1024x768.jpeg 1024w, https:\/\/marthacifuentes.com\/portada\/wp-content\/uploads\/2026\/04\/WhatsApp-Image-2026-04-29-at-6.39.00-PM-300x225.jpeg 300w, https:\/\/marthacifuentes.com\/portada\/wp-content\/uploads\/2026\/04\/WhatsApp-Image-2026-04-29-at-6.39.00-PM-768x576.jpeg 768w, https:\/\/marthacifuentes.com\/portada\/wp-content\/uploads\/2026\/04\/WhatsApp-Image-2026-04-29-at-6.39.00-PM-1536x1152.jpeg 1536w, https:\/\/marthacifuentes.com\/portada\/wp-content\/uploads\/2026\/04\/WhatsApp-Image-2026-04-29-at-6.39.00-PM-2048x1536.jpeg 2048w\" sizes=\"auto, (max-width: 1024px) 100vw, 1024px\" \/><\/figure>\n\n\n\n<figure class=\"wp-block-image size-large\"><img loading=\"lazy\" decoding=\"async\" width=\"1024\" height=\"768\" data-id=\"40168\" src=\"https:\/\/marthacifuentes.com\/portada\/wp-content\/uploads\/2026\/04\/WhatsApp-Image-2026-04-29-at-6.38.59-PM-2-2-1024x768.jpeg\" alt=\"\" class=\"wp-image-40168\" srcset=\"https:\/\/marthacifuentes.com\/portada\/wp-content\/uploads\/2026\/04\/WhatsApp-Image-2026-04-29-at-6.38.59-PM-2-2-1024x768.jpeg 1024w, https:\/\/marthacifuentes.com\/portada\/wp-content\/uploads\/2026\/04\/WhatsApp-Image-2026-04-29-at-6.38.59-PM-2-2-300x225.jpeg 300w, https:\/\/marthacifuentes.com\/portada\/wp-content\/uploads\/2026\/04\/WhatsApp-Image-2026-04-29-at-6.38.59-PM-2-2-768x576.jpeg 768w, https:\/\/marthacifuentes.com\/portada\/wp-content\/uploads\/2026\/04\/WhatsApp-Image-2026-04-29-at-6.38.59-PM-2-2-1536x1152.jpeg 1536w, https:\/\/marthacifuentes.com\/portada\/wp-content\/uploads\/2026\/04\/WhatsApp-Image-2026-04-29-at-6.38.59-PM-2-2.jpeg 1600w\" sizes=\"auto, (max-width: 1024px) 100vw, 1024px\" \/><\/figure>\n\n\n\n<figure class=\"wp-block-image size-large\"><img loading=\"lazy\" decoding=\"async\" width=\"1024\" height=\"576\" data-id=\"40170\" src=\"https:\/\/marthacifuentes.com\/portada\/wp-content\/uploads\/2026\/04\/WhatsApp-Image-2026-04-29-at-6.38.59-PM-1-2-1024x576.jpeg\" alt=\"\" class=\"wp-image-40170\" srcset=\"https:\/\/marthacifuentes.com\/portada\/wp-content\/uploads\/2026\/04\/WhatsApp-Image-2026-04-29-at-6.38.59-PM-1-2-1024x576.jpeg 1024w, https:\/\/marthacifuentes.com\/portada\/wp-content\/uploads\/2026\/04\/WhatsApp-Image-2026-04-29-at-6.38.59-PM-1-2-300x169.jpeg 300w, https:\/\/marthacifuentes.com\/portada\/wp-content\/uploads\/2026\/04\/WhatsApp-Image-2026-04-29-at-6.38.59-PM-1-2-768x432.jpeg 768w, https:\/\/marthacifuentes.com\/portada\/wp-content\/uploads\/2026\/04\/WhatsApp-Image-2026-04-29-at-6.38.59-PM-1-2-1536x864.jpeg 1536w, https:\/\/marthacifuentes.com\/portada\/wp-content\/uploads\/2026\/04\/WhatsApp-Image-2026-04-29-at-6.38.59-PM-1-2-390x220.jpeg 390w, https:\/\/marthacifuentes.com\/portada\/wp-content\/uploads\/2026\/04\/WhatsApp-Image-2026-04-29-at-6.38.59-PM-1-2.jpeg 1600w\" sizes=\"auto, (max-width: 1024px) 100vw, 1024px\" \/><\/figure>\n\n\n\n<figure class=\"wp-block-image size-large\"><img loading=\"lazy\" decoding=\"async\" width=\"1024\" height=\"576\" data-id=\"40171\" src=\"https:\/\/marthacifuentes.com\/portada\/wp-content\/uploads\/2026\/04\/WhatsApp-Image-2026-04-29-at-6.38.59-PM-4-1024x576.jpeg\" alt=\"\" class=\"wp-image-40171\" srcset=\"https:\/\/marthacifuentes.com\/portada\/wp-content\/uploads\/2026\/04\/WhatsApp-Image-2026-04-29-at-6.38.59-PM-4-1024x576.jpeg 1024w, https:\/\/marthacifuentes.com\/portada\/wp-content\/uploads\/2026\/04\/WhatsApp-Image-2026-04-29-at-6.38.59-PM-4-300x169.jpeg 300w, https:\/\/marthacifuentes.com\/portada\/wp-content\/uploads\/2026\/04\/WhatsApp-Image-2026-04-29-at-6.38.59-PM-4-768x432.jpeg 768w, https:\/\/marthacifuentes.com\/portada\/wp-content\/uploads\/2026\/04\/WhatsApp-Image-2026-04-29-at-6.38.59-PM-4-1536x864.jpeg 1536w, https:\/\/marthacifuentes.com\/portada\/wp-content\/uploads\/2026\/04\/WhatsApp-Image-2026-04-29-at-6.38.59-PM-4-390x220.jpeg 390w, https:\/\/marthacifuentes.com\/portada\/wp-content\/uploads\/2026\/04\/WhatsApp-Image-2026-04-29-at-6.38.59-PM-4.jpeg 1600w\" sizes=\"auto, (max-width: 1024px) 100vw, 1024px\" \/><\/figure>\n\n\n\n<figure class=\"wp-block-image size-large\"><img loading=\"lazy\" decoding=\"async\" width=\"1024\" height=\"599\" data-id=\"40167\" src=\"https:\/\/marthacifuentes.com\/portada\/wp-content\/uploads\/2026\/04\/WhatsApp-Image-2026-04-29-at-6.38.58-PM-2-1024x599.jpeg\" alt=\"\" class=\"wp-image-40167\" srcset=\"https:\/\/marthacifuentes.com\/portada\/wp-content\/uploads\/2026\/04\/WhatsApp-Image-2026-04-29-at-6.38.58-PM-2-1024x599.jpeg 1024w, https:\/\/marthacifuentes.com\/portada\/wp-content\/uploads\/2026\/04\/WhatsApp-Image-2026-04-29-at-6.38.58-PM-2-300x175.jpeg 300w, https:\/\/marthacifuentes.com\/portada\/wp-content\/uploads\/2026\/04\/WhatsApp-Image-2026-04-29-at-6.38.58-PM-2-768x449.jpeg 768w, https:\/\/marthacifuentes.com\/portada\/wp-content\/uploads\/2026\/04\/WhatsApp-Image-2026-04-29-at-6.38.58-PM-2.jpeg 1395w\" sizes=\"auto, (max-width: 1024px) 100vw, 1024px\" \/><\/figure>\n<\/figure>\n\n\n\n<h2 class=\"wp-block-heading\"><strong>Una mujer que convirti\u00f3 el dolor en lucha<\/strong><\/h2>\n\n\n\n<p>Nidian Navarro Luna, su compa\u00f1era de vida y madre de sus hijas, no se qued\u00f3 quieta frente a la ausencia.<\/p>\n\n\n\n<p>Durante a\u00f1os busc\u00f3, pregunt\u00f3, insisti\u00f3 y persisti\u00f3. Su dolor se convirti\u00f3 en fuerza, energ\u00eda y en camino para otros.<\/p>\n\n\n\n<p>\u201cSigan insistiendo, persistiendo en la lucha de encontrar a sus seres queridos\u2026 as\u00ed como encontr\u00e9 el m\u00edo, quiero que los dem\u00e1s encuentren a los suyos\u201d.<\/p>\n\n\n\n<p>Su voz no es solo testimonio. Es acompa\u00f1amiento para otras familias que a\u00fan esperan.<\/p>\n\n\n\n<figure class=\"wp-block-video\"><video controls src=\"https:\/\/marthacifuentes.com\/portada\/wp-content\/uploads\/2026\/04\/WhatsApp-Video-2026-04-29-at-6.39.47-PM.mp4\"><\/video><\/figure>\n\n\n\n<h2 class=\"wp-block-heading\"><strong>Una b\u00fasqueda que uni\u00f3 territorios<\/strong><\/h2>\n\n\n\n<p>El hallazgo de Robison fue posible gracias al trabajo articulado entre equipos de la Unidad de B\u00fasqueda en Sucre y Casanare.<\/p>\n\n\n\n<p>Fue en Aguazul, ese mismo lugar al que \u00e9l viaj\u00f3 buscando un mejor futuro, donde se adelantaron labores forenses en el cementerio que permitieron recuperar su cuerpo.<\/p>\n\n\n\n<p>La identificaci\u00f3n se logr\u00f3 mediante un proceso que incluy\u00f3 muestras biol\u00f3gicas de su esposa y sus hijas, analizadas por Medicina Legal y el Centro Integral de Abordaje Forense e Identificaci\u00f3n.<\/p>\n\n\n\n<p>Pero m\u00e1s all\u00e1 de lo t\u00e9cnico, lo que permiti\u00f3 este resultado fue la persistencia de su familia.<\/p>\n\n\n\n<h2 class=\"wp-block-heading\"><strong>Volver, aunque duela, tambi\u00e9n es sanar<\/strong><\/h2>\n\n\n\n<p>La entrega de Robison no es solo el cierre de un caso. Es la posibilidad de nombrarlo sin incertidumbre, de saber d\u00f3nde est\u00e1 y de despedirse.<\/p>\n\n\n\n<p>En lugares marcados por la violencia, estos regresos son m\u00e1s que noticias: son momentos que reconstruyen, poco a poco, el tejido de las familias y de las comunidades.<\/p>\n","protected":false},"excerpt":{"rendered":"<p>Casi 30 a\u00f1os tuvieron que pasar para que Robison Antonio Mendoza Tovar regresara a casa. No volvi\u00f3 como su familia lo so\u00f1\u00f3 durante tanto tiempo, pero volvi\u00f3. Y eso, en medio de tanto dolor, tambi\u00e9n es un alivio. En el sal\u00f3n parroquial de Chal\u00e1n, en Sucre, unas 20 personas \u2014su esposa Nidian, sus hijos, hermanos, &hellip;<\/p>\n","protected":false},"author":2,"featured_media":40162,"comment_status":"open","ping_status":"open","sticky":false,"template":"","format":"standard","meta":{"om_disable_all_campaigns":false,"_exactmetrics_skip_tracking":false,"_exactmetrics_sitenote_active":false,"_exactmetrics_sitenote_note":"","_exactmetrics_sitenote_category":0,"_monsterinsights_skip_tracking":false,"_monsterinsights_sitenote_active":false,"_monsterinsights_sitenote_note":"","_monsterinsights_sitenote_category":0,"_uf_show_specific_survey":0,"_uf_disable_surveys":false,"_joinchat":[],"footnotes":""},"categories":[147,146,145],"tags":[219,154,15208,8411,13302,6538,11592,15207,15206,7872,14920,1191],"class_list":["post-40157","post","type-post","status-publish","format-standard","has-post-thumbnail","hentry","category-actualidad","category-noticias","category-reportajes","tag-aguazul","tag-casanare","tag-chalan","tag-conflicto-armado","tag-desaparecidos","tag-medicina-legal","tag-memoria-historica","tag-nidian-navarro-luna","tag-robison-antonio-mendoza-tovar","tag-sucre","tag-unidad-de-busqueda","tag-victimas"],"yoast_head":"<!-- This site is optimized with the Yoast SEO plugin v26.1 - https:\/\/yoast.com\/wordpress\/plugins\/seo\/ -->\n<title>Robison volvi\u00f3 sin vida tras desaparecer en Aguazul, Casanare<\/title>\n<meta name=\"description\" content=\"Tras casi 30 a\u00f1os desaparecido, Robison Mendoza regres\u00f3 sin vida a Chal\u00e1n. Su familia inicia el duelo.\" \/>\n<meta name=\"robots\" content=\"index, follow, max-snippet:-1, max-image-preview:large, max-video-preview:-1\" \/>\n<link rel=\"canonical\" href=\"https:\/\/marthacifuentes.com\/portada\/robison-mendoza-volvio-sin-vida-chalan-sucre\/\" \/>\n<meta property=\"og:locale\" content=\"es_ES\" \/>\n<meta property=\"og:type\" content=\"article\" \/>\n<meta property=\"og:title\" content=\"Despu\u00e9s de 30 a\u00f1os, Robison volvi\u00f3 sin vida a su hogar\" \/>\n<meta property=\"og:description\" content=\"Una historia de espera, dolor y cierre: su familia por fin pudo despedirse.\" \/>\n<meta property=\"og:url\" content=\"https:\/\/marthacifuentes.com\/portada\/robison-mendoza-volvio-sin-vida-chalan-sucre\/\" \/>\n<meta property=\"og:site_name\" content=\"\u25b7 Noticias de Casanare : Martha Cifuentes | Casanare\" \/>\n<meta property=\"article:published_time\" content=\"2026-04-30T15:28:11+00:00\" \/>\n<meta property=\"article:modified_time\" content=\"2026-04-30T15:30:34+00:00\" \/>\n<meta property=\"og:image\" content=\"https:\/\/marthacifuentes.com\/portada\/wp-content\/uploads\/2026\/04\/ROBISON-DESAPARECIDO-HACE-30-ANOS-EN-AGUAZUL-VOLVIO-A-SUCRE.jpeg\" \/>\n\t<meta property=\"og:image:width\" content=\"1600\" \/>\n\t<meta property=\"og:image:height\" content=\"900\" \/>\n\t<meta property=\"og:image:type\" content=\"image\/jpeg\" \/>\n<meta name=\"author\" content=\"Martha Cifuentes\" \/>\n<meta name=\"twitter:card\" content=\"summary_large_image\" \/>\n<meta name=\"twitter:title\" content=\"Despu\u00e9s de 30 a\u00f1os, Robison volvi\u00f3 sin vida a su hogar\" \/>\n<meta name=\"twitter:description\" content=\"Una historia de espera, dolor y cierre: su familia por fin pudo despedirse.\" \/>\n<meta name=\"twitter:label1\" content=\"Escrito por\" \/>\n\t<meta name=\"twitter:data1\" content=\"Martha Cifuentes\" \/>\n\t<meta name=\"twitter:label2\" content=\"Tiempo de lectura\" \/>\n\t<meta name=\"twitter:data2\" content=\"4 minutos\" \/>\n<script type=\"application\/ld+json\" class=\"yoast-schema-graph\">{\"@context\":\"https:\/\/schema.org\",\"@graph\":[{\"@type\":\"WebPage\",\"@id\":\"https:\/\/marthacifuentes.com\/portada\/robison-mendoza-volvio-sin-vida-chalan-sucre\/\",\"url\":\"https:\/\/marthacifuentes.com\/portada\/robison-mendoza-volvio-sin-vida-chalan-sucre\/\",\"name\":\"Robison volvi\u00f3 sin vida tras desaparecer en Aguazul, Casanare\",\"isPartOf\":{\"@id\":\"https:\/\/marthacifuentes.com\/portada\/#website\"},\"primaryImageOfPage\":{\"@id\":\"https:\/\/marthacifuentes.com\/portada\/robison-mendoza-volvio-sin-vida-chalan-sucre\/#primaryimage\"},\"image\":{\"@id\":\"https:\/\/marthacifuentes.com\/portada\/robison-mendoza-volvio-sin-vida-chalan-sucre\/#primaryimage\"},\"thumbnailUrl\":\"https:\/\/marthacifuentes.com\/portada\/wp-content\/uploads\/2026\/04\/ROBISON-DESAPARECIDO-HACE-30-ANOS-EN-AGUAZUL-VOLVIO-A-SUCRE.jpeg\",\"datePublished\":\"2026-04-30T15:28:11+00:00\",\"dateModified\":\"2026-04-30T15:30:34+00:00\",\"author\":{\"@id\":\"https:\/\/marthacifuentes.com\/portada\/#\/schema\/person\/57f53174b991db5f90ff78d58502b714\"},\"description\":\"Tras casi 30 a\u00f1os desaparecido, Robison Mendoza regres\u00f3 sin vida a Chal\u00e1n. Su familia inicia el duelo.\",\"breadcrumb\":{\"@id\":\"https:\/\/marthacifuentes.com\/portada\/robison-mendoza-volvio-sin-vida-chalan-sucre\/#breadcrumb\"},\"inLanguage\":\"es\",\"potentialAction\":[{\"@type\":\"ReadAction\",\"target\":[\"https:\/\/marthacifuentes.com\/portada\/robison-mendoza-volvio-sin-vida-chalan-sucre\/\"]}]},{\"@type\":\"ImageObject\",\"inLanguage\":\"es\",\"@id\":\"https:\/\/marthacifuentes.com\/portada\/robison-mendoza-volvio-sin-vida-chalan-sucre\/#primaryimage\",\"url\":\"https:\/\/marthacifuentes.com\/portada\/wp-content\/uploads\/2026\/04\/ROBISON-DESAPARECIDO-HACE-30-ANOS-EN-AGUAZUL-VOLVIO-A-SUCRE.jpeg\",\"contentUrl\":\"https:\/\/marthacifuentes.com\/portada\/wp-content\/uploads\/2026\/04\/ROBISON-DESAPARECIDO-HACE-30-ANOS-EN-AGUAZUL-VOLVIO-A-SUCRE.jpeg\",\"width\":1600,\"height\":900},{\"@type\":\"BreadcrumbList\",\"@id\":\"https:\/\/marthacifuentes.com\/portada\/robison-mendoza-volvio-sin-vida-chalan-sucre\/#breadcrumb\",\"itemListElement\":[{\"@type\":\"ListItem\",\"position\":1,\"name\":\"Portada\",\"item\":\"https:\/\/marthacifuentes.com\/portada\/\"},{\"@type\":\"ListItem\",\"position\":2,\"name\":\"Hace 29 a\u00f1os Robison sali\u00f3 a buscar trabajo en Aguazul y fue desaparecido: su cuerpo ya regres\u00f3 a su familia en Chal\u00e1n, Sucre.\"}]},{\"@type\":\"WebSite\",\"@id\":\"https:\/\/marthacifuentes.com\/portada\/#website\",\"url\":\"https:\/\/marthacifuentes.com\/portada\/\",\"name\":\"\u25b7 Noticias de Casanare : Martha Cifuentes | Casanare\",\"description\":\"Noticias &amp; Contenidos\",\"potentialAction\":[{\"@type\":\"SearchAction\",\"target\":{\"@type\":\"EntryPoint\",\"urlTemplate\":\"https:\/\/marthacifuentes.com\/portada\/?s={search_term_string}\"},\"query-input\":{\"@type\":\"PropertyValueSpecification\",\"valueRequired\":true,\"valueName\":\"search_term_string\"}}],\"inLanguage\":\"es\"},{\"@type\":\"Person\",\"@id\":\"https:\/\/marthacifuentes.com\/portada\/#\/schema\/person\/57f53174b991db5f90ff78d58502b714\",\"name\":\"Martha Cifuentes\",\"image\":{\"@type\":\"ImageObject\",\"inLanguage\":\"es\",\"@id\":\"https:\/\/marthacifuentes.com\/portada\/#\/schema\/person\/image\/\",\"url\":\"http:\/\/marthacifuentes.com\/portada\/wp-content\/uploads\/2018\/06\/avatar_user_2_1528838701-96x96.jpg\",\"contentUrl\":\"http:\/\/marthacifuentes.com\/portada\/wp-content\/uploads\/2018\/06\/avatar_user_2_1528838701-96x96.jpg\",\"caption\":\"Martha Cifuentes\"},\"sameAs\":[\"http:\/\/www.marthacifuentes.com\"],\"url\":\"https:\/\/marthacifuentes.com\/portada\/author\/martha\/\"}]}<\/script>\n<!-- \/ Yoast SEO plugin. -->","yoast_head_json":{"title":"Robison volvi\u00f3 sin vida tras desaparecer en Aguazul, Casanare","description":"Tras casi 30 a\u00f1os desaparecido, Robison Mendoza regres\u00f3 sin vida a Chal\u00e1n. Su familia inicia el duelo.","robots":{"index":"index","follow":"follow","max-snippet":"max-snippet:-1","max-image-preview":"max-image-preview:large","max-video-preview":"max-video-preview:-1"},"canonical":"https:\/\/marthacifuentes.com\/portada\/robison-mendoza-volvio-sin-vida-chalan-sucre\/","og_locale":"es_ES","og_type":"article","og_title":"Despu\u00e9s de 30 a\u00f1os, Robison volvi\u00f3 sin vida a su hogar","og_description":"Una historia de espera, dolor y cierre: su familia por fin pudo despedirse.","og_url":"https:\/\/marthacifuentes.com\/portada\/robison-mendoza-volvio-sin-vida-chalan-sucre\/","og_site_name":"\u25b7 Noticias de Casanare : Martha Cifuentes | Casanare","article_published_time":"2026-04-30T15:28:11+00:00","article_modified_time":"2026-04-30T15:30:34+00:00","og_image":[{"width":1600,"height":900,"url":"https:\/\/marthacifuentes.com\/portada\/wp-content\/uploads\/2026\/04\/ROBISON-DESAPARECIDO-HACE-30-ANOS-EN-AGUAZUL-VOLVIO-A-SUCRE.jpeg","type":"image\/jpeg"}],"author":"Martha Cifuentes","twitter_card":"summary_large_image","twitter_title":"Despu\u00e9s de 30 a\u00f1os, Robison volvi\u00f3 sin vida a su hogar","twitter_description":"Una historia de espera, dolor y cierre: su familia por fin pudo despedirse.","twitter_misc":{"Escrito por":"Martha Cifuentes","Tiempo de lectura":"4 minutos"},"schema":{"@context":"https:\/\/schema.org","@graph":[{"@type":"WebPage","@id":"https:\/\/marthacifuentes.com\/portada\/robison-mendoza-volvio-sin-vida-chalan-sucre\/","url":"https:\/\/marthacifuentes.com\/portada\/robison-mendoza-volvio-sin-vida-chalan-sucre\/","name":"Robison volvi\u00f3 sin vida tras desaparecer en Aguazul, Casanare","isPartOf":{"@id":"https:\/\/marthacifuentes.com\/portada\/#website"},"primaryImageOfPage":{"@id":"https:\/\/marthacifuentes.com\/portada\/robison-mendoza-volvio-sin-vida-chalan-sucre\/#primaryimage"},"image":{"@id":"https:\/\/marthacifuentes.com\/portada\/robison-mendoza-volvio-sin-vida-chalan-sucre\/#primaryimage"},"thumbnailUrl":"https:\/\/marthacifuentes.com\/portada\/wp-content\/uploads\/2026\/04\/ROBISON-DESAPARECIDO-HACE-30-ANOS-EN-AGUAZUL-VOLVIO-A-SUCRE.jpeg","datePublished":"2026-04-30T15:28:11+00:00","dateModified":"2026-04-30T15:30:34+00:00","author":{"@id":"https:\/\/marthacifuentes.com\/portada\/#\/schema\/person\/57f53174b991db5f90ff78d58502b714"},"description":"Tras casi 30 a\u00f1os desaparecido, Robison Mendoza regres\u00f3 sin vida a Chal\u00e1n. Su familia inicia el duelo.","breadcrumb":{"@id":"https:\/\/marthacifuentes.com\/portada\/robison-mendoza-volvio-sin-vida-chalan-sucre\/#breadcrumb"},"inLanguage":"es","potentialAction":[{"@type":"ReadAction","target":["https:\/\/marthacifuentes.com\/portada\/robison-mendoza-volvio-sin-vida-chalan-sucre\/"]}]},{"@type":"ImageObject","inLanguage":"es","@id":"https:\/\/marthacifuentes.com\/portada\/robison-mendoza-volvio-sin-vida-chalan-sucre\/#primaryimage","url":"https:\/\/marthacifuentes.com\/portada\/wp-content\/uploads\/2026\/04\/ROBISON-DESAPARECIDO-HACE-30-ANOS-EN-AGUAZUL-VOLVIO-A-SUCRE.jpeg","contentUrl":"https:\/\/marthacifuentes.com\/portada\/wp-content\/uploads\/2026\/04\/ROBISON-DESAPARECIDO-HACE-30-ANOS-EN-AGUAZUL-VOLVIO-A-SUCRE.jpeg","width":1600,"height":900},{"@type":"BreadcrumbList","@id":"https:\/\/marthacifuentes.com\/portada\/robison-mendoza-volvio-sin-vida-chalan-sucre\/#breadcrumb","itemListElement":[{"@type":"ListItem","position":1,"name":"Portada","item":"https:\/\/marthacifuentes.com\/portada\/"},{"@type":"ListItem","position":2,"name":"Hace 29 a\u00f1os Robison sali\u00f3 a buscar trabajo en Aguazul y fue desaparecido: su cuerpo ya regres\u00f3 a su familia en Chal\u00e1n, Sucre."}]},{"@type":"WebSite","@id":"https:\/\/marthacifuentes.com\/portada\/#website","url":"https:\/\/marthacifuentes.com\/portada\/","name":"\u25b7 Noticias de Casanare : Martha Cifuentes | Casanare","description":"Noticias &amp; Contenidos","potentialAction":[{"@type":"SearchAction","target":{"@type":"EntryPoint","urlTemplate":"https:\/\/marthacifuentes.com\/portada\/?s={search_term_string}"},"query-input":{"@type":"PropertyValueSpecification","valueRequired":true,"valueName":"search_term_string"}}],"inLanguage":"es"},{"@type":"Person","@id":"https:\/\/marthacifuentes.com\/portada\/#\/schema\/person\/57f53174b991db5f90ff78d58502b714","name":"Martha Cifuentes","image":{"@type":"ImageObject","inLanguage":"es","@id":"https:\/\/marthacifuentes.com\/portada\/#\/schema\/person\/image\/","url":"http:\/\/marthacifuentes.com\/portada\/wp-content\/uploads\/2018\/06\/avatar_user_2_1528838701-96x96.jpg","contentUrl":"http:\/\/marthacifuentes.com\/portada\/wp-content\/uploads\/2018\/06\/avatar_user_2_1528838701-96x96.jpg","caption":"Martha Cifuentes"},"sameAs":["http:\/\/www.marthacifuentes.com"],"url":"https:\/\/marthacifuentes.com\/portada\/author\/martha\/"}]}},"_links":{"self":[{"href":"https:\/\/marthacifuentes.com\/portada\/wp-json\/wp\/v2\/posts\/40157","targetHints":{"allow":["GET"]}}],"collection":[{"href":"https:\/\/marthacifuentes.com\/portada\/wp-json\/wp\/v2\/posts"}],"about":[{"href":"https:\/\/marthacifuentes.com\/portada\/wp-json\/wp\/v2\/types\/post"}],"author":[{"embeddable":true,"href":"https:\/\/marthacifuentes.com\/portada\/wp-json\/wp\/v2\/users\/2"}],"replies":[{"embeddable":true,"href":"https:\/\/marthacifuentes.com\/portada\/wp-json\/wp\/v2\/comments?post=40157"}],"version-history":[{"count":2,"href":"https:\/\/marthacifuentes.com\/portada\/wp-json\/wp\/v2\/posts\/40157\/revisions"}],"predecessor-version":[{"id":40175,"href":"https:\/\/marthacifuentes.com\/portada\/wp-json\/wp\/v2\/posts\/40157\/revisions\/40175"}],"wp:featuredmedia":[{"embeddable":true,"href":"https:\/\/marthacifuentes.com\/portada\/wp-json\/wp\/v2\/media\/40162"}],"wp:attachment":[{"href":"https:\/\/marthacifuentes.com\/portada\/wp-json\/wp\/v2\/media?parent=40157"}],"wp:term":[{"taxonomy":"category","embeddable":true,"href":"https:\/\/marthacifuentes.com\/portada\/wp-json\/wp\/v2\/categories?post=40157"},{"taxonomy":"post_tag","embeddable":true,"href":"https:\/\/marthacifuentes.com\/portada\/wp-json\/wp\/v2\/tags?post=40157"}],"curies":[{"name":"wp","href":"https:\/\/api.w.org\/{rel}","templated":true}]}}