{"id":40178,"date":"2026-04-30T19:56:12","date_gmt":"2026-05-01T00:56:12","guid":{"rendered":"https:\/\/marthacifuentes.com\/portada\/?p=40178"},"modified":"2026-04-30T19:56:13","modified_gmt":"2026-05-01T00:56:13","slug":"renta-ciudadana-devolucion-iva-pagos-mayo-2026","status":"publish","type":"post","link":"https:\/\/marthacifuentes.com\/portada\/renta-ciudadana-devolucion-iva-pagos-mayo-2026\/","title":{"rendered":"M\u00e1s de 774 mil hogares recibir\u00e1n pagos de Renta Ciudadana y Devoluci\u00f3n del IVA desde el 2 de mayo"},"content":{"rendered":"\n<p>Prosperidad Social anunci\u00f3 el inicio del segundo ciclo de transferencias de 2026. Los pagos ir\u00e1n hasta el 18 de mayo, con una inversi\u00f3n superior a los $322 mil millones y \u00e9nfasis en hogares \u00e9tnicos e ind\u00edgenas.<\/p>\n\n\n\n<p>Prosperidad Social anunci\u00f3 el inicio del segundo ciclo de pagos de los programas Renta Ciudadana y Devoluci\u00f3n del IVA para 2026, que se desarrollar\u00e1 entre el 2 y el 18 de mayo en todo el pa\u00eds.<\/p>\n\n\n\n<p>De acuerdo con la entidad, en este ciclo ser\u00e1n beneficiados <strong>774.387 hogares<\/strong>, con una<strong> inversi\u00f3n nacional de $322.013 millones<\/strong>, recursos destinados a apoyar a familias en condici\u00f3n de vulnerabilidad y mejorar sus condiciones de vida.<\/p>\n\n\n\n<h2 class=\"wp-block-heading\"><strong>Pagos entre el 2 y el 18 de mayo<\/strong><\/h2>\n\n\n\n<p>El segundo ciclo de transferencias monetarias se entregar\u00e1 bajo la modalidad de giro. Para garantizar cobertura en el territorio nacional, Prosperidad Social inform\u00f3 que los pagos estar\u00e1n a cargo de la uni\u00f3n temporal conformada por <strong>SuRed <\/strong>y <strong>SuperGIROS<\/strong>.<\/p>\n\n\n\n<p>La recomendaci\u00f3n para los hogares beneficiarios es verificar la informaci\u00f3n \u00fanicamente a trav\u00e9s de los canales oficiales de Prosperidad Social y evitar intermediarios, pues todos los tr\u00e1mites ante la entidad son gratuitos.<\/p>\n\n\n\n<h2 class=\"wp-block-heading\"><strong>\u00c9nfasis en hogares \u00e9tnicos e ind\u00edgenas<\/strong><\/h2>\n\n\n\n<p>Este nuevo ciclo tendr\u00e1 un \u00e9nfasis especial en el<strong> reconocimiento de hogares \u00e9tnicos, <\/strong>mediante la ruta 2 del focalizador ind\u00edgena. Seg\u00fan Prosperidad Social, este mecanismo permite el ingreso, actualizaci\u00f3n y validaci\u00f3n de beneficiarios a trav\u00e9s de listados avalados por las autoridades tradicionales.<\/p>\n\n\n\n<p>La entidad explic\u00f3 que esta ruta busca garantizar un enfoque diferencial que respete las din\u00e1micas socioculturales de las comunidades ind\u00edgenas, evitando que el acceso a las transferencias dependa \u00fanicamente de criterios generales que no siempre reflejan las condiciones territoriales de estas poblaciones.<\/p>\n\n\n\n<h2 class=\"wp-block-heading\"><strong>Nuevos hogares entrar\u00edan al modelo de focalizaci\u00f3n<\/strong><\/h2>\n\n\n\n<p>Prosperidad Social tambi\u00e9n indic\u00f3 que, como parte de la actualizaci\u00f3n del modelo de focalizaci\u00f3n para 2026, se integrar\u00e1n nuevos hogares que no hab\u00edan sido beneficiarios anteriormente.<\/p>\n\n\n\n<p>Esta actualizaci\u00f3n se basa en criterios t\u00e9cnicos con informaci\u00f3n del Sisb\u00e9n IV y procesos de validaci\u00f3n institucional, con el fin de dirigir los recursos hacia hogares que cumplen las condiciones definidas por el programa.<\/p>\n\n\n\n<p>\u201cA trav\u00e9s de este segundo ciclo, seguimos asegurando que familias vulnerables fortalezcan su bienestar y transformen sus condiciones de vida\u201d, afirm\u00f3 el director de Prosperidad Social, Mauricio Rodr\u00edguez Amaya.<\/p>\n\n\n\n<h2 class=\"wp-block-heading\"><strong>Canales oficiales para evitar fraudes<\/strong><\/h2>\n\n\n\n<p>Prosperidad Social reiter\u00f3 que ning\u00fan tr\u00e1mite requiere intermediarios ni pagos. Los beneficiarios pueden consultar informaci\u00f3n en la p\u00e1gina oficial de la entidad, en sus gerencias regionales, en el canal de WhatsApp institucional y en las redes verificadas de Prosperidad Social.<\/p>\n\n\n\n<p>La advertencia es clave durante los ciclos de pago, cuando suelen aumentar los intentos de fraude contra familias beneficiarias de programas sociales.<\/p>\n\n\n\n<figure class=\"wp-block-image size-large\"><img loading=\"lazy\" decoding=\"async\" width=\"768\" height=\"1024\" src=\"https:\/\/marthacifuentes.com\/portada\/wp-content\/uploads\/2026\/04\/WhatsApp-Image-2026-04-30-at-7.12.55-PM-1-768x1024.jpeg\" alt=\"\" class=\"wp-image-40180\" srcset=\"https:\/\/marthacifuentes.com\/portada\/wp-content\/uploads\/2026\/04\/WhatsApp-Image-2026-04-30-at-7.12.55-PM-1-768x1024.jpeg 768w, https:\/\/marthacifuentes.com\/portada\/wp-content\/uploads\/2026\/04\/WhatsApp-Image-2026-04-30-at-7.12.55-PM-1-225x300.jpeg 225w, https:\/\/marthacifuentes.com\/portada\/wp-content\/uploads\/2026\/04\/WhatsApp-Image-2026-04-30-at-7.12.55-PM-1-1152x1536.jpeg 1152w, https:\/\/marthacifuentes.com\/portada\/wp-content\/uploads\/2026\/04\/WhatsApp-Image-2026-04-30-at-7.12.55-PM-1.jpeg 1200w\" sizes=\"auto, (max-width: 768px) 100vw, 768px\" \/><\/figure>\n","protected":false},"excerpt":{"rendered":"<p>Prosperidad Social anunci\u00f3 el inicio del segundo ciclo de transferencias de 2026. Los pagos ir\u00e1n hasta el 18 de mayo, con una inversi\u00f3n superior a los $322 mil millones y \u00e9nfasis en hogares \u00e9tnicos e ind\u00edgenas. Prosperidad Social anunci\u00f3 el inicio del segundo ciclo de pagos de los programas Renta Ciudadana y Devoluci\u00f3n del IVA &hellip;<\/p>\n","protected":false},"author":2,"featured_media":40179,"comment_status":"open","ping_status":"open","sticky":false,"template":"","format":"standard","meta":{"om_disable_all_campaigns":false,"_exactmetrics_skip_tracking":false,"_exactmetrics_sitenote_active":false,"_exactmetrics_sitenote_note":"","_exactmetrics_sitenote_category":0,"_monsterinsights_skip_tracking":false,"_monsterinsights_sitenote_active":false,"_monsterinsights_sitenote_note":"","_monsterinsights_sitenote_category":0,"_uf_show_specific_survey":0,"_uf_disable_surveys":false,"_joinchat":[],"footnotes":""},"categories":[147,146,145],"tags":[15143,15213,15212,15209,13407,10421,15211,15210,15185],"class_list":["post-40178","post","type-post","status-publish","format-standard","has-post-thumbnail","hentry","category-actualidad","category-noticias","category-reportajes","tag-devolucion-del-iva","tag-hogares-indigenas","tag-hogares-vulnerables","tag-mauricio-rodriguez-amaya","tag-prosperidad-social","tag-renta-ciudadana","tag-sisben-iv","tag-supergiros","tag-sured"],"yoast_head":"<!-- This site is optimized with the Yoast SEO plugin v26.1 - https:\/\/yoast.com\/wordpress\/plugins\/seo\/ -->\n<title>Pagos de Renta Ciudadana y Devoluci\u00f3n del IVA inician el 2 de mayo<\/title>\n<meta name=\"description\" content=\"Prosperidad Social anunci\u00f3 pagos de Renta Ciudadana y Devoluci\u00f3n del IVA del 2 al 18 de mayo.\" \/>\n<meta name=\"robots\" content=\"index, follow, max-snippet:-1, max-image-preview:large, max-video-preview:-1\" \/>\n<link rel=\"canonical\" href=\"https:\/\/marthacifuentes.com\/portada\/renta-ciudadana-devolucion-iva-pagos-mayo-2026\/\" \/>\n<meta property=\"og:locale\" content=\"es_ES\" \/>\n<meta property=\"og:type\" content=\"article\" \/>\n<meta property=\"og:title\" content=\"M\u00e1s de 774 mil hogares recibir\u00e1n pagos de Renta Ciudadana y Devoluci\u00f3n del IVA\" \/>\n<meta property=\"og:description\" content=\"Prosperidad Social iniciar\u00e1 el segundo ciclo de pagos entre el 2 y el 18 de mayo, con inversi\u00f3n superior a $322 mil millones\" \/>\n<meta property=\"og:url\" content=\"https:\/\/marthacifuentes.com\/portada\/renta-ciudadana-devolucion-iva-pagos-mayo-2026\/\" \/>\n<meta property=\"og:site_name\" content=\"\u25b7 Noticias de Casanare : Martha Cifuentes | Casanare\" \/>\n<meta property=\"article:published_time\" content=\"2026-05-01T00:56:12+00:00\" \/>\n<meta property=\"article:modified_time\" content=\"2026-05-01T00:56:13+00:00\" \/>\n<meta property=\"og:image\" content=\"https:\/\/marthacifuentes.com\/portada\/wp-content\/uploads\/2026\/04\/WhatsApp-Image-2026-04-30-at-7.12.55-PM.jpeg\" \/>\n\t<meta property=\"og:image:width\" content=\"1585\" \/>\n\t<meta property=\"og:image:height\" content=\"875\" \/>\n\t<meta property=\"og:image:type\" content=\"image\/jpeg\" \/>\n<meta name=\"author\" content=\"Martha Cifuentes\" \/>\n<meta name=\"twitter:card\" content=\"summary_large_image\" \/>\n<meta name=\"twitter:title\" content=\"M\u00e1s de 774 mil hogares recibir\u00e1n pagos de Renta Ciudadana y Devoluci\u00f3n del IVA\" \/>\n<meta name=\"twitter:description\" content=\"Prosperidad Social iniciar\u00e1 el segundo ciclo de pagos entre el 2 y el 18 de mayo, con inversi\u00f3n superior a $322 mil millones\" \/>\n<meta name=\"twitter:label1\" content=\"Escrito por\" \/>\n\t<meta name=\"twitter:data1\" content=\"Martha Cifuentes\" \/>\n\t<meta name=\"twitter:label2\" content=\"Tiempo de lectura\" \/>\n\t<meta name=\"twitter:data2\" content=\"3 minutos\" \/>\n<script type=\"application\/ld+json\" class=\"yoast-schema-graph\">{\"@context\":\"https:\/\/schema.org\",\"@graph\":[{\"@type\":\"WebPage\",\"@id\":\"https:\/\/marthacifuentes.com\/portada\/renta-ciudadana-devolucion-iva-pagos-mayo-2026\/\",\"url\":\"https:\/\/marthacifuentes.com\/portada\/renta-ciudadana-devolucion-iva-pagos-mayo-2026\/\",\"name\":\"Pagos de Renta Ciudadana y Devoluci\u00f3n del IVA inician el 2 de mayo\",\"isPartOf\":{\"@id\":\"https:\/\/marthacifuentes.com\/portada\/#website\"},\"primaryImageOfPage\":{\"@id\":\"https:\/\/marthacifuentes.com\/portada\/renta-ciudadana-devolucion-iva-pagos-mayo-2026\/#primaryimage\"},\"image\":{\"@id\":\"https:\/\/marthacifuentes.com\/portada\/renta-ciudadana-devolucion-iva-pagos-mayo-2026\/#primaryimage\"},\"thumbnailUrl\":\"https:\/\/marthacifuentes.com\/portada\/wp-content\/uploads\/2026\/04\/WhatsApp-Image-2026-04-30-at-7.12.55-PM.jpeg\",\"datePublished\":\"2026-05-01T00:56:12+00:00\",\"dateModified\":\"2026-05-01T00:56:13+00:00\",\"author\":{\"@id\":\"https:\/\/marthacifuentes.com\/portada\/#\/schema\/person\/57f53174b991db5f90ff78d58502b714\"},\"description\":\"Prosperidad Social anunci\u00f3 pagos de Renta Ciudadana y Devoluci\u00f3n del IVA del 2 al 18 de mayo.\",\"breadcrumb\":{\"@id\":\"https:\/\/marthacifuentes.com\/portada\/renta-ciudadana-devolucion-iva-pagos-mayo-2026\/#breadcrumb\"},\"inLanguage\":\"es\",\"potentialAction\":[{\"@type\":\"ReadAction\",\"target\":[\"https:\/\/marthacifuentes.com\/portada\/renta-ciudadana-devolucion-iva-pagos-mayo-2026\/\"]}]},{\"@type\":\"ImageObject\",\"inLanguage\":\"es\",\"@id\":\"https:\/\/marthacifuentes.com\/portada\/renta-ciudadana-devolucion-iva-pagos-mayo-2026\/#primaryimage\",\"url\":\"https:\/\/marthacifuentes.com\/portada\/wp-content\/uploads\/2026\/04\/WhatsApp-Image-2026-04-30-at-7.12.55-PM.jpeg\",\"contentUrl\":\"https:\/\/marthacifuentes.com\/portada\/wp-content\/uploads\/2026\/04\/WhatsApp-Image-2026-04-30-at-7.12.55-PM.jpeg\",\"width\":1585,\"height\":875},{\"@type\":\"BreadcrumbList\",\"@id\":\"https:\/\/marthacifuentes.com\/portada\/renta-ciudadana-devolucion-iva-pagos-mayo-2026\/#breadcrumb\",\"itemListElement\":[{\"@type\":\"ListItem\",\"position\":1,\"name\":\"Portada\",\"item\":\"https:\/\/marthacifuentes.com\/portada\/\"},{\"@type\":\"ListItem\",\"position\":2,\"name\":\"M\u00e1s de 774 mil hogares recibir\u00e1n pagos de Renta Ciudadana y Devoluci\u00f3n del IVA desde el 2 de mayo\"}]},{\"@type\":\"WebSite\",\"@id\":\"https:\/\/marthacifuentes.com\/portada\/#website\",\"url\":\"https:\/\/marthacifuentes.com\/portada\/\",\"name\":\"\u25b7 Noticias de Casanare : Martha Cifuentes | Casanare\",\"description\":\"Noticias &amp; Contenidos\",\"potentialAction\":[{\"@type\":\"SearchAction\",\"target\":{\"@type\":\"EntryPoint\",\"urlTemplate\":\"https:\/\/marthacifuentes.com\/portada\/?s={search_term_string}\"},\"query-input\":{\"@type\":\"PropertyValueSpecification\",\"valueRequired\":true,\"valueName\":\"search_term_string\"}}],\"inLanguage\":\"es\"},{\"@type\":\"Person\",\"@id\":\"https:\/\/marthacifuentes.com\/portada\/#\/schema\/person\/57f53174b991db5f90ff78d58502b714\",\"name\":\"Martha Cifuentes\",\"image\":{\"@type\":\"ImageObject\",\"inLanguage\":\"es\",\"@id\":\"https:\/\/marthacifuentes.com\/portada\/#\/schema\/person\/image\/\",\"url\":\"http:\/\/marthacifuentes.com\/portada\/wp-content\/uploads\/2018\/06\/avatar_user_2_1528838701-96x96.jpg\",\"contentUrl\":\"http:\/\/marthacifuentes.com\/portada\/wp-content\/uploads\/2018\/06\/avatar_user_2_1528838701-96x96.jpg\",\"caption\":\"Martha Cifuentes\"},\"sameAs\":[\"http:\/\/www.marthacifuentes.com\"],\"url\":\"https:\/\/marthacifuentes.com\/portada\/author\/martha\/\"}]}<\/script>\n<!-- \/ Yoast SEO plugin. -->","yoast_head_json":{"title":"Pagos de Renta Ciudadana y Devoluci\u00f3n del IVA inician el 2 de mayo","description":"Prosperidad Social anunci\u00f3 pagos de Renta Ciudadana y Devoluci\u00f3n del IVA del 2 al 18 de mayo.","robots":{"index":"index","follow":"follow","max-snippet":"max-snippet:-1","max-image-preview":"max-image-preview:large","max-video-preview":"max-video-preview:-1"},"canonical":"https:\/\/marthacifuentes.com\/portada\/renta-ciudadana-devolucion-iva-pagos-mayo-2026\/","og_locale":"es_ES","og_type":"article","og_title":"M\u00e1s de 774 mil hogares recibir\u00e1n pagos de Renta Ciudadana y Devoluci\u00f3n del IVA","og_description":"Prosperidad Social iniciar\u00e1 el segundo ciclo de pagos entre el 2 y el 18 de mayo, con inversi\u00f3n superior a $322 mil millones","og_url":"https:\/\/marthacifuentes.com\/portada\/renta-ciudadana-devolucion-iva-pagos-mayo-2026\/","og_site_name":"\u25b7 Noticias de Casanare : Martha Cifuentes | Casanare","article_published_time":"2026-05-01T00:56:12+00:00","article_modified_time":"2026-05-01T00:56:13+00:00","og_image":[{"width":1585,"height":875,"url":"https:\/\/marthacifuentes.com\/portada\/wp-content\/uploads\/2026\/04\/WhatsApp-Image-2026-04-30-at-7.12.55-PM.jpeg","type":"image\/jpeg"}],"author":"Martha Cifuentes","twitter_card":"summary_large_image","twitter_title":"M\u00e1s de 774 mil hogares recibir\u00e1n pagos de Renta Ciudadana y Devoluci\u00f3n del IVA","twitter_description":"Prosperidad Social iniciar\u00e1 el segundo ciclo de pagos entre el 2 y el 18 de mayo, con inversi\u00f3n superior a $322 mil millones","twitter_misc":{"Escrito por":"Martha Cifuentes","Tiempo de lectura":"3 minutos"},"schema":{"@context":"https:\/\/schema.org","@graph":[{"@type":"WebPage","@id":"https:\/\/marthacifuentes.com\/portada\/renta-ciudadana-devolucion-iva-pagos-mayo-2026\/","url":"https:\/\/marthacifuentes.com\/portada\/renta-ciudadana-devolucion-iva-pagos-mayo-2026\/","name":"Pagos de Renta Ciudadana y Devoluci\u00f3n del IVA inician el 2 de mayo","isPartOf":{"@id":"https:\/\/marthacifuentes.com\/portada\/#website"},"primaryImageOfPage":{"@id":"https:\/\/marthacifuentes.com\/portada\/renta-ciudadana-devolucion-iva-pagos-mayo-2026\/#primaryimage"},"image":{"@id":"https:\/\/marthacifuentes.com\/portada\/renta-ciudadana-devolucion-iva-pagos-mayo-2026\/#primaryimage"},"thumbnailUrl":"https:\/\/marthacifuentes.com\/portada\/wp-content\/uploads\/2026\/04\/WhatsApp-Image-2026-04-30-at-7.12.55-PM.jpeg","datePublished":"2026-05-01T00:56:12+00:00","dateModified":"2026-05-01T00:56:13+00:00","author":{"@id":"https:\/\/marthacifuentes.com\/portada\/#\/schema\/person\/57f53174b991db5f90ff78d58502b714"},"description":"Prosperidad Social anunci\u00f3 pagos de Renta Ciudadana y Devoluci\u00f3n del IVA del 2 al 18 de mayo.","breadcrumb":{"@id":"https:\/\/marthacifuentes.com\/portada\/renta-ciudadana-devolucion-iva-pagos-mayo-2026\/#breadcrumb"},"inLanguage":"es","potentialAction":[{"@type":"ReadAction","target":["https:\/\/marthacifuentes.com\/portada\/renta-ciudadana-devolucion-iva-pagos-mayo-2026\/"]}]},{"@type":"ImageObject","inLanguage":"es","@id":"https:\/\/marthacifuentes.com\/portada\/renta-ciudadana-devolucion-iva-pagos-mayo-2026\/#primaryimage","url":"https:\/\/marthacifuentes.com\/portada\/wp-content\/uploads\/2026\/04\/WhatsApp-Image-2026-04-30-at-7.12.55-PM.jpeg","contentUrl":"https:\/\/marthacifuentes.com\/portada\/wp-content\/uploads\/2026\/04\/WhatsApp-Image-2026-04-30-at-7.12.55-PM.jpeg","width":1585,"height":875},{"@type":"BreadcrumbList","@id":"https:\/\/marthacifuentes.com\/portada\/renta-ciudadana-devolucion-iva-pagos-mayo-2026\/#breadcrumb","itemListElement":[{"@type":"ListItem","position":1,"name":"Portada","item":"https:\/\/marthacifuentes.com\/portada\/"},{"@type":"ListItem","position":2,"name":"M\u00e1s de 774 mil hogares recibir\u00e1n pagos de Renta Ciudadana y Devoluci\u00f3n del IVA desde el 2 de mayo"}]},{"@type":"WebSite","@id":"https:\/\/marthacifuentes.com\/portada\/#website","url":"https:\/\/marthacifuentes.com\/portada\/","name":"\u25b7 Noticias de Casanare : Martha Cifuentes | Casanare","description":"Noticias &amp; Contenidos","potentialAction":[{"@type":"SearchAction","target":{"@type":"EntryPoint","urlTemplate":"https:\/\/marthacifuentes.com\/portada\/?s={search_term_string}"},"query-input":{"@type":"PropertyValueSpecification","valueRequired":true,"valueName":"search_term_string"}}],"inLanguage":"es"},{"@type":"Person","@id":"https:\/\/marthacifuentes.com\/portada\/#\/schema\/person\/57f53174b991db5f90ff78d58502b714","name":"Martha Cifuentes","image":{"@type":"ImageObject","inLanguage":"es","@id":"https:\/\/marthacifuentes.com\/portada\/#\/schema\/person\/image\/","url":"http:\/\/marthacifuentes.com\/portada\/wp-content\/uploads\/2018\/06\/avatar_user_2_1528838701-96x96.jpg","contentUrl":"http:\/\/marthacifuentes.com\/portada\/wp-content\/uploads\/2018\/06\/avatar_user_2_1528838701-96x96.jpg","caption":"Martha Cifuentes"},"sameAs":["http:\/\/www.marthacifuentes.com"],"url":"https:\/\/marthacifuentes.com\/portada\/author\/martha\/"}]}},"_links":{"self":[{"href":"https:\/\/marthacifuentes.com\/portada\/wp-json\/wp\/v2\/posts\/40178","targetHints":{"allow":["GET"]}}],"collection":[{"href":"https:\/\/marthacifuentes.com\/portada\/wp-json\/wp\/v2\/posts"}],"about":[{"href":"https:\/\/marthacifuentes.com\/portada\/wp-json\/wp\/v2\/types\/post"}],"author":[{"embeddable":true,"href":"https:\/\/marthacifuentes.com\/portada\/wp-json\/wp\/v2\/users\/2"}],"replies":[{"embeddable":true,"href":"https:\/\/marthacifuentes.com\/portada\/wp-json\/wp\/v2\/comments?post=40178"}],"version-history":[{"count":1,"href":"https:\/\/marthacifuentes.com\/portada\/wp-json\/wp\/v2\/posts\/40178\/revisions"}],"predecessor-version":[{"id":40181,"href":"https:\/\/marthacifuentes.com\/portada\/wp-json\/wp\/v2\/posts\/40178\/revisions\/40181"}],"wp:featuredmedia":[{"embeddable":true,"href":"https:\/\/marthacifuentes.com\/portada\/wp-json\/wp\/v2\/media\/40179"}],"wp:attachment":[{"href":"https:\/\/marthacifuentes.com\/portada\/wp-json\/wp\/v2\/media?parent=40178"}],"wp:term":[{"taxonomy":"category","embeddable":true,"href":"https:\/\/marthacifuentes.com\/portada\/wp-json\/wp\/v2\/categories?post=40178"},{"taxonomy":"post_tag","embeddable":true,"href":"https:\/\/marthacifuentes.com\/portada\/wp-json\/wp\/v2\/tags?post=40178"}],"curies":[{"name":"wp","href":"https:\/\/api.w.org\/{rel}","templated":true}]}}