{"id":40698,"date":"2026-08-31T10:37:06","date_gmt":"2026-08-31T15:37:06","guid":{"rendered":"https:\/\/marthacifuentes.com\/portada\/?p=40698"},"modified":"2026-08-31T10:37:09","modified_gmt":"2026-08-31T15:37:09","slug":"colombia-mayor-pago-ciclo-7-septiembre-2026","status":"publish","type":"post","link":"https:\/\/marthacifuentes.com\/portada\/colombia-mayor-pago-ciclo-7-septiembre-2026\/","title":{"rendered":"Colombia Mayor pagar\u00e1 el s\u00e9ptimo ciclo del 3 al 13 de septiembre: consulte c\u00f3mo recibirlo"},"content":{"rendered":"\n<h2 class=\"wp-block-heading\"><\/h2>\n\n\n\n<p>Prosperidad Social confirm\u00f3 que el s\u00e9ptimo ciclo de Colombia Mayor se entregar\u00e1 en todo el pa\u00eds entre el <strong>3 y el 13 de septiembre de 2026<\/strong>.<\/p>\n\n\n\n<p>Cerca de tres millones de personas mayores continuar\u00e1n recibiendo la transferencia monetaria de <strong>$230.000<\/strong>, luego de que el Gobierno nacional gestionara $639.643 millones para financiar este ciclo.<\/p>\n\n\n\n<p>La continuidad de los pagos hab\u00eda generado incertidumbre despu\u00e9s de que la nueva administraci\u00f3n asegurara haber recibido el programa con un faltante presupuestal de $3,5 billones.<\/p>\n\n\n\n<p>La entrega del s\u00e9ptimo ciclo est\u00e1 asegurada, pero el anuncio no explica todav\u00eda c\u00f3mo ser\u00e1 cubierta la totalidad del faltante se\u00f1alado para mantener el programa durante los pr\u00f3ximos ciclos. Garantizar un pago resuelve la urgencia inmediata de los beneficiarios, aunque no necesariamente la financiaci\u00f3n estructural de Colombia Mayor.<\/p>\n\n\n\n<h2 class=\"wp-block-heading\">\u00bfCu\u00e1ndo y d\u00f3nde se podr\u00e1 cobrar?<\/h2>\n\n\n\n<p>Los pagos se realizar\u00e1n entre el <strong>jueves 3 y el domingo 13 de septiembre<\/strong>.<\/p>\n\n\n\n<p><strong>SuperGiros y SuRed<\/strong> estar\u00e1n a cargo de la entrega por giro en los diferentes departamentos y municipios del pa\u00eds.<\/p>\n\n\n\n<p>Antes de desplazarse, los beneficiarios deben esperar la notificaci\u00f3n correspondiente o consultar los canales oficiales para conocer el punto y la fecha asignados. Prosperidad Social recomienda no entregar documentos, contrase\u00f1as ni dinero a personas que ofrezcan adelantar el pago.<\/p>\n\n\n\n<p>El comunicado nacional no precisa cu\u00e1ntos participantes recibir\u00e1n la transferencia en Casanare durante este ciclo ni cu\u00e1l ser\u00e1 la inversi\u00f3n departamental.<\/p>\n\n\n\n<h2 class=\"wp-block-heading\">24.598 personas recibir\u00e1n abono bancario<\/h2>\n\n\n\n<p>En este ciclo, <strong>24.598 participantes<\/strong> que registraron correctamente una cuenta bancaria o dep\u00f3sito electr\u00f3nico mediante el Gestor de Informaci\u00f3n Financiera \u2014GIF\u2014 recibir\u00e1n el dinero directamente en el producto financiero reportado.<\/p>\n\n\n\n<p>Esta modalidad evita desplazamientos a puntos de giro y permite disponer de los recursos de forma m\u00e1s segura. Dependiendo del cronograma, los participantes bancarizados tambi\u00e9n pueden recibir la transferencia antes que quienes cobran presencialmente.<\/p>\n\n\n\n<p>El registro de una cuenta no modifica la condici\u00f3n de beneficiario ni exige pagos a terceros. El tr\u00e1mite se realiza gratuitamente en la p\u00e1gina de Prosperidad Social.<\/p>\n\n\n\n<h2 class=\"wp-block-heading\">\u00bfC\u00f3mo registrar una cuenta en el GIF?<\/h2>\n\n\n\n<p>Las personas que todav\u00eda reciben la transferencia por giro pueden registrar una cuenta bancaria o dep\u00f3sito electr\u00f3nico mediante el Gestor de Informaci\u00f3n Financiera.<\/p>\n\n\n\n<p>Para hacerlo deben:<\/p>\n\n\n\n<ol class=\"wp-block-list\">\n<li>Ingresar a <a href=\"https:\/\/prosperidadsocial.gov.co\/\">Prosperidad Social<\/a>.<\/li>\n\n\n\n<li>Abrir el men\u00fa <strong>\u201cProgramas\u201d<\/strong>.<\/li>\n\n\n\n<li>Seleccionar el acceso al <strong>Gestor de Informaci\u00f3n Financiera \u2014GIF\u2014<\/strong>.<\/li>\n\n\n\n<li>Registrar, consultar o actualizar los datos del producto financiero.<\/li>\n<\/ol>\n\n\n\n<p>Tambi\u00e9n se puede ingresar mediante el bot\u00f3n flotante ubicado en el costado derecho de la p\u00e1gina institucional.<\/p>\n\n\n\n<p>El registro debe hacerlo directamente el titular. Prosperidad Social no cobra por este tr\u00e1mite ni utiliza intermediarios para incluir beneficiarios, modificar datos o autorizar pagos.<\/p>\n\n\n\n<h2 class=\"wp-block-heading\">Cuidado con las estafas<\/h2>\n\n\n\n<p>Todos los tr\u00e1mites de Colombia Mayor son gratuitos. Ning\u00fan funcionario, operador o supuesto intermediario puede cobrar por registrar una cuenta, agilizar un giro o mantener a una persona dentro del programa.<\/p>\n\n\n\n<p>Prosperidad Social recomienda consultar \u00fanicamente:<\/p>\n\n\n\n<ul class=\"wp-block-list\">\n<li><a href=\"https:\/\/prosperidadsocial.gov.co\/\">P\u00e1gina oficial de Prosperidad Social<\/a><\/li>\n\n\n\n<li><a href=\"https:\/\/onx.la\/chwp\">Canal oficial de WhatsApp<\/a><\/li>\n\n\n\n<li><a href=\"https:\/\/onx.la\/delta1\">Formulario de peticiones y denuncias<\/a><\/li>\n\n\n\n<li><a href=\"https:\/\/prosperidadsocial.gov.co\/en-los-territorios\/\">Directorio de gerencias regionales<\/a><\/li>\n<\/ul>\n\n\n\n<p>Los participantes deben desconfiar de mensajes que soliciten consignaciones, claves bancarias, c\u00f3digos de verificaci\u00f3n o fotograf\u00edas de documentos por canales no autorizados.<\/p>\n","protected":false},"excerpt":{"rendered":"<p>Prosperidad Social confirm\u00f3 que el s\u00e9ptimo ciclo de Colombia Mayor se entregar\u00e1 en todo el pa\u00eds entre el 3 y el 13 de septiembre de 2026. Cerca de tres millones de personas mayores continuar\u00e1n recibiendo la transferencia monetaria de $230.000, luego de que el Gobierno nacional gestionara $639.643 millones para financiar este ciclo. La continuidad &hellip;<\/p>\n","protected":false},"author":2,"featured_media":40699,"comment_status":"open","ping_status":"open","sticky":false,"template":"","format":"standard","meta":{"om_disable_all_campaigns":false,"_exactmetrics_skip_tracking":false,"_exactmetrics_sitenote_active":false,"_exactmetrics_sitenote_note":"","_exactmetrics_sitenote_category":0,"_monsterinsights_skip_tracking":false,"_uf_show_specific_survey":0,"_uf_disable_surveys":false,"_joinchat":[],"footnotes":""},"categories":[147,146,145],"tags":[15292,2328,2329,15356,13407,15475,15474,1178,15210,15185,12497],"class_list":["post-40698","post","type-post","status-publish","format-standard","has-post-thumbnail","hentry","category-actualidad","category-noticias","category-reportajes","tag-abelardo-de-la-espriella","tag-adultos-mayores","tag-colombia-mayor","tag-gestor-de-informacion-financiera","tag-prosperidad-social","tag-sandra-suarez-perez","tag-septimo-ciclo","tag-subsidios","tag-supergiros","tag-sured","tag-transferencias-monetarias"],"yoast_head":"<!-- This site is optimized with the Yoast SEO plugin v26.1 - https:\/\/yoast.com\/wordpress\/plugins\/seo\/ -->\n<title>Colombia Mayor: pago del ciclo 7 ser\u00e1 del 3 al 13 de septiembre<\/title>\n<meta name=\"description\" content=\"Colombia Mayor pagar\u00e1 el s\u00e9ptimo ciclo del 3 al 13 de septiembre. Consulte operadores, abono bancario, registro en el GIF y recomendaciones.\" \/>\n<meta name=\"robots\" content=\"index, follow, max-snippet:-1, max-image-preview:large, max-video-preview:-1\" \/>\n<link rel=\"canonical\" href=\"https:\/\/marthacifuentes.com\/portada\/colombia-mayor-pago-ciclo-7-septiembre-2026\/\" \/>\n<meta property=\"og:locale\" content=\"es_ES\" \/>\n<meta property=\"og:type\" content=\"article\" \/>\n<meta property=\"og:title\" content=\"Colombia Mayor ya tiene fecha: ciclo 7 se pagar\u00e1 del 3 al 13 de septiembre\" \/>\n<meta property=\"og:description\" content=\"Cerca de tres millones de personas mayores recibir\u00e1n la transferencia. Consulte c\u00f3mo cobrar, registrar una cuenta y evitar estafas.\" \/>\n<meta property=\"og:url\" content=\"https:\/\/marthacifuentes.com\/portada\/colombia-mayor-pago-ciclo-7-septiembre-2026\/\" \/>\n<meta property=\"og:site_name\" content=\"\u25b7 Noticias de Casanare : Martha Cifuentes | Casanare\" \/>\n<meta property=\"article:published_time\" content=\"2026-08-31T15:37:06+00:00\" \/>\n<meta property=\"article:modified_time\" content=\"2026-08-31T15:37:09+00:00\" \/>\n<meta property=\"og:image\" content=\"https:\/\/marthacifuentes.com\/portada\/wp-content\/uploads\/2026\/08\/WhatsApp-Image-2026-08-30-at-12.26.03-PM.jpeg\" \/>\n\t<meta property=\"og:image:width\" content=\"1600\" \/>\n\t<meta property=\"og:image:height\" content=\"1066\" \/>\n\t<meta property=\"og:image:type\" content=\"image\/jpeg\" \/>\n<meta name=\"author\" content=\"Martha Cifuentes\" \/>\n<meta name=\"twitter:card\" content=\"summary_large_image\" \/>\n<meta name=\"twitter:label1\" content=\"Escrito por\" \/>\n\t<meta name=\"twitter:data1\" content=\"Martha Cifuentes\" \/>\n\t<meta name=\"twitter:label2\" content=\"Tiempo de lectura\" \/>\n\t<meta name=\"twitter:data2\" content=\"3 minutos\" \/>\n<script type=\"application\/ld+json\" class=\"yoast-schema-graph\">{\"@context\":\"https:\/\/schema.org\",\"@graph\":[{\"@type\":\"WebPage\",\"@id\":\"https:\/\/marthacifuentes.com\/portada\/colombia-mayor-pago-ciclo-7-septiembre-2026\/\",\"url\":\"https:\/\/marthacifuentes.com\/portada\/colombia-mayor-pago-ciclo-7-septiembre-2026\/\",\"name\":\"Colombia Mayor: pago del ciclo 7 ser\u00e1 del 3 al 13 de septiembre\",\"isPartOf\":{\"@id\":\"https:\/\/marthacifuentes.com\/portada\/#website\"},\"primaryImageOfPage\":{\"@id\":\"https:\/\/marthacifuentes.com\/portada\/colombia-mayor-pago-ciclo-7-septiembre-2026\/#primaryimage\"},\"image\":{\"@id\":\"https:\/\/marthacifuentes.com\/portada\/colombia-mayor-pago-ciclo-7-septiembre-2026\/#primaryimage\"},\"thumbnailUrl\":\"https:\/\/marthacifuentes.com\/portada\/wp-content\/uploads\/2026\/08\/WhatsApp-Image-2026-08-30-at-12.26.03-PM.jpeg\",\"datePublished\":\"2026-08-31T15:37:06+00:00\",\"dateModified\":\"2026-08-31T15:37:09+00:00\",\"author\":{\"@id\":\"https:\/\/marthacifuentes.com\/portada\/#\/schema\/person\/57f53174b991db5f90ff78d58502b714\"},\"description\":\"Colombia Mayor pagar\u00e1 el s\u00e9ptimo ciclo del 3 al 13 de septiembre. Consulte operadores, abono bancario, registro en el GIF y recomendaciones.\",\"breadcrumb\":{\"@id\":\"https:\/\/marthacifuentes.com\/portada\/colombia-mayor-pago-ciclo-7-septiembre-2026\/#breadcrumb\"},\"inLanguage\":\"es\",\"potentialAction\":[{\"@type\":\"ReadAction\",\"target\":[\"https:\/\/marthacifuentes.com\/portada\/colombia-mayor-pago-ciclo-7-septiembre-2026\/\"]}]},{\"@type\":\"ImageObject\",\"inLanguage\":\"es\",\"@id\":\"https:\/\/marthacifuentes.com\/portada\/colombia-mayor-pago-ciclo-7-septiembre-2026\/#primaryimage\",\"url\":\"https:\/\/marthacifuentes.com\/portada\/wp-content\/uploads\/2026\/08\/WhatsApp-Image-2026-08-30-at-12.26.03-PM.jpeg\",\"contentUrl\":\"https:\/\/marthacifuentes.com\/portada\/wp-content\/uploads\/2026\/08\/WhatsApp-Image-2026-08-30-at-12.26.03-PM.jpeg\",\"width\":1600,\"height\":1066},{\"@type\":\"BreadcrumbList\",\"@id\":\"https:\/\/marthacifuentes.com\/portada\/colombia-mayor-pago-ciclo-7-septiembre-2026\/#breadcrumb\",\"itemListElement\":[{\"@type\":\"ListItem\",\"position\":1,\"name\":\"Portada\",\"item\":\"https:\/\/marthacifuentes.com\/portada\/\"},{\"@type\":\"ListItem\",\"position\":2,\"name\":\"Colombia Mayor pagar\u00e1 el s\u00e9ptimo ciclo del 3 al 13 de septiembre: consulte c\u00f3mo recibirlo\"}]},{\"@type\":\"WebSite\",\"@id\":\"https:\/\/marthacifuentes.com\/portada\/#website\",\"url\":\"https:\/\/marthacifuentes.com\/portada\/\",\"name\":\"\u25b7 Noticias de Casanare : Martha Cifuentes | Casanare\",\"description\":\"Noticias &amp; Contenidos\",\"potentialAction\":[{\"@type\":\"SearchAction\",\"target\":{\"@type\":\"EntryPoint\",\"urlTemplate\":\"https:\/\/marthacifuentes.com\/portada\/?s={search_term_string}\"},\"query-input\":{\"@type\":\"PropertyValueSpecification\",\"valueRequired\":true,\"valueName\":\"search_term_string\"}}],\"inLanguage\":\"es\"},{\"@type\":\"Person\",\"@id\":\"https:\/\/marthacifuentes.com\/portada\/#\/schema\/person\/57f53174b991db5f90ff78d58502b714\",\"name\":\"Martha Cifuentes\",\"image\":{\"@type\":\"ImageObject\",\"inLanguage\":\"es\",\"@id\":\"https:\/\/marthacifuentes.com\/portada\/#\/schema\/person\/image\/\",\"url\":\"http:\/\/marthacifuentes.com\/portada\/wp-content\/uploads\/2018\/06\/avatar_user_2_1528838701-96x96.jpg\",\"contentUrl\":\"http:\/\/marthacifuentes.com\/portada\/wp-content\/uploads\/2018\/06\/avatar_user_2_1528838701-96x96.jpg\",\"caption\":\"Martha Cifuentes\"},\"sameAs\":[\"http:\/\/www.marthacifuentes.com\"],\"url\":\"https:\/\/marthacifuentes.com\/portada\/author\/martha\/\"}]}<\/script>\n<!-- \/ Yoast SEO plugin. -->","yoast_head_json":{"title":"Colombia Mayor: pago del ciclo 7 ser\u00e1 del 3 al 13 de septiembre","description":"Colombia Mayor pagar\u00e1 el s\u00e9ptimo ciclo del 3 al 13 de septiembre. Consulte operadores, abono bancario, registro en el GIF y recomendaciones.","robots":{"index":"index","follow":"follow","max-snippet":"max-snippet:-1","max-image-preview":"max-image-preview:large","max-video-preview":"max-video-preview:-1"},"canonical":"https:\/\/marthacifuentes.com\/portada\/colombia-mayor-pago-ciclo-7-septiembre-2026\/","og_locale":"es_ES","og_type":"article","og_title":"Colombia Mayor ya tiene fecha: ciclo 7 se pagar\u00e1 del 3 al 13 de septiembre","og_description":"Cerca de tres millones de personas mayores recibir\u00e1n la transferencia. Consulte c\u00f3mo cobrar, registrar una cuenta y evitar estafas.","og_url":"https:\/\/marthacifuentes.com\/portada\/colombia-mayor-pago-ciclo-7-septiembre-2026\/","og_site_name":"\u25b7 Noticias de Casanare : Martha Cifuentes | Casanare","article_published_time":"2026-08-31T15:37:06+00:00","article_modified_time":"2026-08-31T15:37:09+00:00","og_image":[{"width":1600,"height":1066,"url":"https:\/\/marthacifuentes.com\/portada\/wp-content\/uploads\/2026\/08\/WhatsApp-Image-2026-08-30-at-12.26.03-PM.jpeg","type":"image\/jpeg"}],"author":"Martha Cifuentes","twitter_card":"summary_large_image","twitter_misc":{"Escrito por":"Martha Cifuentes","Tiempo de lectura":"3 minutos"},"schema":{"@context":"https:\/\/schema.org","@graph":[{"@type":"WebPage","@id":"https:\/\/marthacifuentes.com\/portada\/colombia-mayor-pago-ciclo-7-septiembre-2026\/","url":"https:\/\/marthacifuentes.com\/portada\/colombia-mayor-pago-ciclo-7-septiembre-2026\/","name":"Colombia Mayor: pago del ciclo 7 ser\u00e1 del 3 al 13 de septiembre","isPartOf":{"@id":"https:\/\/marthacifuentes.com\/portada\/#website"},"primaryImageOfPage":{"@id":"https:\/\/marthacifuentes.com\/portada\/colombia-mayor-pago-ciclo-7-septiembre-2026\/#primaryimage"},"image":{"@id":"https:\/\/marthacifuentes.com\/portada\/colombia-mayor-pago-ciclo-7-septiembre-2026\/#primaryimage"},"thumbnailUrl":"https:\/\/marthacifuentes.com\/portada\/wp-content\/uploads\/2026\/08\/WhatsApp-Image-2026-08-30-at-12.26.03-PM.jpeg","datePublished":"2026-08-31T15:37:06+00:00","dateModified":"2026-08-31T15:37:09+00:00","author":{"@id":"https:\/\/marthacifuentes.com\/portada\/#\/schema\/person\/57f53174b991db5f90ff78d58502b714"},"description":"Colombia Mayor pagar\u00e1 el s\u00e9ptimo ciclo del 3 al 13 de septiembre. Consulte operadores, abono bancario, registro en el GIF y recomendaciones.","breadcrumb":{"@id":"https:\/\/marthacifuentes.com\/portada\/colombia-mayor-pago-ciclo-7-septiembre-2026\/#breadcrumb"},"inLanguage":"es","potentialAction":[{"@type":"ReadAction","target":["https:\/\/marthacifuentes.com\/portada\/colombia-mayor-pago-ciclo-7-septiembre-2026\/"]}]},{"@type":"ImageObject","inLanguage":"es","@id":"https:\/\/marthacifuentes.com\/portada\/colombia-mayor-pago-ciclo-7-septiembre-2026\/#primaryimage","url":"https:\/\/marthacifuentes.com\/portada\/wp-content\/uploads\/2026\/08\/WhatsApp-Image-2026-08-30-at-12.26.03-PM.jpeg","contentUrl":"https:\/\/marthacifuentes.com\/portada\/wp-content\/uploads\/2026\/08\/WhatsApp-Image-2026-08-30-at-12.26.03-PM.jpeg","width":1600,"height":1066},{"@type":"BreadcrumbList","@id":"https:\/\/marthacifuentes.com\/portada\/colombia-mayor-pago-ciclo-7-septiembre-2026\/#breadcrumb","itemListElement":[{"@type":"ListItem","position":1,"name":"Portada","item":"https:\/\/marthacifuentes.com\/portada\/"},{"@type":"ListItem","position":2,"name":"Colombia Mayor pagar\u00e1 el s\u00e9ptimo ciclo del 3 al 13 de septiembre: consulte c\u00f3mo recibirlo"}]},{"@type":"WebSite","@id":"https:\/\/marthacifuentes.com\/portada\/#website","url":"https:\/\/marthacifuentes.com\/portada\/","name":"\u25b7 Noticias de Casanare : Martha Cifuentes | Casanare","description":"Noticias &amp; Contenidos","potentialAction":[{"@type":"SearchAction","target":{"@type":"EntryPoint","urlTemplate":"https:\/\/marthacifuentes.com\/portada\/?s={search_term_string}"},"query-input":{"@type":"PropertyValueSpecification","valueRequired":true,"valueName":"search_term_string"}}],"inLanguage":"es"},{"@type":"Person","@id":"https:\/\/marthacifuentes.com\/portada\/#\/schema\/person\/57f53174b991db5f90ff78d58502b714","name":"Martha Cifuentes","image":{"@type":"ImageObject","inLanguage":"es","@id":"https:\/\/marthacifuentes.com\/portada\/#\/schema\/person\/image\/","url":"http:\/\/marthacifuentes.com\/portada\/wp-content\/uploads\/2018\/06\/avatar_user_2_1528838701-96x96.jpg","contentUrl":"http:\/\/marthacifuentes.com\/portada\/wp-content\/uploads\/2018\/06\/avatar_user_2_1528838701-96x96.jpg","caption":"Martha Cifuentes"},"sameAs":["http:\/\/www.marthacifuentes.com"],"url":"https:\/\/marthacifuentes.com\/portada\/author\/martha\/"}]}},"_links":{"self":[{"href":"https:\/\/marthacifuentes.com\/portada\/wp-json\/wp\/v2\/posts\/40698","targetHints":{"allow":["GET"]}}],"collection":[{"href":"https:\/\/marthacifuentes.com\/portada\/wp-json\/wp\/v2\/posts"}],"about":[{"href":"https:\/\/marthacifuentes.com\/portada\/wp-json\/wp\/v2\/types\/post"}],"author":[{"embeddable":true,"href":"https:\/\/marthacifuentes.com\/portada\/wp-json\/wp\/v2\/users\/2"}],"replies":[{"embeddable":true,"href":"https:\/\/marthacifuentes.com\/portada\/wp-json\/wp\/v2\/comments?post=40698"}],"version-history":[{"count":1,"href":"https:\/\/marthacifuentes.com\/portada\/wp-json\/wp\/v2\/posts\/40698\/revisions"}],"predecessor-version":[{"id":40700,"href":"https:\/\/marthacifuentes.com\/portada\/wp-json\/wp\/v2\/posts\/40698\/revisions\/40700"}],"wp:featuredmedia":[{"embeddable":true,"href":"https:\/\/marthacifuentes.com\/portada\/wp-json\/wp\/v2\/media\/40699"}],"wp:attachment":[{"href":"https:\/\/marthacifuentes.com\/portada\/wp-json\/wp\/v2\/media?parent=40698"}],"wp:term":[{"taxonomy":"category","embeddable":true,"href":"https:\/\/marthacifuentes.com\/portada\/wp-json\/wp\/v2\/categories?post=40698"},{"taxonomy":"post_tag","embeddable":true,"href":"https:\/\/marthacifuentes.com\/portada\/wp-json\/wp\/v2\/tags?post=40698"}],"curies":[{"name":"wp","href":"https:\/\/api.w.org\/{rel}","templated":true}]}}