{"id":40701,"date":"2026-08-31T10:55:08","date_gmt":"2026-08-31T15:55:08","guid":{"rendered":"https:\/\/marthacifuentes.com\/portada\/?p=40701"},"modified":"2026-08-31T10:55:10","modified_gmt":"2026-08-31T15:55:10","slug":"renta-joven-ciclo-4-pagos-septiembre-2026","status":"publish","type":"post","link":"https:\/\/marthacifuentes.com\/portada\/renta-joven-ciclo-4-pagos-septiembre-2026\/","title":{"rendered":"Renta Joven ya tiene fecha: pagos desde el 3 y plazo para corregir datos hasta el 11 de septiembre"},"content":{"rendered":"\n<h2 class=\"wp-block-heading\"><\/h2>\n\n\n\n<p>Si usted pertenece a Renta Joven, hay tres fechas que debe guardar desde ahora en el calendario: <strong>3, 4 y 11 de septiembre<\/strong>.<\/p>\n\n\n\n<p>Prosperidad Social anunci\u00f3 que el cuarto ciclo del programa comenzar\u00e1 con los abonos bancarios el jueves 3 de septiembre. Un d\u00eda despu\u00e9s se habilitar\u00e1n los giros en SuRed y SuperGiros, que podr\u00e1n reclamarse hasta el viernes 11.<\/p>\n\n\n\n<p>Pero septiembre no llega solamente con pagos. Tambi\u00e9n se abrir\u00e1 durante ocho d\u00edas el Portal del Joven para actualizar informaci\u00f3n, solucionar suspensiones y registrar cambios que comenzar\u00e1n a aplicarse en el quinto ciclo de 2026.<\/p>\n\n\n\n<p>En otras palabras: <strong>no basta con revisar si lleg\u00f3 el dinero; tambi\u00e9n es necesario verificar que los datos est\u00e9n al d\u00eda<\/strong>.<\/p>\n\n\n\n<h2 class=\"wp-block-heading\">Las tres fechas que no puede dejar pasar<\/h2>\n\n\n\n<p>El calendario anunciado por Prosperidad Social qued\u00f3 establecido as\u00ed:<\/p>\n\n\n\n<ul class=\"wp-block-list\">\n<li><strong>3 de septiembre:<\/strong> abono a cuentas bancarias y productos financieros.<\/li>\n\n\n\n<li><strong>Del 4 al 11 de septiembre:<\/strong> entrega de transferencias mediante giro en SuRed y SuperGiros.<\/li>\n\n\n\n<li><strong>Del 3 al 11 de septiembre:<\/strong> habilitaci\u00f3n del Portal del Joven para actualizar datos y gestionar novedades.<\/li>\n<\/ul>\n\n\n\n<p>La entidad inform\u00f3 que destinar\u00e1 <strong>$1.091 millones<\/strong> para atender este ciclo.<\/p>\n\n\n\n<p>El pago estaba proyectado inicialmente para finales de agosto, pero fue reprogramado debido a los ajustes t\u00e9cnicos y normativos relacionados con la entrada en funcionamiento del Registro Universal de Ingresos, conocido como RUI.<\/p>\n\n\n\n<h2 class=\"wp-block-heading\">\u00bfQui\u00e9nes recibir\u00e1n el pago?<\/h2>\n\n\n\n<p>Este cuarto ciclo est\u00e1 dirigido a dos grupos:<\/p>\n\n\n\n<ul class=\"wp-block-list\">\n<li>Estudiantes de instituciones de educaci\u00f3n superior que tienen pendiente la <strong>subsanaci\u00f3n de matr\u00edcula correspondiente al primer semestre de 2026<\/strong>.<\/li>\n\n\n\n<li>Aprendices del SENA que recibir\u00e1n las transferencias verificadas para <strong>abril y mayo de 2026<\/strong>.<\/li>\n<\/ul>\n\n\n\n<p>Esto significa que el pago no necesariamente llegar\u00e1 a todas las personas inscritas en Renta Joven. La transferencia depende del tipo de participante, las verificaciones realizadas y el concepto reconocido durante este ciclo.<\/p>\n\n\n\n<h2 class=\"wp-block-heading\">Abonos bancarios y pagos por giro<\/h2>\n\n\n\n<p>Prosperidad Social asegur\u00f3 que <strong>1.557 participantes<\/strong> registrados en el Sistema Integrado de Informaci\u00f3n Financiera recibir\u00e1n el dinero directamente en sus cuentas el 3 de septiembre.<\/p>\n\n\n\n<p>Por otra parte, <strong>1.171 estudiantes<\/strong> podr\u00e1n reclamar la transferencia mediante giro entre el 4 y el 11 de septiembre en los puntos habilitados de SuRed y SuperGiros.<\/p>\n\n\n\n<p>Antes de desplazarse, los j\u00f3venes deben confirmar que tienen un pago disponible y verificar el operador correspondiente. Los tr\u00e1mites son gratuitos y no requieren intermediarios.<\/p>\n\n\n\n<h2 class=\"wp-block-heading\">\u00bfQu\u00e9 es el RUI y por qu\u00e9 retras\u00f3 el pago?<\/h2>\n\n\n\n<p>El Registro Universal de Ingresos es un instrumento dise\u00f1ado por el Departamento Nacional de Planeaci\u00f3n para identificar la situaci\u00f3n econ\u00f3mica de los hogares y determinar qui\u00e9nes pueden ingresar o permanecer en los programas de transferencias monetarias.<\/p>\n\n\n\n<p>Dicho de manera sencilla, el RUI busca construir una fotograf\u00eda m\u00e1s actualizada de los ingresos de cada hogar.<\/p>\n\n\n\n<p>El problema es que una fotograf\u00eda incompleta, desactualizada o equivocada podr\u00eda dejar por fuera a personas que realmente necesitan el apoyo.<\/p>\n\n\n\n<p>Prosperidad Social explic\u00f3 que decidi\u00f3 aplazar la aplicaci\u00f3n del nuevo instrumento mientras se verifican y corrigen sus componentes t\u00e9cnicos. El objetivo, seg\u00fan la entidad, es evitar que algunos beneficiarios actuales pierdan las transferencias durante la transici\u00f3n.<\/p>\n\n\n\n<p>El retraso del cuarto ciclo habr\u00eda estado relacionado con la expedici\u00f3n de la resoluci\u00f3n necesaria para realizar ese proceso.<\/p>\n\n\n\n<h2 class=\"wp-block-heading\">El Portal del Joven tambi\u00e9n tendr\u00e1 plazo<\/h2>\n\n\n\n<p>Entre el <strong>3 y el 11 de septiembre<\/strong>, los participantes podr\u00e1n ingresar al Portal del Joven para gestionar novedades que se aplicar\u00e1n a partir del quinto ciclo de 2026.<\/p>\n\n\n\n<p>Los tr\u00e1mites habilitados ser\u00e1n:<\/p>\n\n\n\n<ul class=\"wp-block-list\">\n<li>Actualizaci\u00f3n de datos b\u00e1sicos.<\/li>\n\n\n\n<li>Registro de graduaci\u00f3n de bachiller para j\u00f3venes suspendidos.<\/li>\n\n\n\n<li>Subsanaci\u00f3n de suspensiones por condiciones socioecon\u00f3micas.<\/li>\n\n\n\n<li>Retiro voluntario del programa.<\/li>\n\n\n\n<li>Aplazamiento.<\/li>\n\n\n\n<li>Cambio de programa de formaci\u00f3n.<\/li>\n<\/ul>\n\n\n\n<p>Este plazo puede ser tan importante como el propio pago. Un n\u00famero de celular desactualizado, un cambio acad\u00e9mico sin reportar o una suspensi\u00f3n sin resolver puede afectar las transferencias siguientes.<\/p>\n\n\n\n<p>La recomendaci\u00f3n es ingresar con tiempo, revisar toda la informaci\u00f3n y guardar constancia de cualquier solicitud realizada.<\/p>\n\n\n\n<h2 class=\"wp-block-heading\">Recomendaciones antes de cobrar<\/h2>\n\n\n\n<p>Los beneficiarios deben consultar \u00fanicamente el Portal del Joven y los canales oficiales de Prosperidad Social.<\/p>\n\n\n\n<p>Ninguna persona puede cobrar por incluir a un estudiante en el programa, actualizar informaci\u00f3n, retirar una suspensi\u00f3n o agilizar una transferencia.<\/p>\n\n\n\n<p>Tampoco se deben entregar contrase\u00f1as, c\u00f3digos bancarios o fotograf\u00edas de documentos a trav\u00e9s de enlaces recibidos por mensajes sospechosos.<\/p>\n\n\n\n<p>La f\u00f3rmula para este ciclo es sencilla: <strong>revise, cobre y actualice<\/strong>. El pago puede llegar en septiembre, pero la informaci\u00f3n registrada ser\u00e1 determinante para continuar en Renta Joven durante los pr\u00f3ximos ciclos.<\/p>\n","protected":false},"excerpt":{"rendered":"<p>Si usted pertenece a Renta Joven, hay tres fechas que debe guardar desde ahora en el calendario: 3, 4 y 11 de septiembre. Prosperidad Social anunci\u00f3 que el cuarto ciclo del programa comenzar\u00e1 con los abonos bancarios el jueves 3 de septiembre. Un d\u00eda despu\u00e9s se habilitar\u00e1n los giros en SuRed y SuperGiros, que podr\u00e1n &hellip;<\/p>\n","protected":false},"author":2,"featured_media":40702,"comment_status":"open","ping_status":"open","sticky":false,"template":"","format":"standard","meta":{"om_disable_all_campaigns":false,"_exactmetrics_skip_tracking":false,"_exactmetrics_sitenote_active":false,"_exactmetrics_sitenote_note":"","_exactmetrics_sitenote_category":0,"_monsterinsights_skip_tracking":false,"_uf_show_specific_survey":0,"_uf_disable_surveys":false,"_joinchat":[],"footnotes":""},"categories":[147,146,145],"tags":[15477,15476,13407,15357,15445,728,15210,15185],"class_list":["post-40701","post","type-post","status-publish","format-standard","has-post-thumbnail","hentry","category-actualidad","category-noticias","category-reportajes","tag-estudiantes-universitarios","tag-portal-del-joven","tag-prosperidad-social","tag-renta-joven","tag-rui","tag-sena","tag-supergiros","tag-sured"],"yoast_head":"<!-- This site is optimized with the Yoast SEO plugin v26.1 - https:\/\/yoast.com\/wordpress\/plugins\/seo\/ -->\n<title>Renta Joven: pagos desde el 3 de septiembre<\/title>\n<meta name=\"description\" content=\"Renta Joven pagar\u00e1 el cuarto ciclo desde el 3 de septiembre. Consulte las fechas para abonos, giros y actualizaci\u00f3n de datos.\" \/>\n<meta name=\"robots\" content=\"index, follow, max-snippet:-1, max-image-preview:large, max-video-preview:-1\" \/>\n<link rel=\"canonical\" href=\"https:\/\/marthacifuentes.com\/portada\/renta-joven-ciclo-4-pagos-septiembre-2026\/\" \/>\n<meta property=\"og:locale\" content=\"es_ES\" \/>\n<meta property=\"og:type\" content=\"article\" \/>\n<meta property=\"og:title\" content=\"Renta Joven: pagos comienzan el 3 de septiembre\" \/>\n<meta property=\"og:description\" content=\"Consulte las fechas del cuarto ciclo de Renta Joven: abonos bancarios el 3 de septiembre, giros del 4 al 11 y plazo para actualizar datos.\" \/>\n<meta property=\"og:url\" content=\"https:\/\/marthacifuentes.com\/portada\/renta-joven-ciclo-4-pagos-septiembre-2026\/\" \/>\n<meta property=\"og:site_name\" content=\"\u25b7 Noticias de Casanare : Martha Cifuentes | Casanare\" \/>\n<meta property=\"article:published_time\" content=\"2026-08-31T15:55:08+00:00\" \/>\n<meta property=\"article:modified_time\" content=\"2026-08-31T15:55:10+00:00\" \/>\n<meta property=\"og:image\" content=\"https:\/\/marthacifuentes.com\/portada\/wp-content\/uploads\/2026\/08\/WhatsApp-Image-2026-08-30-at-3.02.02-PM-1.jpeg\" \/>\n\t<meta property=\"og:image:width\" content=\"1600\" \/>\n\t<meta property=\"og:image:height\" content=\"1066\" \/>\n\t<meta property=\"og:image:type\" content=\"image\/jpeg\" \/>\n<meta name=\"author\" content=\"Martha Cifuentes\" \/>\n<meta name=\"twitter:card\" content=\"summary_large_image\" \/>\n<meta name=\"twitter:label1\" content=\"Escrito por\" \/>\n\t<meta name=\"twitter:data1\" content=\"Martha Cifuentes\" \/>\n\t<meta name=\"twitter:label2\" content=\"Tiempo de lectura\" \/>\n\t<meta name=\"twitter:data2\" content=\"4 minutos\" \/>\n<script type=\"application\/ld+json\" class=\"yoast-schema-graph\">{\"@context\":\"https:\/\/schema.org\",\"@graph\":[{\"@type\":\"WebPage\",\"@id\":\"https:\/\/marthacifuentes.com\/portada\/renta-joven-ciclo-4-pagos-septiembre-2026\/\",\"url\":\"https:\/\/marthacifuentes.com\/portada\/renta-joven-ciclo-4-pagos-septiembre-2026\/\",\"name\":\"Renta Joven: pagos desde el 3 de septiembre\",\"isPartOf\":{\"@id\":\"https:\/\/marthacifuentes.com\/portada\/#website\"},\"primaryImageOfPage\":{\"@id\":\"https:\/\/marthacifuentes.com\/portada\/renta-joven-ciclo-4-pagos-septiembre-2026\/#primaryimage\"},\"image\":{\"@id\":\"https:\/\/marthacifuentes.com\/portada\/renta-joven-ciclo-4-pagos-septiembre-2026\/#primaryimage\"},\"thumbnailUrl\":\"https:\/\/marthacifuentes.com\/portada\/wp-content\/uploads\/2026\/08\/WhatsApp-Image-2026-08-30-at-3.02.02-PM-1.jpeg\",\"datePublished\":\"2026-08-31T15:55:08+00:00\",\"dateModified\":\"2026-08-31T15:55:10+00:00\",\"author\":{\"@id\":\"https:\/\/marthacifuentes.com\/portada\/#\/schema\/person\/57f53174b991db5f90ff78d58502b714\"},\"description\":\"Renta Joven pagar\u00e1 el cuarto ciclo desde el 3 de septiembre. Consulte las fechas para abonos, giros y actualizaci\u00f3n de datos.\",\"breadcrumb\":{\"@id\":\"https:\/\/marthacifuentes.com\/portada\/renta-joven-ciclo-4-pagos-septiembre-2026\/#breadcrumb\"},\"inLanguage\":\"es\",\"potentialAction\":[{\"@type\":\"ReadAction\",\"target\":[\"https:\/\/marthacifuentes.com\/portada\/renta-joven-ciclo-4-pagos-septiembre-2026\/\"]}]},{\"@type\":\"ImageObject\",\"inLanguage\":\"es\",\"@id\":\"https:\/\/marthacifuentes.com\/portada\/renta-joven-ciclo-4-pagos-septiembre-2026\/#primaryimage\",\"url\":\"https:\/\/marthacifuentes.com\/portada\/wp-content\/uploads\/2026\/08\/WhatsApp-Image-2026-08-30-at-3.02.02-PM-1.jpeg\",\"contentUrl\":\"https:\/\/marthacifuentes.com\/portada\/wp-content\/uploads\/2026\/08\/WhatsApp-Image-2026-08-30-at-3.02.02-PM-1.jpeg\",\"width\":1600,\"height\":1066},{\"@type\":\"BreadcrumbList\",\"@id\":\"https:\/\/marthacifuentes.com\/portada\/renta-joven-ciclo-4-pagos-septiembre-2026\/#breadcrumb\",\"itemListElement\":[{\"@type\":\"ListItem\",\"position\":1,\"name\":\"Portada\",\"item\":\"https:\/\/marthacifuentes.com\/portada\/\"},{\"@type\":\"ListItem\",\"position\":2,\"name\":\"Renta Joven ya tiene fecha: pagos desde el 3 y plazo para corregir datos hasta el 11 de septiembre\"}]},{\"@type\":\"WebSite\",\"@id\":\"https:\/\/marthacifuentes.com\/portada\/#website\",\"url\":\"https:\/\/marthacifuentes.com\/portada\/\",\"name\":\"\u25b7 Noticias de Casanare : Martha Cifuentes | Casanare\",\"description\":\"Noticias &amp; Contenidos\",\"potentialAction\":[{\"@type\":\"SearchAction\",\"target\":{\"@type\":\"EntryPoint\",\"urlTemplate\":\"https:\/\/marthacifuentes.com\/portada\/?s={search_term_string}\"},\"query-input\":{\"@type\":\"PropertyValueSpecification\",\"valueRequired\":true,\"valueName\":\"search_term_string\"}}],\"inLanguage\":\"es\"},{\"@type\":\"Person\",\"@id\":\"https:\/\/marthacifuentes.com\/portada\/#\/schema\/person\/57f53174b991db5f90ff78d58502b714\",\"name\":\"Martha Cifuentes\",\"image\":{\"@type\":\"ImageObject\",\"inLanguage\":\"es\",\"@id\":\"https:\/\/marthacifuentes.com\/portada\/#\/schema\/person\/image\/\",\"url\":\"http:\/\/marthacifuentes.com\/portada\/wp-content\/uploads\/2018\/06\/avatar_user_2_1528838701-96x96.jpg\",\"contentUrl\":\"http:\/\/marthacifuentes.com\/portada\/wp-content\/uploads\/2018\/06\/avatar_user_2_1528838701-96x96.jpg\",\"caption\":\"Martha Cifuentes\"},\"sameAs\":[\"http:\/\/www.marthacifuentes.com\"],\"url\":\"https:\/\/marthacifuentes.com\/portada\/author\/martha\/\"}]}<\/script>\n<!-- \/ Yoast SEO plugin. -->","yoast_head_json":{"title":"Renta Joven: pagos desde el 3 de septiembre","description":"Renta Joven pagar\u00e1 el cuarto ciclo desde el 3 de septiembre. Consulte las fechas para abonos, giros y actualizaci\u00f3n de datos.","robots":{"index":"index","follow":"follow","max-snippet":"max-snippet:-1","max-image-preview":"max-image-preview:large","max-video-preview":"max-video-preview:-1"},"canonical":"https:\/\/marthacifuentes.com\/portada\/renta-joven-ciclo-4-pagos-septiembre-2026\/","og_locale":"es_ES","og_type":"article","og_title":"Renta Joven: pagos comienzan el 3 de septiembre","og_description":"Consulte las fechas del cuarto ciclo de Renta Joven: abonos bancarios el 3 de septiembre, giros del 4 al 11 y plazo para actualizar datos.","og_url":"https:\/\/marthacifuentes.com\/portada\/renta-joven-ciclo-4-pagos-septiembre-2026\/","og_site_name":"\u25b7 Noticias de Casanare : Martha Cifuentes | Casanare","article_published_time":"2026-08-31T15:55:08+00:00","article_modified_time":"2026-08-31T15:55:10+00:00","og_image":[{"width":1600,"height":1066,"url":"https:\/\/marthacifuentes.com\/portada\/wp-content\/uploads\/2026\/08\/WhatsApp-Image-2026-08-30-at-3.02.02-PM-1.jpeg","type":"image\/jpeg"}],"author":"Martha Cifuentes","twitter_card":"summary_large_image","twitter_misc":{"Escrito por":"Martha Cifuentes","Tiempo de lectura":"4 minutos"},"schema":{"@context":"https:\/\/schema.org","@graph":[{"@type":"WebPage","@id":"https:\/\/marthacifuentes.com\/portada\/renta-joven-ciclo-4-pagos-septiembre-2026\/","url":"https:\/\/marthacifuentes.com\/portada\/renta-joven-ciclo-4-pagos-septiembre-2026\/","name":"Renta Joven: pagos desde el 3 de septiembre","isPartOf":{"@id":"https:\/\/marthacifuentes.com\/portada\/#website"},"primaryImageOfPage":{"@id":"https:\/\/marthacifuentes.com\/portada\/renta-joven-ciclo-4-pagos-septiembre-2026\/#primaryimage"},"image":{"@id":"https:\/\/marthacifuentes.com\/portada\/renta-joven-ciclo-4-pagos-septiembre-2026\/#primaryimage"},"thumbnailUrl":"https:\/\/marthacifuentes.com\/portada\/wp-content\/uploads\/2026\/08\/WhatsApp-Image-2026-08-30-at-3.02.02-PM-1.jpeg","datePublished":"2026-08-31T15:55:08+00:00","dateModified":"2026-08-31T15:55:10+00:00","author":{"@id":"https:\/\/marthacifuentes.com\/portada\/#\/schema\/person\/57f53174b991db5f90ff78d58502b714"},"description":"Renta Joven pagar\u00e1 el cuarto ciclo desde el 3 de septiembre. Consulte las fechas para abonos, giros y actualizaci\u00f3n de datos.","breadcrumb":{"@id":"https:\/\/marthacifuentes.com\/portada\/renta-joven-ciclo-4-pagos-septiembre-2026\/#breadcrumb"},"inLanguage":"es","potentialAction":[{"@type":"ReadAction","target":["https:\/\/marthacifuentes.com\/portada\/renta-joven-ciclo-4-pagos-septiembre-2026\/"]}]},{"@type":"ImageObject","inLanguage":"es","@id":"https:\/\/marthacifuentes.com\/portada\/renta-joven-ciclo-4-pagos-septiembre-2026\/#primaryimage","url":"https:\/\/marthacifuentes.com\/portada\/wp-content\/uploads\/2026\/08\/WhatsApp-Image-2026-08-30-at-3.02.02-PM-1.jpeg","contentUrl":"https:\/\/marthacifuentes.com\/portada\/wp-content\/uploads\/2026\/08\/WhatsApp-Image-2026-08-30-at-3.02.02-PM-1.jpeg","width":1600,"height":1066},{"@type":"BreadcrumbList","@id":"https:\/\/marthacifuentes.com\/portada\/renta-joven-ciclo-4-pagos-septiembre-2026\/#breadcrumb","itemListElement":[{"@type":"ListItem","position":1,"name":"Portada","item":"https:\/\/marthacifuentes.com\/portada\/"},{"@type":"ListItem","position":2,"name":"Renta Joven ya tiene fecha: pagos desde el 3 y plazo para corregir datos hasta el 11 de septiembre"}]},{"@type":"WebSite","@id":"https:\/\/marthacifuentes.com\/portada\/#website","url":"https:\/\/marthacifuentes.com\/portada\/","name":"\u25b7 Noticias de Casanare : Martha Cifuentes | Casanare","description":"Noticias &amp; Contenidos","potentialAction":[{"@type":"SearchAction","target":{"@type":"EntryPoint","urlTemplate":"https:\/\/marthacifuentes.com\/portada\/?s={search_term_string}"},"query-input":{"@type":"PropertyValueSpecification","valueRequired":true,"valueName":"search_term_string"}}],"inLanguage":"es"},{"@type":"Person","@id":"https:\/\/marthacifuentes.com\/portada\/#\/schema\/person\/57f53174b991db5f90ff78d58502b714","name":"Martha Cifuentes","image":{"@type":"ImageObject","inLanguage":"es","@id":"https:\/\/marthacifuentes.com\/portada\/#\/schema\/person\/image\/","url":"http:\/\/marthacifuentes.com\/portada\/wp-content\/uploads\/2018\/06\/avatar_user_2_1528838701-96x96.jpg","contentUrl":"http:\/\/marthacifuentes.com\/portada\/wp-content\/uploads\/2018\/06\/avatar_user_2_1528838701-96x96.jpg","caption":"Martha Cifuentes"},"sameAs":["http:\/\/www.marthacifuentes.com"],"url":"https:\/\/marthacifuentes.com\/portada\/author\/martha\/"}]}},"_links":{"self":[{"href":"https:\/\/marthacifuentes.com\/portada\/wp-json\/wp\/v2\/posts\/40701","targetHints":{"allow":["GET"]}}],"collection":[{"href":"https:\/\/marthacifuentes.com\/portada\/wp-json\/wp\/v2\/posts"}],"about":[{"href":"https:\/\/marthacifuentes.com\/portada\/wp-json\/wp\/v2\/types\/post"}],"author":[{"embeddable":true,"href":"https:\/\/marthacifuentes.com\/portada\/wp-json\/wp\/v2\/users\/2"}],"replies":[{"embeddable":true,"href":"https:\/\/marthacifuentes.com\/portada\/wp-json\/wp\/v2\/comments?post=40701"}],"version-history":[{"count":1,"href":"https:\/\/marthacifuentes.com\/portada\/wp-json\/wp\/v2\/posts\/40701\/revisions"}],"predecessor-version":[{"id":40703,"href":"https:\/\/marthacifuentes.com\/portada\/wp-json\/wp\/v2\/posts\/40701\/revisions\/40703"}],"wp:featuredmedia":[{"embeddable":true,"href":"https:\/\/marthacifuentes.com\/portada\/wp-json\/wp\/v2\/media\/40702"}],"wp:attachment":[{"href":"https:\/\/marthacifuentes.com\/portada\/wp-json\/wp\/v2\/media?parent=40701"}],"wp:term":[{"taxonomy":"category","embeddable":true,"href":"https:\/\/marthacifuentes.com\/portada\/wp-json\/wp\/v2\/categories?post=40701"},{"taxonomy":"post_tag","embeddable":true,"href":"https:\/\/marthacifuentes.com\/portada\/wp-json\/wp\/v2\/tags?post=40701"}],"curies":[{"name":"wp","href":"https:\/\/api.w.org\/{rel}","templated":true}]}}