{"id":40704,"date":"2026-09-01T17:24:44","date_gmt":"2026-09-01T22:24:44","guid":{"rendered":"https:\/\/marthacifuentes.com\/portada\/?p=40704"},"modified":"2026-09-01T17:25:44","modified_gmt":"2026-09-01T22:25:44","slug":"alias-tempo-camaras-siies-ataque-granada-yopal","status":"publish","type":"post","link":"https:\/\/marthacifuentes.com\/portada\/alias-tempo-camaras-siies-ataque-granada-yopal\/","title":{"rendered":"Alias \u201cTempo\u201d no escap\u00f3 de las c\u00e1maras: SIIES reconstruy\u00f3 su ruta tras ataque con granada en Yopal"},"content":{"rendered":"\n<p>Amparado por la oscuridad de la noche, entre calles c\u00e9ntricas ya solitarias y un callej\u00f3n estrecho \u2014pero suficiente para transitar\u2014, un hombre lanz\u00f3 una granada contra una vivienda y escap\u00f3.<\/p>\n\n\n\n<p>Parec\u00eda apostar a que la noche borrar\u00eda su recorrido.<\/p>\n\n\n\n<p>Pero descuid\u00f3 un detalle importante: <strong>Yopal ahora tiene c\u00e1maras de videovigilancia en diferentes puntos de la ciudad<\/strong>.<\/p>\n\n\n\n<p>Las im\u00e1genes permitieron seguir sus movimientos antes y despu\u00e9s del ataque ocurrido el domingo 23 de agosto contra una vivienda de la calle 10A, entre carreras 22 y 23.<\/p>\n\n\n\n<p>Doce horas despu\u00e9s, las autoridades ya hab\u00edan identificado las placas del veh\u00edculo presuntamente utilizado. Luego comenzaron a rebobinar la ciudad.<\/p>\n\n\n\n<h2 class=\"wp-block-heading\">Veintisiete horas detr\u00e1s de una ruta<\/h2>\n\n\n\n<p>Los investigadores analizaron im\u00e1genes captadas desde diferentes puntos hasta reconstruir el trayecto del sospechoso.<\/p>\n\n\n\n<p>Seg\u00fan el coronel Pablo Javier Galindo Valencia, comandante de la Polic\u00eda de Casanare, el trabajo requiri\u00f3 m\u00e1s de 48 horas de an\u00e1lisis y la revisi\u00f3n de aproximadamente 27 horas de grabaciones.<\/p>\n\n\n\n<p>Las c\u00e1maras permitieron establecer por d\u00f3nde lleg\u00f3 el veh\u00edculo, cu\u00e1les fueron sus movimientos alrededor del lugar atacado y qu\u00e9 ruta habr\u00eda utilizado posteriormente.<\/p>\n\n\n\n<p>El sistema tambi\u00e9n proporcion\u00f3 informaci\u00f3n mediante sus herramientas de identificaci\u00f3n de placas y reconocimiento facial.<\/p>\n\n\n\n<p>La ruta reconstruida se convirti\u00f3 en uno de los elementos que apoyaron la captura de alias \u201cTempo\u201d, se\u00f1alado por las autoridades como presunto integrante del Frente 28 de las disidencias de las Farc.<\/p>\n\n\n\n<h2 class=\"wp-block-heading\">Un presunto operador del miedo<\/h2>\n\n\n\n<p>De acuerdo con la investigaci\u00f3n del GAULA Casanare, alias \u201cTempo\u201d tendr\u00eda cerca de un a\u00f1o dentro de la estructura ilegal.<\/p>\n\n\n\n<p>Presuntamente coordinaba la distribuci\u00f3n de panfletos amenazantes y el lanzamiento de artefactos explosivos para intimidar a comerciantes y ciudadanos y exigirles pagos extorsivos.<\/p>\n\n\n\n<p>Tambi\u00e9n es investigado por su posible participaci\u00f3n material en hechos violentos ocurridos en Casanare el pasado 23 de agosto. Su responsabilidad deber\u00e1 ser definida por la justicia y, mientras avanza el proceso, conserva la presunci\u00f3n de inocencia.<\/p>\n\n\n\n<h2 class=\"wp-block-heading\">Una granada y 36 \u201cpaz y salvos\u201d<\/h2>\n\n\n\n<p>Durante el allanamiento, la Polic\u00eda report\u00f3 la incautaci\u00f3n de una granada de fragmentaci\u00f3n IM26, municiones, un tel\u00e9fono celular, un radio de comunicaciones, prendas camufladas y una bandera con inscripciones alusivas al Frente 28.<\/p>\n\n\n\n<p>Tambi\u00e9n fueron encontrados <strong>36 documentos denominados \u201cpaz y salvo\u201d<\/strong>, con membretes alusivos a las FARC-EP.<\/p>\n\n\n\n<p>Los documentos muestran la l\u00f3gica con la que operar\u00eda la extorsi\u00f3n: primero se amenaza, luego se cobra y finalmente se entrega un papel para certificar que la v\u00edctima ya pag\u00f3.<\/p>\n\n\n\n<p>Una contabilidad clandestina construida sobre el miedo.<\/p>\n\n\n\n<p>Hay que resaltar que el d\u00eda anterior se conoci\u00f3 un panfleto del frente 28 de las disidencias de las Farc en el que se atribu\u00eda el lanzamiento de la granada y la quema de una buseta. <\/p>\n\n\n\n<h2 class=\"wp-block-heading\">El primer gran resultado de las nuevas c\u00e1maras<\/h2>\n\n\n\n<p>El sistema de videovigilancia de Yopal comenz\u00f3 a operar el 7 de agosto. Menos de un mes despu\u00e9s, sus grabaciones apoyaron uno de los operativos de mayor impacto contra la extorsi\u00f3n reciente en la ciudad.<\/p>\n\n\n\n<p>El gobernador C\u00e9sar Ortiz Zorro afirm\u00f3 que este caso demuestra que la inversi\u00f3n comienza a producir resultados y agradeci\u00f3 el trabajo de los polic\u00edas encargados del centro de monitoreo y de los uniformados que adelantaron la operaci\u00f3n en las calles.<\/p>\n\n\n\n<p>Sin embargo, las c\u00e1maras no capturaron solas a alias \u201cTempo\u201d. Las im\u00e1genes fueron \u00fatiles porque detr\u00e1s de ellas hubo operadores, investigadores del GAULA, an\u00e1lisis de informaci\u00f3n y labores de seguimiento.<\/p>\n\n\n\n<p>Ahora ser\u00e1 la Fiscal\u00eda la encargada de demostrar ante un juez si ese recorrido, junto con los elementos incautados y las dem\u00e1s pruebas, permite atribuirle al capturado el ataque y los delitos investigados.<\/p>\n","protected":false},"excerpt":{"rendered":"<p>Amparado por la oscuridad de la noche, entre calles c\u00e9ntricas ya solitarias y un callej\u00f3n estrecho \u2014pero suficiente para transitar\u2014, un hombre lanz\u00f3 una granada contra una vivienda y escap\u00f3. Parec\u00eda apostar a que la noche borrar\u00eda su recorrido. Pero descuid\u00f3 un detalle importante: Yopal ahora tiene c\u00e1maras de videovigilancia en diferentes puntos de la &hellip;<\/p>\n","protected":false},"author":2,"featured_media":40705,"comment_status":"open","ping_status":"open","sticky":false,"template":"","format":"standard","meta":{"om_disable_all_campaigns":false,"_exactmetrics_skip_tracking":false,"_exactmetrics_sitenote_active":false,"_exactmetrics_sitenote_note":"","_exactmetrics_sitenote_category":0,"_monsterinsights_skip_tracking":false,"_uf_show_specific_survey":0,"_uf_disable_surveys":false,"_joinchat":[],"footnotes":""},"categories":[147,146,145],"tags":[15478,15479,14482,6161,10372,874,1188,13898,13826,14062,157],"class_list":["post-40704","post","type-post","status-publish","format-standard","has-post-thumbnail","hentry","category-actualidad","category-noticias","category-reportajes","tag-alias-tempo","tag-ataque-con-granada","tag-camaras-de-seguridad","tag-disidencias-de-las-farc","tag-extorsion","tag-frente-28","tag-gaula-casanare","tag-seguridad-en-yopal","tag-siies","tag-videovigilancia","tag-yopal"],"yoast_head":"<!-- This site is optimized with the Yoast SEO plugin v26.1 - https:\/\/yoast.com\/wordpress\/plugins\/seo\/ -->\n<title>Alias \u201cTempo\u201d: c\u00e1maras SIIES reconstruyeron su ruta en Yopal<\/title>\n<meta name=\"description\" content=\"Las c\u00e1maras del SIIES reconstruyeron la ruta de alias \u201cTempo\u201d y apoyaron su captura tras el ataque con granada ocurrido en Yopal.\" \/>\n<meta name=\"robots\" content=\"index, follow, max-snippet:-1, max-image-preview:large, max-video-preview:-1\" \/>\n<link rel=\"canonical\" href=\"https:\/\/marthacifuentes.com\/portada\/alias-tempo-camaras-siies-ataque-granada-yopal\/\" \/>\n<meta property=\"og:locale\" content=\"es_ES\" \/>\n<meta property=\"og:type\" content=\"article\" \/>\n<meta property=\"og:title\" content=\"Alias \u201cTempo\u201d: c\u00e1maras SIIES reconstruyeron su ruta en Yopal\" \/>\n<meta property=\"og:description\" content=\"Las c\u00e1maras del SIIES reconstruyeron la ruta de alias \u201cTempo\u201d y apoyaron su captura tras el ataque con granada ocurrido en Yopal.\" \/>\n<meta property=\"og:url\" content=\"https:\/\/marthacifuentes.com\/portada\/alias-tempo-camaras-siies-ataque-granada-yopal\/\" \/>\n<meta property=\"og:site_name\" content=\"\u25b7 Noticias de Casanare : Martha Cifuentes | Casanare\" \/>\n<meta property=\"article:published_time\" content=\"2026-09-01T22:24:44+00:00\" \/>\n<meta property=\"article:modified_time\" content=\"2026-09-01T22:25:44+00:00\" \/>\n<meta property=\"og:image\" content=\"https:\/\/marthacifuentes.com\/portada\/wp-content\/uploads\/2026\/09\/WhatsApp-Image-2026-09-01-at-11.43.05-AM.jpeg\" \/>\n\t<meta property=\"og:image:width\" content=\"1600\" \/>\n\t<meta property=\"og:image:height\" content=\"1159\" \/>\n\t<meta property=\"og:image:type\" content=\"image\/jpeg\" \/>\n<meta name=\"author\" content=\"Martha Cifuentes\" \/>\n<meta name=\"twitter:card\" content=\"summary_large_image\" \/>\n<meta name=\"twitter:label1\" content=\"Escrito por\" \/>\n\t<meta name=\"twitter:data1\" content=\"Martha Cifuentes\" \/>\n\t<meta name=\"twitter:label2\" content=\"Tiempo de lectura\" \/>\n\t<meta name=\"twitter:data2\" content=\"3 minutos\" \/>\n<script type=\"application\/ld+json\" class=\"yoast-schema-graph\">{\"@context\":\"https:\/\/schema.org\",\"@graph\":[{\"@type\":\"WebPage\",\"@id\":\"https:\/\/marthacifuentes.com\/portada\/alias-tempo-camaras-siies-ataque-granada-yopal\/\",\"url\":\"https:\/\/marthacifuentes.com\/portada\/alias-tempo-camaras-siies-ataque-granada-yopal\/\",\"name\":\"Alias \u201cTempo\u201d: c\u00e1maras SIIES reconstruyeron su ruta en Yopal\",\"isPartOf\":{\"@id\":\"https:\/\/marthacifuentes.com\/portada\/#website\"},\"primaryImageOfPage\":{\"@id\":\"https:\/\/marthacifuentes.com\/portada\/alias-tempo-camaras-siies-ataque-granada-yopal\/#primaryimage\"},\"image\":{\"@id\":\"https:\/\/marthacifuentes.com\/portada\/alias-tempo-camaras-siies-ataque-granada-yopal\/#primaryimage\"},\"thumbnailUrl\":\"https:\/\/marthacifuentes.com\/portada\/wp-content\/uploads\/2026\/09\/WhatsApp-Image-2026-09-01-at-11.43.05-AM.jpeg\",\"datePublished\":\"2026-09-01T22:24:44+00:00\",\"dateModified\":\"2026-09-01T22:25:44+00:00\",\"author\":{\"@id\":\"https:\/\/marthacifuentes.com\/portada\/#\/schema\/person\/57f53174b991db5f90ff78d58502b714\"},\"description\":\"Las c\u00e1maras del SIIES reconstruyeron la ruta de alias \u201cTempo\u201d y apoyaron su captura tras el ataque con granada ocurrido en Yopal.\",\"breadcrumb\":{\"@id\":\"https:\/\/marthacifuentes.com\/portada\/alias-tempo-camaras-siies-ataque-granada-yopal\/#breadcrumb\"},\"inLanguage\":\"es\",\"potentialAction\":[{\"@type\":\"ReadAction\",\"target\":[\"https:\/\/marthacifuentes.com\/portada\/alias-tempo-camaras-siies-ataque-granada-yopal\/\"]}]},{\"@type\":\"ImageObject\",\"inLanguage\":\"es\",\"@id\":\"https:\/\/marthacifuentes.com\/portada\/alias-tempo-camaras-siies-ataque-granada-yopal\/#primaryimage\",\"url\":\"https:\/\/marthacifuentes.com\/portada\/wp-content\/uploads\/2026\/09\/WhatsApp-Image-2026-09-01-at-11.43.05-AM.jpeg\",\"contentUrl\":\"https:\/\/marthacifuentes.com\/portada\/wp-content\/uploads\/2026\/09\/WhatsApp-Image-2026-09-01-at-11.43.05-AM.jpeg\",\"width\":1600,\"height\":1159},{\"@type\":\"BreadcrumbList\",\"@id\":\"https:\/\/marthacifuentes.com\/portada\/alias-tempo-camaras-siies-ataque-granada-yopal\/#breadcrumb\",\"itemListElement\":[{\"@type\":\"ListItem\",\"position\":1,\"name\":\"Portada\",\"item\":\"https:\/\/marthacifuentes.com\/portada\/\"},{\"@type\":\"ListItem\",\"position\":2,\"name\":\"Alias \u201cTempo\u201d no escap\u00f3 de las c\u00e1maras: SIIES reconstruy\u00f3 su ruta tras ataque con granada en Yopal\"}]},{\"@type\":\"WebSite\",\"@id\":\"https:\/\/marthacifuentes.com\/portada\/#website\",\"url\":\"https:\/\/marthacifuentes.com\/portada\/\",\"name\":\"\u25b7 Noticias de Casanare : Martha Cifuentes | Casanare\",\"description\":\"Noticias &amp; Contenidos\",\"potentialAction\":[{\"@type\":\"SearchAction\",\"target\":{\"@type\":\"EntryPoint\",\"urlTemplate\":\"https:\/\/marthacifuentes.com\/portada\/?s={search_term_string}\"},\"query-input\":{\"@type\":\"PropertyValueSpecification\",\"valueRequired\":true,\"valueName\":\"search_term_string\"}}],\"inLanguage\":\"es\"},{\"@type\":\"Person\",\"@id\":\"https:\/\/marthacifuentes.com\/portada\/#\/schema\/person\/57f53174b991db5f90ff78d58502b714\",\"name\":\"Martha Cifuentes\",\"image\":{\"@type\":\"ImageObject\",\"inLanguage\":\"es\",\"@id\":\"https:\/\/marthacifuentes.com\/portada\/#\/schema\/person\/image\/\",\"url\":\"http:\/\/marthacifuentes.com\/portada\/wp-content\/uploads\/2018\/06\/avatar_user_2_1528838701-96x96.jpg\",\"contentUrl\":\"http:\/\/marthacifuentes.com\/portada\/wp-content\/uploads\/2018\/06\/avatar_user_2_1528838701-96x96.jpg\",\"caption\":\"Martha Cifuentes\"},\"sameAs\":[\"http:\/\/www.marthacifuentes.com\"],\"url\":\"https:\/\/marthacifuentes.com\/portada\/author\/martha\/\"}]}<\/script>\n<!-- \/ Yoast SEO plugin. -->","yoast_head_json":{"title":"Alias \u201cTempo\u201d: c\u00e1maras SIIES reconstruyeron su ruta en Yopal","description":"Las c\u00e1maras del SIIES reconstruyeron la ruta de alias \u201cTempo\u201d y apoyaron su captura tras el ataque con granada ocurrido en Yopal.","robots":{"index":"index","follow":"follow","max-snippet":"max-snippet:-1","max-image-preview":"max-image-preview:large","max-video-preview":"max-video-preview:-1"},"canonical":"https:\/\/marthacifuentes.com\/portada\/alias-tempo-camaras-siies-ataque-granada-yopal\/","og_locale":"es_ES","og_type":"article","og_title":"Alias \u201cTempo\u201d: c\u00e1maras SIIES reconstruyeron su ruta en Yopal","og_description":"Las c\u00e1maras del SIIES reconstruyeron la ruta de alias \u201cTempo\u201d y apoyaron su captura tras el ataque con granada ocurrido en Yopal.","og_url":"https:\/\/marthacifuentes.com\/portada\/alias-tempo-camaras-siies-ataque-granada-yopal\/","og_site_name":"\u25b7 Noticias de Casanare : Martha Cifuentes | Casanare","article_published_time":"2026-09-01T22:24:44+00:00","article_modified_time":"2026-09-01T22:25:44+00:00","og_image":[{"width":1600,"height":1159,"url":"https:\/\/marthacifuentes.com\/portada\/wp-content\/uploads\/2026\/09\/WhatsApp-Image-2026-09-01-at-11.43.05-AM.jpeg","type":"image\/jpeg"}],"author":"Martha Cifuentes","twitter_card":"summary_large_image","twitter_misc":{"Escrito por":"Martha Cifuentes","Tiempo de lectura":"3 minutos"},"schema":{"@context":"https:\/\/schema.org","@graph":[{"@type":"WebPage","@id":"https:\/\/marthacifuentes.com\/portada\/alias-tempo-camaras-siies-ataque-granada-yopal\/","url":"https:\/\/marthacifuentes.com\/portada\/alias-tempo-camaras-siies-ataque-granada-yopal\/","name":"Alias \u201cTempo\u201d: c\u00e1maras SIIES reconstruyeron su ruta en Yopal","isPartOf":{"@id":"https:\/\/marthacifuentes.com\/portada\/#website"},"primaryImageOfPage":{"@id":"https:\/\/marthacifuentes.com\/portada\/alias-tempo-camaras-siies-ataque-granada-yopal\/#primaryimage"},"image":{"@id":"https:\/\/marthacifuentes.com\/portada\/alias-tempo-camaras-siies-ataque-granada-yopal\/#primaryimage"},"thumbnailUrl":"https:\/\/marthacifuentes.com\/portada\/wp-content\/uploads\/2026\/09\/WhatsApp-Image-2026-09-01-at-11.43.05-AM.jpeg","datePublished":"2026-09-01T22:24:44+00:00","dateModified":"2026-09-01T22:25:44+00:00","author":{"@id":"https:\/\/marthacifuentes.com\/portada\/#\/schema\/person\/57f53174b991db5f90ff78d58502b714"},"description":"Las c\u00e1maras del SIIES reconstruyeron la ruta de alias \u201cTempo\u201d y apoyaron su captura tras el ataque con granada ocurrido en Yopal.","breadcrumb":{"@id":"https:\/\/marthacifuentes.com\/portada\/alias-tempo-camaras-siies-ataque-granada-yopal\/#breadcrumb"},"inLanguage":"es","potentialAction":[{"@type":"ReadAction","target":["https:\/\/marthacifuentes.com\/portada\/alias-tempo-camaras-siies-ataque-granada-yopal\/"]}]},{"@type":"ImageObject","inLanguage":"es","@id":"https:\/\/marthacifuentes.com\/portada\/alias-tempo-camaras-siies-ataque-granada-yopal\/#primaryimage","url":"https:\/\/marthacifuentes.com\/portada\/wp-content\/uploads\/2026\/09\/WhatsApp-Image-2026-09-01-at-11.43.05-AM.jpeg","contentUrl":"https:\/\/marthacifuentes.com\/portada\/wp-content\/uploads\/2026\/09\/WhatsApp-Image-2026-09-01-at-11.43.05-AM.jpeg","width":1600,"height":1159},{"@type":"BreadcrumbList","@id":"https:\/\/marthacifuentes.com\/portada\/alias-tempo-camaras-siies-ataque-granada-yopal\/#breadcrumb","itemListElement":[{"@type":"ListItem","position":1,"name":"Portada","item":"https:\/\/marthacifuentes.com\/portada\/"},{"@type":"ListItem","position":2,"name":"Alias \u201cTempo\u201d no escap\u00f3 de las c\u00e1maras: SIIES reconstruy\u00f3 su ruta tras ataque con granada en Yopal"}]},{"@type":"WebSite","@id":"https:\/\/marthacifuentes.com\/portada\/#website","url":"https:\/\/marthacifuentes.com\/portada\/","name":"\u25b7 Noticias de Casanare : Martha Cifuentes | Casanare","description":"Noticias &amp; Contenidos","potentialAction":[{"@type":"SearchAction","target":{"@type":"EntryPoint","urlTemplate":"https:\/\/marthacifuentes.com\/portada\/?s={search_term_string}"},"query-input":{"@type":"PropertyValueSpecification","valueRequired":true,"valueName":"search_term_string"}}],"inLanguage":"es"},{"@type":"Person","@id":"https:\/\/marthacifuentes.com\/portada\/#\/schema\/person\/57f53174b991db5f90ff78d58502b714","name":"Martha Cifuentes","image":{"@type":"ImageObject","inLanguage":"es","@id":"https:\/\/marthacifuentes.com\/portada\/#\/schema\/person\/image\/","url":"http:\/\/marthacifuentes.com\/portada\/wp-content\/uploads\/2018\/06\/avatar_user_2_1528838701-96x96.jpg","contentUrl":"http:\/\/marthacifuentes.com\/portada\/wp-content\/uploads\/2018\/06\/avatar_user_2_1528838701-96x96.jpg","caption":"Martha Cifuentes"},"sameAs":["http:\/\/www.marthacifuentes.com"],"url":"https:\/\/marthacifuentes.com\/portada\/author\/martha\/"}]}},"_links":{"self":[{"href":"https:\/\/marthacifuentes.com\/portada\/wp-json\/wp\/v2\/posts\/40704","targetHints":{"allow":["GET"]}}],"collection":[{"href":"https:\/\/marthacifuentes.com\/portada\/wp-json\/wp\/v2\/posts"}],"about":[{"href":"https:\/\/marthacifuentes.com\/portada\/wp-json\/wp\/v2\/types\/post"}],"author":[{"embeddable":true,"href":"https:\/\/marthacifuentes.com\/portada\/wp-json\/wp\/v2\/users\/2"}],"replies":[{"embeddable":true,"href":"https:\/\/marthacifuentes.com\/portada\/wp-json\/wp\/v2\/comments?post=40704"}],"version-history":[{"count":2,"href":"https:\/\/marthacifuentes.com\/portada\/wp-json\/wp\/v2\/posts\/40704\/revisions"}],"predecessor-version":[{"id":40708,"href":"https:\/\/marthacifuentes.com\/portada\/wp-json\/wp\/v2\/posts\/40704\/revisions\/40708"}],"wp:featuredmedia":[{"embeddable":true,"href":"https:\/\/marthacifuentes.com\/portada\/wp-json\/wp\/v2\/media\/40705"}],"wp:attachment":[{"href":"https:\/\/marthacifuentes.com\/portada\/wp-json\/wp\/v2\/media?parent=40704"}],"wp:term":[{"taxonomy":"category","embeddable":true,"href":"https:\/\/marthacifuentes.com\/portada\/wp-json\/wp\/v2\/categories?post=40704"},{"taxonomy":"post_tag","embeddable":true,"href":"https:\/\/marthacifuentes.com\/portada\/wp-json\/wp\/v2\/tags?post=40704"}],"curies":[{"name":"wp","href":"https:\/\/api.w.org\/{rel}","templated":true}]}}