{"id":40709,"date":"2026-09-02T06:22:48","date_gmt":"2026-09-02T11:22:48","guid":{"rendered":"https:\/\/marthacifuentes.com\/portada\/?p=40709"},"modified":"2026-09-02T06:22:50","modified_gmt":"2026-09-02T11:22:50","slug":"fallo-bloqueos-petroleros-alerta-casanare","status":"publish","type":"post","link":"https:\/\/marthacifuentes.com\/portada\/fallo-bloqueos-petroleros-alerta-casanare\/","title":{"rendered":"\u00bfCobrarle a la comunidad que protesta el petr\u00f3leo que no se produjo? Fallo deber\u00eda alertar a comunidades en Casanare"},"content":{"rendered":"\n<h2 class=\"wp-block-heading\"><\/h2>\n\n\n\n<p>Una comunidad reclama oportunidades laborales, presenta un pliego de peticiones y bloquea el acceso a una instalaci\u00f3n petrolera. La empresa reduce su producci\u00f3n y, varios a\u00f1os despu\u00e9s, demanda a los dirigentes para cobrarles el petr\u00f3leo que dej\u00f3 de vender.<\/p>\n\n\n\n<p>No es una situaci\u00f3n hipot\u00e9tica.<\/p>\n\n\n\n<p>El Consejo de Estado conden\u00f3 a la Corporaci\u00f3n Comunitaria de Juntas de Acci\u00f3n Comunal del \u00c1rea de Influencia Directa de San Isidro de Chichimene \u2014CJAID\u2014 y a su entonces representante legal, Sandra Patricia Ruiz Ria\u00f1o, por los perjuicios ocasionados a Ecopetrol durante las protestas realizadas entre el 31 de julio y el 15 de agosto de 2017 en Acac\u00edas, Meta.<\/p>\n\n\n\n<p>Ecopetrol reclam\u00f3 inicialmente <strong>$4.056 millones<\/strong> por aproximadamente 32.000 barriles cuya producci\u00f3n habr\u00eda sido diferida. La sentencia no fij\u00f3 ese valor como condena definitiva, pero reconoci\u00f3 la existencia del perjuicio y orden\u00f3 establecer posteriormente su monto mediante un peritaje.<\/p>\n\n\n\n<p>Para el exministro de Minas y Energ\u00eda y antiguo dirigente de la Uni\u00f3n Sindical Obrera \u2014USO\u2014, <strong>Edwin Palma<\/strong>, la decisi\u00f3n representa \u201cuna pu\u00f1alada al derecho a la protesta en el sector extractivo\u201d.<\/p>\n\n\n\n<p>Su advertencia tiene una resonancia particular en Casanare, donde las controversias con las petroleras han originado movilizaciones por contrataci\u00f3n local, deterioro vial, impactos ambientales, inversi\u00f3n social y cumplimiento de acuerdos.<\/p>\n\n\n\n<h2 class=\"wp-block-heading\">De un pliego laboral a una condena patrimonial<\/h2>\n\n\n\n<p>Ecopetrol present\u00f3 la demanda el 5 de julio de 2019, durante el gobierno de Iv\u00e1n Duque. Sostuvo que el bloqueo impidi\u00f3 durante varios d\u00edas el ingreso de trabajadores, contratistas, equipos e insumos a la estaci\u00f3n Chichimene, afectando la intervenci\u00f3n y reactivaci\u00f3n de pozos.<\/p>\n\n\n\n<p>En febrero de 2026, el Tribunal Administrativo del Meta neg\u00f3 las pretensiones de la compa\u00f1\u00eda. Ecopetrol apel\u00f3 y, el 15 de julio, la Secci\u00f3n Tercera del Consejo de Estado revoc\u00f3 la decisi\u00f3n.<\/p>\n\n\n\n<p>La segunda instancia declar\u00f3 responsables solidarios a Ruiz Ria\u00f1o y a CJAID. Esto permite que la empresa reclame la totalidad de la indemnizaci\u00f3n a cualquiera de las dos partes obligadas.<\/p>\n\n\n\n<p>El valor deber\u00e1 definirse mediante un incidente posterior. Para calcularlo se tendr\u00e1 que establecer el n\u00famero real de barriles dejados de producir, el precio del crudo y del d\u00f3lar durante el periodo, los costos normales de producci\u00f3n y otros factores que hubieran podido incidir en la operaci\u00f3n.<\/p>\n\n\n\n<p>Por ahora, entonces, <strong>no existe una condena definitiva por $4.056 millones<\/strong>. S\u00ed existe una obligaci\u00f3n de reparar un perjuicio cuya cuant\u00eda podr\u00eda resultar imposible de asumir para una l\u00edder social y una organizaci\u00f3n comunitaria.<\/p>\n\n\n\n<h2 class=\"wp-block-heading\">Edwin Palma: \u201cQuieren que la protesta no incomode\u201d<\/h2>\n\n\n\n<p>Palma cuestion\u00f3 que un conflicto originado en reclamos laborales terminara convertido en una deuda contra una dirigente comunal y su organizaci\u00f3n.<\/p>\n\n\n\n<p>\u201c\u00bfDe d\u00f3nde podr\u00e1 pagar una l\u00edder social y su asociaci\u00f3n una condena as\u00ed?\u201d, pregunt\u00f3.<\/p>\n\n\n\n<p>En su interpretaci\u00f3n, el objetivo de este tipo de demandas no ser\u00eda recuperar el dinero, sino elevar el costo de la movilizaci\u00f3n hasta volverla inviable.<\/p>\n\n\n\n<blockquote class=\"wp-block-quote is-layout-flow wp-block-quote-is-layout-flow\">\n<p>\u201cNo les interesa el dinero, les interesa acabar un derecho fundamental. Quieren que la protesta no incomode\u201d, afirm\u00f3.<\/p>\n<\/blockquote>\n\n\n\n<p>El exministro considera que el fallo privilegia el c\u00e1lculo de los barriles dejados de producir y no pondera suficientemente la desigualdad entre una empresa como Ecopetrol y las comunidades que protestan para conseguir interlocuci\u00f3n.<\/p>\n\n\n\n<p>Tambi\u00e9n sostiene que el Consejo de Estado no realiz\u00f3 un test de proporcionalidad sobre el estado de indefensi\u00f3n de quienes se movilizan y advierte que la decisi\u00f3n puede profundizar, en lugar de reducir, la conflictividad petrolera.<\/p>\n\n\n\n<figure class=\"wp-block-embed is-type-rich is-provider-x wp-block-embed-x\"><div class=\"wp-block-embed__wrapper\">\n<blockquote class=\"twitter-tweet\" data-width=\"500\" data-dnt=\"true\"><p lang=\"es\" dir=\"ltr\">Esta sentencia obviamente celebrada por la derecha y las empresas petroleras, producto de una demanda provocada en el gobierno de Duque es una pu\u00f1alada al derecho a la protesta en el sector extractivo.<br><br>Un simple y leg\u00edtimo pliego de peticiones provocado por una comunidad que\u2026 <a href=\"https:\/\/t.co\/Davtvo9G0e\">https:\/\/t.co\/Davtvo9G0e<\/a> <a href=\"https:\/\/t.co\/DXDGufo9t4\">pic.twitter.com\/DXDGufo9t4<\/a><\/p>&mdash; Edwin Palma Egea (@PalmaEdwin) <a href=\"https:\/\/x.com\/PalmaEdwin\/status\/2094906197006541274?ref_src=twsrc%5Etfw\">September 1, 2026<\/a><\/blockquote><script async src=\"https:\/\/platform.x.com\/widgets.js\" charset=\"utf-8\"><\/script>\n<\/div><\/figure>\n\n\n\n<h2 class=\"wp-block-heading\">El fallo no se bas\u00f3 \u00fanicamente en una protesta pac\u00edfica<\/h2>\n\n\n\n<p>El se\u00f1alamiento de Palma pone sobre la mesa el posible efecto intimidatorio de la sentencia. Sin embargo, el expediente no describe solamente la presentaci\u00f3n de un pliego o una concentraci\u00f3n pac\u00edfica.<\/p>\n\n\n\n<p>El Consejo de Estado tuvo por probadas restricciones prolongadas al ingreso de personal e insumos, encadenamientos en las puertas y la paralizaci\u00f3n forzada de actividades productivas.<\/p>\n\n\n\n<p>Seg\u00fan las bit\u00e1coras, denuncias y testimonios valorados, el 4 de agosto de 2017 un grupo habr\u00eda saltado la barrera perimetral e ingresado por la fuerza a la estaci\u00f3n. Durante esos acontecimientos un trabajador result\u00f3 lesionado por el impacto de un objeto contundente.<\/p>\n\n\n\n<p>Ruiz Ria\u00f1o reconoci\u00f3 su participaci\u00f3n en las manifestaciones y se\u00f1al\u00f3 que varias decisiones fueron adoptadas colectivamente por representantes de las juntas integrantes de CJAID.<\/p>\n\n\n\n<p>A partir de esos elementos, el Consejo de Estado concluy\u00f3 que las actuaciones desbordaron los l\u00edmites de la manifestaci\u00f3n p\u00fablica y pac\u00edfica.<\/p>\n\n\n\n<p>La inquietud est\u00e1 en los criterios que deja: una empresa puede demandar a una organizaci\u00f3n y a sus voceros cuando atribuya a sus decisiones la interrupci\u00f3n de una operaci\u00f3n y consiga demostrar un perjuicio econ\u00f3mico.<\/p>\n\n\n\n<h2 class=\"wp-block-heading\">La vocer\u00eda puede convertirse en un riesgo<\/h2>\n\n\n\n<p>El Consejo de Estado responsabiliz\u00f3 personalmente a Ruiz Ria\u00f1o porque no la consider\u00f3 una participante m\u00e1s, sino representante legal, dirigente visible y organizadora de las medidas de presi\u00f3n.<\/p>\n\n\n\n<p>Tambi\u00e9n responsabiliz\u00f3 a CJAID porque las actuaciones fueron realizadas en nombre de la organizaci\u00f3n y respond\u00edan a decisiones colectivas relacionadas con la gesti\u00f3n de oportunidades laborales para las comunidades.<\/p>\n\n\n\n<p>Este razonamiento podr\u00eda afectar la organizaci\u00f3n de futuras protestas. Firmar un pliego, asumir una vocer\u00eda o representar jur\u00eddicamente a una junta puede facilitar la identificaci\u00f3n de las personas contra quienes posteriormente se presente una reclamaci\u00f3n.<\/p>\n\n\n\n<p>Surge as\u00ed una contradicci\u00f3n: empresas y autoridades exigen interlocutores reconocibles para negociar, pero esa misma representaci\u00f3n puede terminar utilizada para atribuir responsabilidades patrimoniales.<\/p>\n\n\n\n<figure class=\"wp-block-image size-large\"><img loading=\"lazy\" decoding=\"async\" width=\"1024\" height=\"557\" src=\"https:\/\/marthacifuentes.com\/portada\/wp-content\/uploads\/2026\/09\/image-1024x557.png\" alt=\"\" class=\"wp-image-40711\" srcset=\"https:\/\/marthacifuentes.com\/portada\/wp-content\/uploads\/2026\/09\/image-1024x557.png 1024w, https:\/\/marthacifuentes.com\/portada\/wp-content\/uploads\/2026\/09\/image-300x163.png 300w, https:\/\/marthacifuentes.com\/portada\/wp-content\/uploads\/2026\/09\/image-768x417.png 768w, https:\/\/marthacifuentes.com\/portada\/wp-content\/uploads\/2026\/09\/image.png 1503w\" sizes=\"auto, (max-width: 1024px) 100vw, 1024px\" \/><\/figure>\n\n\n\n<h2 class=\"wp-block-heading\">Los antecedentes reales de Casanare<\/h2>\n\n\n\n<p>La conflictividad petrolera en Casanare est\u00e1 documentada y no corresponde a un solo municipio.<\/p>\n\n\n\n<p>El 26 de mayo de 2026, GeoPark pidi\u00f3 levantar un bloqueo que desde el 21 de mayo imped\u00eda el acceso a sus operaciones en el bloque Llanos 34, en el sector de Caribayona, Villanueva.<\/p>\n\n\n\n<p>Dos a\u00f1os antes, comunidades de Caribayona, Los Gemelos y Canta Rana hab\u00edan completado cinco d\u00edas de protesta contra GeoPark y Parex. De acuerdo con un <a href=\"https:\/\/marthacifuentes.com\/portada\/conflicto-de-comunidad-y-petrolera-geopark-en-caribayona-villanueva-por-contratacion-vias-y-ambiente\/\">reporte publicado por MarthaCifuentes.com<\/a>, reclamaban por contrataci\u00f3n de trabajadores y proveedores locales, utilizaci\u00f3n de v\u00edas y puentes, afectaciones ambientales e inversi\u00f3n social.<\/p>\n\n\n\n<p>Otro caso se present\u00f3 en la vereda San Luis de Ariporo, en Paz de Ariporo. All\u00ed, habitantes iniciaron el 15 de agosto de <strong>2024<\/strong> una manifestaci\u00f3n contra Green Power, la Agencia Nacional de Hidrocarburos y la ANLA para exigir el cumplimiento de compromisos sociales relacionados con el proyecto Joropo.<\/p>\n\n\n\n<p>En San Luis de Palenque tambi\u00e9n existen antecedentes. En agosto de 2017, habitantes de las veredas El Tigre, La Venturosa y Platanera completaron 15 d\u00edas de movilizaciones contra Frontera Energy por salarios, condiciones laborales, tarifas de transporte, deterioro vial, inversi\u00f3n social y compensaciones ambientales.<\/p>\n\n\n\n<p>La recurrencia de estos conflictos llev\u00f3 al Ministerio de Minas y Energ\u00eda a reunir en noviembre de 2025 a m\u00e1s de 140 representantes de comunidades, empresas y autoridades. De ese encuentro surgi\u00f3 una <a href=\"https:\/\/www.minenergia.gov.co\/es\/sala-de-prensa\/noticias-index\/gobierno-nacional-y-comunidades-acuerdan-hoja-de-ruta-para-prevenir-conflictos-sociales-en-zonas-petroleras-del-casanare\/\">Gerencia Territorial para la Gesti\u00f3n de Conflictos<\/a>, concebida como un espacio de di\u00e1logo previo a las v\u00edas de hecho.<\/p>\n\n\n\n<p>El nuevo fallo introduce otra dimensi\u00f3n: aunque un bloqueo termine y la operaci\u00f3n sea restablecida, la controversia podr\u00eda continuar durante a\u00f1os en los tribunales mediante una reclamaci\u00f3n por la producci\u00f3n afectada.<\/p>\n\n\n\n<h2 class=\"wp-block-heading\">Menos protecci\u00f3n al empleo y mayor riesgo al protestar<\/h2>\n\n\n\n<p>Palma relacion\u00f3 la sentencia con otra decisi\u00f3n adoptada por el Consejo de Estado el 29 de abril de 2026.<\/p>\n\n\n\n<p>En ese fallo fueron anuladas disposiciones de los decretos 2089 de 2014 y 1668 de 2016 que obligaban a priorizar residentes de las zonas productoras en por lo menos el 30 % de los cargos calificados de los proyectos de hidrocarburos.<\/p>\n\n\n\n<p>El tribunal consider\u00f3 que el Gobierno hab\u00eda excedido su potestad reglamentaria, porque la ley solamente autorizaba la priorizaci\u00f3n obligatoria de mano de obra local no calificada.<\/p>\n\n\n\n<p>La contrataci\u00f3n de t\u00e9cnicos y profesionales de las \u00e1reas de influencia no qued\u00f3 prohibida. Las compa\u00f1\u00edas pueden mantenerla voluntariamente o en cumplimiento de acuerdos y obligaciones particulares. Lo que desapareci\u00f3 fue la cuota nacional obligatoria.<\/p>\n\n\n\n<p>Para Casanare, la combinaci\u00f3n de ambos fallos resulta sensible: se reducen las herramientas jur\u00eddicas para exigir empleo profesional local y, al mismo tiempo, aumenta el riesgo patrimonial de presionar mediante bloqueos.<\/p>\n\n\n\n<p>La advertencia de Palma es que este escenario no elimina las causas del conflicto. Puede dejar a las comunidades con menos canales de incidencia y hacer m\u00e1s dif\u00edcil la construcci\u00f3n de acuerdos.<\/p>\n\n\n\n<h2 class=\"wp-block-heading\">El alcance no es autom\u00e1tico<\/h2>\n\n\n\n<p>La sentencia de Chichimene no permite cobrar sin pruebas cada barril que una petrolera deje de producir durante una manifestaci\u00f3n.<\/p>\n\n\n\n<p>La empresa tendr\u00eda que demostrar la participaci\u00f3n de los demandados en conductas que excedieron la protesta pac\u00edfica, el respaldo institucional de la organizaci\u00f3n, la existencia del da\u00f1o, la relaci\u00f3n directa con el bloqueo y el valor del beneficio neto dejado de recibir.<\/p>\n\n\n\n<p>La participaci\u00f3n en una concentraci\u00f3n, la presentaci\u00f3n de peticiones o el ejercicio pac\u00edfico de la protesta no deber\u00edan generar por s\u00ed solos responsabilidad patrimonial.<\/p>\n\n\n\n<p>El fallo tampoco es una sentencia de unificaci\u00f3n. Resuelve un caso concreto, aunque su procedencia de la Secci\u00f3n Tercera del Consejo de Estado le concede suficiente peso para ser invocado en litigios posteriores.<\/p>\n\n\n\n<p>Adem\u00e1s, la decisi\u00f3n no fue un\u00e1nime. El magistrado Diego Enrique Franco Victoria anunci\u00f3 un salvamento de voto, pero sus argumentos no aparecen en el documento conocido. Esa posici\u00f3n ser\u00e1 importante para identificar las objeciones internas frente a la decisi\u00f3n mayoritaria.<\/p>\n\n\n\n<h2 class=\"wp-block-heading\">El petr\u00f3leo tiene precio; el conflicto tambi\u00e9n<\/h2>\n\n\n\n<p>La sentencia responde qui\u00e9n debe pagar cuando una protesta causa da\u00f1os econ\u00f3micos comprobables. Pero no resuelve qui\u00e9n responde cuando la inconformidad se origina en acuerdos incumplidos, afectaciones territoriales o ausencia de di\u00e1logo.<\/p>\n\n\n\n<p>La producci\u00f3n diferida puede expresarse en barriles, d\u00f3lares e ingresos dejados de recibir. Para las comunidades es mucho m\u00e1s dif\u00edcil cuantificar el desempleo local, el deterioro de una v\u00eda, la contaminaci\u00f3n o el desgaste provocado por compromisos que no se cumplen.<\/p>\n\n\n\n<p>Esa es la principal asimetr\u00eda: el da\u00f1o empresarial encuentra una ruta precisa para ser calculado, mientras las afectaciones territoriales suelen recorrer procedimientos dispersos, lentos y con menores capacidades probatorias.<\/p>\n\n\n\n<p>El fallo debe servir de alerta para las organizaciones de Casanare, que necesitar\u00e1n documentar el car\u00e1cter pac\u00edfico de sus actuaciones y evitar que las vocer\u00edas sean asociadas con conductas violentas. Pero tambi\u00e9n interpela a las empresas y al Estado: judicializar cada conflicto puede destruir la confianza territorial sin solucionar sus causas.<\/p>\n\n\n\n<div data-wp-interactive=\"core\/file\" class=\"wp-block-file\"><object data-wp-bind--hidden=\"!state.hasPdfPreview\" hidden class=\"wp-block-file__embed\" data=\"https:\/\/marthacifuentes.com\/portada\/wp-content\/uploads\/2026\/09\/10_Sentencia_Revoca_EXTRA744552019002110_0_20260806101722813.pdf\" type=\"application\/pdf\" style=\"width:100%;height:600px\" aria-label=\"Incrustado de 10_Sentencia_Revoca_EXTRA744552019002110_0_20260806101722813.\"><\/object><a id=\"wp-block-file--media-00b00241-3467-4d97-a446-bcc488f42f3a\" href=\"https:\/\/marthacifuentes.com\/portada\/wp-content\/uploads\/2026\/09\/10_Sentencia_Revoca_EXTRA744552019002110_0_20260806101722813.pdf\">10_Sentencia_Revoca_EXTRA744552019002110_0_20260806101722813<\/a><a href=\"https:\/\/marthacifuentes.com\/portada\/wp-content\/uploads\/2026\/09\/10_Sentencia_Revoca_EXTRA744552019002110_0_20260806101722813.pdf\" class=\"wp-block-file__button wp-element-button\" download aria-describedby=\"wp-block-file--media-00b00241-3467-4d97-a446-bcc488f42f3a\">Descarga<\/a><\/div>\n","protected":false},"excerpt":{"rendered":"<p>Una comunidad reclama oportunidades laborales, presenta un pliego de peticiones y bloquea el acceso a una instalaci\u00f3n petrolera. La empresa reduce su producci\u00f3n y, varios a\u00f1os despu\u00e9s, demanda a los dirigentes para cobrarles el petr\u00f3leo que dej\u00f3 de vender. No es una situaci\u00f3n hipot\u00e9tica. El Consejo de Estado conden\u00f3 a la Corporaci\u00f3n Comunitaria de Juntas &hellip;<\/p>\n","protected":false},"author":2,"featured_media":40712,"comment_status":"open","ping_status":"open","sticky":false,"template":"","format":"standard","meta":{"om_disable_all_campaigns":false,"_exactmetrics_skip_tracking":false,"_exactmetrics_sitenote_active":false,"_exactmetrics_sitenote_note":"","_exactmetrics_sitenote_category":0,"_monsterinsights_skip_tracking":false,"_uf_show_specific_survey":0,"_uf_disable_surveys":false,"_joinchat":[],"footnotes":""},"categories":[147,146,145],"tags":[15481,865,344,13251,1005,9054,12891,15482,15480,15483],"class_list":["post-40709","post","type-post","status-publish","format-standard","has-post-thumbnail","hentry","category-actualidad","category-noticias","category-reportajes","tag-bloqueos-petroleros","tag-consejo-de-estado","tag-ecopetrol","tag-edwin-palma","tag-industria-petrolera","tag-juntas-de-accion-comunal","tag-lideres-comunales","tag-mano-de-obra-local","tag-protesta-social","tag-uso"],"yoast_head":"<!-- This site is optimized with the Yoast SEO plugin v26.1 - https:\/\/yoast.com\/wordpress\/plugins\/seo\/ -->\n<title>Fallo por bloqueos petroleros alerta a Casanare<\/title>\n<meta name=\"description\" content=\"Un fallo orden\u00f3 indemnizar a Ecopetrol por un bloqueo. Edwin Palma advierte sobre sus posibles efectos para l\u00edderes y comunidades de Casanare.\" \/>\n<meta name=\"robots\" content=\"index, follow, max-snippet:-1, max-image-preview:large, max-video-preview:-1\" \/>\n<link rel=\"canonical\" href=\"https:\/\/marthacifuentes.com\/portada\/fallo-bloqueos-petroleros-alerta-casanare\/\" \/>\n<meta property=\"og:locale\" content=\"es_ES\" \/>\n<meta property=\"og:type\" content=\"article\" \/>\n<meta property=\"og:title\" content=\"\u00bfPodr\u00edan cobrarles a las comunidades el petr\u00f3leo no producido?\" \/>\n<meta property=\"og:description\" content=\"El Consejo de Estado conden\u00f3 a una l\u00edder comunal y a su organizaci\u00f3n. El fallo abre interrogantes para las protestas petroleras en Casanare.\" \/>\n<meta property=\"og:url\" content=\"https:\/\/marthacifuentes.com\/portada\/fallo-bloqueos-petroleros-alerta-casanare\/\" \/>\n<meta property=\"og:site_name\" content=\"\u25b7 Noticias de Casanare : Martha Cifuentes | Casanare\" \/>\n<meta property=\"article:published_time\" content=\"2026-09-02T11:22:48+00:00\" \/>\n<meta property=\"article:modified_time\" content=\"2026-09-02T11:22:50+00:00\" \/>\n<meta property=\"og:image\" content=\"https:\/\/marthacifuentes.com\/portada\/wp-content\/uploads\/2026\/09\/protestas-contra-petroleras.jpeg\" \/>\n\t<meta property=\"og:image:width\" content=\"1080\" \/>\n\t<meta property=\"og:image:height\" content=\"584\" \/>\n\t<meta property=\"og:image:type\" content=\"image\/jpeg\" \/>\n<meta name=\"author\" content=\"Martha Cifuentes\" \/>\n<meta name=\"twitter:card\" content=\"summary_large_image\" \/>\n<meta name=\"twitter:label1\" content=\"Escrito por\" \/>\n\t<meta name=\"twitter:data1\" content=\"Martha Cifuentes\" \/>\n\t<meta name=\"twitter:label2\" content=\"Tiempo de lectura\" \/>\n\t<meta name=\"twitter:data2\" content=\"8 minutos\" \/>\n<script type=\"application\/ld+json\" class=\"yoast-schema-graph\">{\"@context\":\"https:\/\/schema.org\",\"@graph\":[{\"@type\":\"WebPage\",\"@id\":\"https:\/\/marthacifuentes.com\/portada\/fallo-bloqueos-petroleros-alerta-casanare\/\",\"url\":\"https:\/\/marthacifuentes.com\/portada\/fallo-bloqueos-petroleros-alerta-casanare\/\",\"name\":\"Fallo por bloqueos petroleros alerta a Casanare\",\"isPartOf\":{\"@id\":\"https:\/\/marthacifuentes.com\/portada\/#website\"},\"primaryImageOfPage\":{\"@id\":\"https:\/\/marthacifuentes.com\/portada\/fallo-bloqueos-petroleros-alerta-casanare\/#primaryimage\"},\"image\":{\"@id\":\"https:\/\/marthacifuentes.com\/portada\/fallo-bloqueos-petroleros-alerta-casanare\/#primaryimage\"},\"thumbnailUrl\":\"https:\/\/marthacifuentes.com\/portada\/wp-content\/uploads\/2026\/09\/protestas-contra-petroleras.jpeg\",\"datePublished\":\"2026-09-02T11:22:48+00:00\",\"dateModified\":\"2026-09-02T11:22:50+00:00\",\"author\":{\"@id\":\"https:\/\/marthacifuentes.com\/portada\/#\/schema\/person\/57f53174b991db5f90ff78d58502b714\"},\"description\":\"Un fallo orden\u00f3 indemnizar a Ecopetrol por un bloqueo. Edwin Palma advierte sobre sus posibles efectos para l\u00edderes y comunidades de Casanare.\",\"breadcrumb\":{\"@id\":\"https:\/\/marthacifuentes.com\/portada\/fallo-bloqueos-petroleros-alerta-casanare\/#breadcrumb\"},\"inLanguage\":\"es\",\"potentialAction\":[{\"@type\":\"ReadAction\",\"target\":[\"https:\/\/marthacifuentes.com\/portada\/fallo-bloqueos-petroleros-alerta-casanare\/\"]}]},{\"@type\":\"ImageObject\",\"inLanguage\":\"es\",\"@id\":\"https:\/\/marthacifuentes.com\/portada\/fallo-bloqueos-petroleros-alerta-casanare\/#primaryimage\",\"url\":\"https:\/\/marthacifuentes.com\/portada\/wp-content\/uploads\/2026\/09\/protestas-contra-petroleras.jpeg\",\"contentUrl\":\"https:\/\/marthacifuentes.com\/portada\/wp-content\/uploads\/2026\/09\/protestas-contra-petroleras.jpeg\",\"width\":1080,\"height\":584},{\"@type\":\"BreadcrumbList\",\"@id\":\"https:\/\/marthacifuentes.com\/portada\/fallo-bloqueos-petroleros-alerta-casanare\/#breadcrumb\",\"itemListElement\":[{\"@type\":\"ListItem\",\"position\":1,\"name\":\"Portada\",\"item\":\"https:\/\/marthacifuentes.com\/portada\/\"},{\"@type\":\"ListItem\",\"position\":2,\"name\":\"\u00bfCobrarle a la comunidad que protesta el petr\u00f3leo que no se produjo? Fallo deber\u00eda alertar a comunidades en Casanare\"}]},{\"@type\":\"WebSite\",\"@id\":\"https:\/\/marthacifuentes.com\/portada\/#website\",\"url\":\"https:\/\/marthacifuentes.com\/portada\/\",\"name\":\"\u25b7 Noticias de Casanare : Martha Cifuentes | Casanare\",\"description\":\"Noticias &amp; Contenidos\",\"potentialAction\":[{\"@type\":\"SearchAction\",\"target\":{\"@type\":\"EntryPoint\",\"urlTemplate\":\"https:\/\/marthacifuentes.com\/portada\/?s={search_term_string}\"},\"query-input\":{\"@type\":\"PropertyValueSpecification\",\"valueRequired\":true,\"valueName\":\"search_term_string\"}}],\"inLanguage\":\"es\"},{\"@type\":\"Person\",\"@id\":\"https:\/\/marthacifuentes.com\/portada\/#\/schema\/person\/57f53174b991db5f90ff78d58502b714\",\"name\":\"Martha Cifuentes\",\"image\":{\"@type\":\"ImageObject\",\"inLanguage\":\"es\",\"@id\":\"https:\/\/marthacifuentes.com\/portada\/#\/schema\/person\/image\/\",\"url\":\"http:\/\/marthacifuentes.com\/portada\/wp-content\/uploads\/2018\/06\/avatar_user_2_1528838701-96x96.jpg\",\"contentUrl\":\"http:\/\/marthacifuentes.com\/portada\/wp-content\/uploads\/2018\/06\/avatar_user_2_1528838701-96x96.jpg\",\"caption\":\"Martha Cifuentes\"},\"sameAs\":[\"http:\/\/www.marthacifuentes.com\"],\"url\":\"https:\/\/marthacifuentes.com\/portada\/author\/martha\/\"}]}<\/script>\n<!-- \/ Yoast SEO plugin. -->","yoast_head_json":{"title":"Fallo por bloqueos petroleros alerta a Casanare","description":"Un fallo orden\u00f3 indemnizar a Ecopetrol por un bloqueo. Edwin Palma advierte sobre sus posibles efectos para l\u00edderes y comunidades de Casanare.","robots":{"index":"index","follow":"follow","max-snippet":"max-snippet:-1","max-image-preview":"max-image-preview:large","max-video-preview":"max-video-preview:-1"},"canonical":"https:\/\/marthacifuentes.com\/portada\/fallo-bloqueos-petroleros-alerta-casanare\/","og_locale":"es_ES","og_type":"article","og_title":"\u00bfPodr\u00edan cobrarles a las comunidades el petr\u00f3leo no producido?","og_description":"El Consejo de Estado conden\u00f3 a una l\u00edder comunal y a su organizaci\u00f3n. El fallo abre interrogantes para las protestas petroleras en Casanare.","og_url":"https:\/\/marthacifuentes.com\/portada\/fallo-bloqueos-petroleros-alerta-casanare\/","og_site_name":"\u25b7 Noticias de Casanare : Martha Cifuentes | Casanare","article_published_time":"2026-09-02T11:22:48+00:00","article_modified_time":"2026-09-02T11:22:50+00:00","og_image":[{"width":1080,"height":584,"url":"https:\/\/marthacifuentes.com\/portada\/wp-content\/uploads\/2026\/09\/protestas-contra-petroleras.jpeg","type":"image\/jpeg"}],"author":"Martha Cifuentes","twitter_card":"summary_large_image","twitter_misc":{"Escrito por":"Martha Cifuentes","Tiempo de lectura":"8 minutos"},"schema":{"@context":"https:\/\/schema.org","@graph":[{"@type":"WebPage","@id":"https:\/\/marthacifuentes.com\/portada\/fallo-bloqueos-petroleros-alerta-casanare\/","url":"https:\/\/marthacifuentes.com\/portada\/fallo-bloqueos-petroleros-alerta-casanare\/","name":"Fallo por bloqueos petroleros alerta a Casanare","isPartOf":{"@id":"https:\/\/marthacifuentes.com\/portada\/#website"},"primaryImageOfPage":{"@id":"https:\/\/marthacifuentes.com\/portada\/fallo-bloqueos-petroleros-alerta-casanare\/#primaryimage"},"image":{"@id":"https:\/\/marthacifuentes.com\/portada\/fallo-bloqueos-petroleros-alerta-casanare\/#primaryimage"},"thumbnailUrl":"https:\/\/marthacifuentes.com\/portada\/wp-content\/uploads\/2026\/09\/protestas-contra-petroleras.jpeg","datePublished":"2026-09-02T11:22:48+00:00","dateModified":"2026-09-02T11:22:50+00:00","author":{"@id":"https:\/\/marthacifuentes.com\/portada\/#\/schema\/person\/57f53174b991db5f90ff78d58502b714"},"description":"Un fallo orden\u00f3 indemnizar a Ecopetrol por un bloqueo. Edwin Palma advierte sobre sus posibles efectos para l\u00edderes y comunidades de Casanare.","breadcrumb":{"@id":"https:\/\/marthacifuentes.com\/portada\/fallo-bloqueos-petroleros-alerta-casanare\/#breadcrumb"},"inLanguage":"es","potentialAction":[{"@type":"ReadAction","target":["https:\/\/marthacifuentes.com\/portada\/fallo-bloqueos-petroleros-alerta-casanare\/"]}]},{"@type":"ImageObject","inLanguage":"es","@id":"https:\/\/marthacifuentes.com\/portada\/fallo-bloqueos-petroleros-alerta-casanare\/#primaryimage","url":"https:\/\/marthacifuentes.com\/portada\/wp-content\/uploads\/2026\/09\/protestas-contra-petroleras.jpeg","contentUrl":"https:\/\/marthacifuentes.com\/portada\/wp-content\/uploads\/2026\/09\/protestas-contra-petroleras.jpeg","width":1080,"height":584},{"@type":"BreadcrumbList","@id":"https:\/\/marthacifuentes.com\/portada\/fallo-bloqueos-petroleros-alerta-casanare\/#breadcrumb","itemListElement":[{"@type":"ListItem","position":1,"name":"Portada","item":"https:\/\/marthacifuentes.com\/portada\/"},{"@type":"ListItem","position":2,"name":"\u00bfCobrarle a la comunidad que protesta el petr\u00f3leo que no se produjo? Fallo deber\u00eda alertar a comunidades en Casanare"}]},{"@type":"WebSite","@id":"https:\/\/marthacifuentes.com\/portada\/#website","url":"https:\/\/marthacifuentes.com\/portada\/","name":"\u25b7 Noticias de Casanare : Martha Cifuentes | Casanare","description":"Noticias &amp; Contenidos","potentialAction":[{"@type":"SearchAction","target":{"@type":"EntryPoint","urlTemplate":"https:\/\/marthacifuentes.com\/portada\/?s={search_term_string}"},"query-input":{"@type":"PropertyValueSpecification","valueRequired":true,"valueName":"search_term_string"}}],"inLanguage":"es"},{"@type":"Person","@id":"https:\/\/marthacifuentes.com\/portada\/#\/schema\/person\/57f53174b991db5f90ff78d58502b714","name":"Martha Cifuentes","image":{"@type":"ImageObject","inLanguage":"es","@id":"https:\/\/marthacifuentes.com\/portada\/#\/schema\/person\/image\/","url":"http:\/\/marthacifuentes.com\/portada\/wp-content\/uploads\/2018\/06\/avatar_user_2_1528838701-96x96.jpg","contentUrl":"http:\/\/marthacifuentes.com\/portada\/wp-content\/uploads\/2018\/06\/avatar_user_2_1528838701-96x96.jpg","caption":"Martha Cifuentes"},"sameAs":["http:\/\/www.marthacifuentes.com"],"url":"https:\/\/marthacifuentes.com\/portada\/author\/martha\/"}]}},"_links":{"self":[{"href":"https:\/\/marthacifuentes.com\/portada\/wp-json\/wp\/v2\/posts\/40709","targetHints":{"allow":["GET"]}}],"collection":[{"href":"https:\/\/marthacifuentes.com\/portada\/wp-json\/wp\/v2\/posts"}],"about":[{"href":"https:\/\/marthacifuentes.com\/portada\/wp-json\/wp\/v2\/types\/post"}],"author":[{"embeddable":true,"href":"https:\/\/marthacifuentes.com\/portada\/wp-json\/wp\/v2\/users\/2"}],"replies":[{"embeddable":true,"href":"https:\/\/marthacifuentes.com\/portada\/wp-json\/wp\/v2\/comments?post=40709"}],"version-history":[{"count":1,"href":"https:\/\/marthacifuentes.com\/portada\/wp-json\/wp\/v2\/posts\/40709\/revisions"}],"predecessor-version":[{"id":40713,"href":"https:\/\/marthacifuentes.com\/portada\/wp-json\/wp\/v2\/posts\/40709\/revisions\/40713"}],"wp:featuredmedia":[{"embeddable":true,"href":"https:\/\/marthacifuentes.com\/portada\/wp-json\/wp\/v2\/media\/40712"}],"wp:attachment":[{"href":"https:\/\/marthacifuentes.com\/portada\/wp-json\/wp\/v2\/media?parent=40709"}],"wp:term":[{"taxonomy":"category","embeddable":true,"href":"https:\/\/marthacifuentes.com\/portada\/wp-json\/wp\/v2\/categories?post=40709"},{"taxonomy":"post_tag","embeddable":true,"href":"https:\/\/marthacifuentes.com\/portada\/wp-json\/wp\/v2\/tags?post=40709"}],"curies":[{"name":"wp","href":"https:\/\/api.w.org\/{rel}","templated":true}]}}