{"id":40714,"date":"2026-09-03T19:34:17","date_gmt":"2026-09-04T00:34:17","guid":{"rendered":"https:\/\/marthacifuentes.com\/portada\/?p=40714"},"modified":"2026-09-03T19:34:18","modified_gmt":"2026-09-04T00:34:18","slug":"cupiagua-soldados-muertos-servicio-militar-controles-internos-casanare","status":"publish","type":"post","link":"https:\/\/marthacifuentes.com\/portada\/cupiagua-soldados-muertos-servicio-militar-controles-internos-casanare\/","title":{"rendered":"\ud835\uddd6\ud835\ude02\ud835\uddfd\ud835\uddf6\ud835\uddee\ud835\uddf4\ud835\ude02\ud835\uddee \ud835\uddfb\ud835\uddfc \ud835\uddf2\ud835\ude00 \ud835\uddf2\ud835\uddf9 \ud835\uddfd\ud835\uddff\ud835\uddf6\ud835\uddfa\ud835\uddf2\ud835\uddff \ud835\uddf0\ud835\uddee\ud835\ude00\ud835\uddfc: \ud835\uddf1\ud835\uddfc\ud835\ude00 \ud835\ude00\ud835\uddfc\ud835\uddf9\ud835\uddf1\ud835\uddee\ud835\uddf1\ud835\uddfc\ud835\ude00 \ud835\uddfa\ud835\ude02\ud835\uddf2\ud835\uddff\ud835\ude01\ud835\uddfc\ud835\ude00 \ud835\uddff\ud835\uddf2\ud835\uddee\ud835\uddef\ud835\uddff\ud835\uddf2\ud835\uddfb \ud835\uddf1\ud835\uddf2\ud835\uddef\ud835\uddee\ud835\ude01\ud835\uddf2 \ud835\ude00\ud835\uddfc\ud835\uddef\ud835\uddff\ud835\uddf2 \ud835\uddee\ud835\uddff\ud835\uddfa\ud835\uddee\ud835\ude00, \ud835\ude00\ud835\uddf2\ud835\uddff\ud835\ude03\ud835\uddf6\ud835\uddf0\ud835\uddf6\ud835\uddfc \ud835\uddfa\ud835\uddf6\ud835\uddf9\ud835\uddf6\ud835\ude01\ud835\uddee\ud835\uddff \ud835\ude06 \ud835\uddf0\ud835\uddfc\ud835\uddfb\ud835\ude01\ud835\uddff\ud835\uddfc\ud835\uddf9\ud835\uddf2\ud835\ude00 \ud835\uddf6\ud835\uddfb\ud835\ude01\ud835\uddf2\ud835\uddff\ud835\uddfb\ud835\uddfc\ud835\ude00"},"content":{"rendered":"\n<p>Dos soldados muertos y otros dos heridos dej\u00f3 un grave hecho registrado hacia las 10:00 de la ma\u00f1ana de este jueves 3 de septiembre, al interior de la Base Militar de Cupiagua, ubicada en zona rural de Aguazul, Casanare.<\/p>\n\n\n\n<p>De acuerdo con el comunicado de la D\u00e9cima Sexta Brigada del Ej\u00e9rcito Nacional, un soldado habr\u00eda accionado su arma de dotaci\u00f3n contra otros cuatro uniformados, todos pertenecientes al Batall\u00f3n de Infanter\u00eda N.\u00b0 44. La instituci\u00f3n confirm\u00f3 dos soldados fallecidos, dos heridos y la activaci\u00f3n de los protocolos para esclarecer las circunstancias de tiempo, modo y lugar.<\/p>\n\n\n\n<p>Seg\u00fan informaci\u00f3n preliminar el presunto agresor fue identificado como <strong>Yonier Alejandro Hern\u00e1ndez Yepes<\/strong>, quien se encontraba de turno como centinela en una de las garitas.<\/p>\n\n\n\n<p>Una fuente castrense confirm\u00f3 que los cinco soldados estaban departiendo solos en un espacio de la unidad militar cuando, de un momento a otro, se present\u00f3 el hecho de intolerancia.<\/p>\n\n\n\n<h2 class=\"wp-block-heading\">\ud835\udddf\ud835\uddee\ud835\ude00 \ud835\ude03\ud835\uddf6\u0301\ud835\uddf0\ud835\ude01\ud835\uddf6\ud835\uddfa\ud835\uddee\ud835\ude00 \ud835\uddf2\ud835\uddff\ud835\uddee\ud835\uddfb \ud835\uddf7\ud835\uddfc\u0301\ud835\ude03\ud835\uddf2\ud835\uddfb\ud835\uddf2\ud835\ude00 \ud835\uddf1\ud835\uddf2 \ud835\uddd6\ud835\uddee\ud835\ude00\ud835\uddee\ud835\uddfb\ud835\uddee\ud835\uddff\ud835\uddf2<\/h2>\n\n\n\n<p>Uno de los soldados fallecidos fue identificado como <strong>Eduar Alejandro Mar\u00edn C\u00e1rdenas<\/strong>, de 20 a\u00f1os y oriundo de Aguazul. Muri\u00f3 en el lugar de los hechos.<\/p>\n\n\n\n<p>El segundo soldado muerto fue <strong>Diego Armando Arias Guanaro<\/strong>, de 19 a\u00f1os y oriundo de Yopal. Seg\u00fan la informaci\u00f3n preliminar, falleci\u00f3 durante el traslado y lleg\u00f3 sin signos vitales al Hospital Local de Aguazul.<\/p>\n\n\n\n<p>Los otros dos militares heridos fueron identificados como <strong>Jos\u00e9 Junior Rojas Remijo<\/strong> y <strong>Jeferson Alexander Cruz Ortiz<\/strong>. Ambos tambi\u00e9n ser\u00edan casanare\u00f1os y, por la gravedad de las lesiones, fueron remitidos al Hospital Regional de la Orinoqu\u00eda, HORO, en Yopal.<\/p>\n\n\n\n<p>Todos estaban prestando servicio militar.<\/p>\n\n\n\n<p>Detr\u00e1s de los uniformes hab\u00eda muchachos j\u00f3venes, familias esperando llamadas y hogares que hoy reciben una noticia imposible de procesar: sus hijos no estaban en combate, estaban dentro de una instalaci\u00f3n militar.<\/p>\n\n\n\n<h2 class=\"wp-block-heading\">\ud835\uddd8\ud835\uddf9 \ud835\uddfd\ud835\uddff\ud835\uddf2\ud835\ude00\ud835\ude02\ud835\uddfb\ud835\ude01\ud835\uddfc \ud835\uddff\ud835\uddf2\ud835\ude00\ud835\uddfd\ud835\uddfc\ud835\uddfb\ud835\ude00\ud835\uddee\ud835\uddef\ud835\uddf9\ud835\uddf2 \ud835\uddf3\ud835\ude02\ud835\uddf2 \ud835\uddf0\ud835\uddee\ud835\uddfd\ud835\ude01\ud835\ude02\ud835\uddff\ud835\uddee\ud835\uddf1\ud835\uddfc<\/h2>\n\n\n\n<p>Tras conocerse el hecho, unidades de la Polic\u00eda de Aguazul, Bomberos, personal de la Sij\u00edn y funcionarios de la Justicia Penal Militar se desplazaron hasta la base para adelantar las actuaciones correspondientes.<\/p>\n\n\n\n<p>El soldado se\u00f1alado como presunto responsable fue capturado y qued\u00f3 a disposici\u00f3n de las autoridades competentes.<\/p>\n\n\n\n<p>El Ej\u00e9rcito Nacional asegur\u00f3 que colaborar\u00e1 con las autoridades judiciales para esclarecer lo sucedido y expres\u00f3 condolencias a las familias de los soldados fallecidos, as\u00ed como deseos de recuperaci\u00f3n para los heridos.<\/p>\n\n\n\n<h2 class=\"wp-block-heading\">\ud835\udde1\ud835\uddfc \ud835\uddf2\ud835\ude00 \ud835\uddf2\ud835\uddf9 \ud835\uddfd\ud835\uddff\ud835\uddf6\ud835\uddfa\ud835\uddf2\ud835\uddff \ud835\uddf2\ud835\uddfd\ud835\uddf6\ud835\ude00\ud835\uddfc\ud835\uddf1\ud835\uddf6\ud835\uddfc \ud835\uddf4\ud835\uddff\ud835\uddee\ud835\ude03\ud835\uddf2<\/h2>\n\n\n\n<p>En Casanare ya se han registrado otros episodios graves dentro de unidades militares o entre soldados, varios de ellos relacionados con armas de dotaci\u00f3n, ri\u00f1as, discusiones o muertes en circunstancias investigadas por las autoridades.<\/p>\n\n\n\n<h2 class=\"wp-block-heading\"><\/h2>\n\n\n\n<p><strong>24 de noviembre de 2013 \u2013 Aguazul.<\/strong><br>En una guarnici\u00f3n militar de Aguazul, el soldado regular <strong>Pedro Ernesto Valderrama Amado<\/strong> result\u00f3 herido con arma de fuego y falleci\u00f3 cuando era trasladado a un centro asistencial. Estaba adscrito al Batall\u00f3n de Infanter\u00eda N.\u00b0 44 \u201cRam\u00f3n Nonato P\u00e9rez\u201d y prestaba servicio militar obligatorio.<\/p>\n\n\n\n<p><strong>25 de febrero de 2017 \u2013 Base de Cupiagua, Aguazul.<\/strong><br>Una ri\u00f1a entre soldados regulares dej\u00f3 herido al soldado <strong>Andr\u00e9s G\u00f3mez<\/strong>, de 19 a\u00f1os. Seg\u00fan lo reportado en ese momento, durante una discusi\u00f3n G\u00f3mez le habr\u00eda lanzado una escoba a un compa\u00f1ero, quien reaccion\u00f3 dispar\u00e1ndole con el fusil de dotaci\u00f3n a la altura del abdomen. El joven fue trasladado al Hospital de Aguazul y luego al Hospital de Yopal, donde fue intervenido quir\u00fargicamente.<\/p>\n\n\n\n<p><strong>9 de junio de 2018 \u2013 Nunch\u00eda.<\/strong><br>El soldado <strong>Eider Alexis Tovar Trivi\u00f1o<\/strong>, de 19 a\u00f1os y oriundo del sector de Llano Lindo, en Yopal, muri\u00f3 luego de que un compa\u00f1ero accionara su arma de dotaci\u00f3n durante un altercado. Extraoficialmente se dijo que la discusi\u00f3n habr\u00eda iniciado por unos manos libres de celular. El caso ocurri\u00f3 en la vereda Pedregal, cuando los uniformados adelantaban operaciones militares.<\/p>\n\n\n\n<p><strong>2 de mayo de 2026 \u2013 Cant\u00f3n Militar Manare, Yopal.<\/strong><br>La soldado <strong>Yuliana Yineth Fl\u00f3rez L\u00f3pez<\/strong>, de 18 a\u00f1os, org\u00e1nica del Batall\u00f3n de Apoyo y Servicios para el Combate N.\u00b0 16, muri\u00f3 en las instalaciones del Cant\u00f3n Militar Manare. Al parecer accion\u00f3 su arma de dotaci\u00f3n caus\u00e1ndose la muerte. Este caso no corresponde a una agresi\u00f3n contra compa\u00f1eros, pero s\u00ed hace parte de los hechos graves ocurridos dentro de instalaciones militares en Casanare.<\/p>\n\n\n\n<p><strong>3 de septiembre de 2026 \u2013 Base Militar de Cupiagua, Aguazul.<\/strong><br>Dos soldados muertos y dos heridos dej\u00f3 el ataque atribuido preliminarmente a un compa\u00f1ero que estaba de turno como centinela. El Ej\u00e9rcito calific\u00f3 lo ocurrido como un hecho de intolerancia y anunci\u00f3 investigaciones para establecer las circunstancias exactas.<\/p>\n\n\n\n<h2 class=\"wp-block-heading\">\ud835\udddf\ud835\uddee \ud835\uddfd\ud835\uddee\ud835\uddf9\ud835\uddee\ud835\uddef\ud835\uddff\ud835\uddee \u201c\ud835\uddf6\ud835\uddfb\ud835\ude01\ud835\uddfc\ud835\uddf9\ud835\uddf2\ud835\uddff\ud835\uddee\ud835\uddfb\ud835\uddf0\ud835\uddf6\ud835\uddee\u201d \ud835\uddfb\ud835\uddfc \ud835\uddee\ud835\uddf9\ud835\uddf0\ud835\uddee\ud835\uddfb\ud835\ude07\ud835\uddee<\/h2>\n\n\n\n<p>El comunicado oficial habla de un \u201checho de intolerancia\u201d. Es una f\u00f3rmula conocida. Describe una reacci\u00f3n violenta, pero no explica lo que fall\u00f3 antes.<\/p>\n\n\n\n<p>La investigaci\u00f3n tendr\u00e1 que establecer qu\u00e9 ocurri\u00f3 en los minutos previos, c\u00f3mo estaba distribuido el personal, por qu\u00e9 un centinela armado termin\u00f3 disparando contra compa\u00f1eros que estaban departiendo, qu\u00e9 supervisi\u00f3n exist\u00eda en ese momento y qu\u00e9 protocolos internos se activan cuando hay conflictos entre soldados.<\/p>\n\n\n\n<p>Tambi\u00e9n deber\u00eda revisar algo m\u00e1s inc\u00f3modo: el acompa\u00f1amiento psicol\u00f3gico, disciplinario y operativo que reciben j\u00f3venes que, en muchos casos, apenas cruzan la mayor\u00eda de edad y pasan de su casa a una estructura militar con armas, jerarqu\u00eda, encierro, presi\u00f3n f\u00edsica y convivencia intensa.<\/p>\n","protected":false},"excerpt":{"rendered":"<p>Dos soldados muertos y otros dos heridos dej\u00f3 un grave hecho registrado hacia las 10:00 de la ma\u00f1ana de este jueves 3 de septiembre, al interior de la Base Militar de Cupiagua, ubicada en zona rural de Aguazul, Casanare. De acuerdo con el comunicado de la D\u00e9cima Sexta Brigada del Ej\u00e9rcito Nacional, un soldado habr\u00eda &hellip;<\/p>\n","protected":false},"author":2,"featured_media":40715,"comment_status":"open","ping_status":"open","sticky":false,"template":"","format":"standard","meta":{"om_disable_all_campaigns":false,"_exactmetrics_skip_tracking":false,"_exactmetrics_sitenote_active":false,"_exactmetrics_sitenote_note":"","_exactmetrics_sitenote_category":0,"_monsterinsights_skip_tracking":false,"_uf_show_specific_survey":0,"_uf_disable_surveys":false,"_joinchat":[],"footnotes":""},"categories":[147,146,145],"tags":[219,15491,15484,15486,15492,154,15485,742,15490,232,15014,15488,15489,15487,157],"class_list":["post-40714","post","type-post","status-publish","format-standard","has-post-thumbnail","hentry","category-actualidad","category-noticias","category-reportajes","tag-aguazul","tag-arma-de-dotacion","tag-base-militar-de-cupiagua","tag-batallon-de-infanteria-44","tag-canton-militar-manare","tag-casanare","tag-decima-sexta-brigada","tag-ejercito-nacional","tag-hecho-de-intolerancia","tag-horo","tag-hospital-regional-de-la-orinoquia-2","tag-servicio-militar","tag-soldados-heridos","tag-soldados-muertos","tag-yopal"],"yoast_head":"<!-- This site is optimized with the Yoast SEO plugin v26.1 - https:\/\/yoast.com\/wordpress\/plugins\/seo\/ -->\n<title>Cupiagua no es el primer caso: dos soldados muertos reabren debate sobre controles internos<\/title>\n<meta name=\"description\" content=\"Dos soldados murieron y dos resultaron heridos en Cupiagua. El caso revive antecedentes de hechos graves en unidades militares de Casanare.\" \/>\n<meta name=\"robots\" content=\"index, follow, max-snippet:-1, max-image-preview:large, max-video-preview:-1\" \/>\n<link rel=\"canonical\" href=\"https:\/\/marthacifuentes.com\/portada\/cupiagua-soldados-muertos-servicio-militar-controles-internos-casanare\/\" \/>\n<meta property=\"og:locale\" content=\"es_ES\" \/>\n<meta property=\"og:type\" content=\"article\" \/>\n<meta property=\"og:title\" content=\"Cupiagua no es el primer caso: dos soldados muertos reabren debate sobre controles internos\" \/>\n<meta property=\"og:description\" content=\"El ataque ocurrido en la Base Militar de Cupiagua se suma a otros episodios graves registrados en unidades militares de Casanare.\" \/>\n<meta property=\"og:url\" content=\"https:\/\/marthacifuentes.com\/portada\/cupiagua-soldados-muertos-servicio-militar-controles-internos-casanare\/\" \/>\n<meta property=\"og:site_name\" content=\"\u25b7 Noticias de Casanare : Martha Cifuentes | Casanare\" \/>\n<meta property=\"article:published_time\" content=\"2026-09-04T00:34:17+00:00\" \/>\n<meta property=\"article:modified_time\" content=\"2026-09-04T00:34:18+00:00\" \/>\n<meta property=\"og:image\" content=\"https:\/\/marthacifuentes.com\/portada\/wp-content\/uploads\/2026\/09\/ChatGPT-Image-3-sept-2026-07_30_38-p.m.-1-1.png\" \/>\n\t<meta property=\"og:image:width\" content=\"627\" \/>\n\t<meta property=\"og:image:height\" content=\"353\" \/>\n\t<meta property=\"og:image:type\" content=\"image\/png\" \/>\n<meta name=\"author\" content=\"Martha Cifuentes\" \/>\n<meta name=\"twitter:card\" content=\"summary_large_image\" \/>\n<meta name=\"twitter:title\" content=\"Cupiagua no es el primer caso: dos soldados muertos reabren debate sobre controles internos\" \/>\n<meta name=\"twitter:description\" content=\"El ataque ocurrido en la Base Militar de Cupiagua se suma a otros episodios graves registrados en unidades militares de Casanare.\" \/>\n<meta name=\"twitter:label1\" content=\"Escrito por\" \/>\n\t<meta name=\"twitter:data1\" content=\"Martha Cifuentes\" \/>\n\t<meta name=\"twitter:label2\" content=\"Tiempo de lectura\" \/>\n\t<meta name=\"twitter:data2\" content=\"5 minutos\" \/>\n<script type=\"application\/ld+json\" class=\"yoast-schema-graph\">{\"@context\":\"https:\/\/schema.org\",\"@graph\":[{\"@type\":\"WebPage\",\"@id\":\"https:\/\/marthacifuentes.com\/portada\/cupiagua-soldados-muertos-servicio-militar-controles-internos-casanare\/\",\"url\":\"https:\/\/marthacifuentes.com\/portada\/cupiagua-soldados-muertos-servicio-militar-controles-internos-casanare\/\",\"name\":\"Cupiagua no es el primer caso: dos soldados muertos reabren debate sobre controles internos\",\"isPartOf\":{\"@id\":\"https:\/\/marthacifuentes.com\/portada\/#website\"},\"primaryImageOfPage\":{\"@id\":\"https:\/\/marthacifuentes.com\/portada\/cupiagua-soldados-muertos-servicio-militar-controles-internos-casanare\/#primaryimage\"},\"image\":{\"@id\":\"https:\/\/marthacifuentes.com\/portada\/cupiagua-soldados-muertos-servicio-militar-controles-internos-casanare\/#primaryimage\"},\"thumbnailUrl\":\"https:\/\/marthacifuentes.com\/portada\/wp-content\/uploads\/2026\/09\/ChatGPT-Image-3-sept-2026-07_30_38-p.m.-1-1.png\",\"datePublished\":\"2026-09-04T00:34:17+00:00\",\"dateModified\":\"2026-09-04T00:34:18+00:00\",\"author\":{\"@id\":\"https:\/\/marthacifuentes.com\/portada\/#\/schema\/person\/57f53174b991db5f90ff78d58502b714\"},\"description\":\"Dos soldados murieron y dos resultaron heridos en Cupiagua. El caso revive antecedentes de hechos graves en unidades militares de Casanare.\",\"breadcrumb\":{\"@id\":\"https:\/\/marthacifuentes.com\/portada\/cupiagua-soldados-muertos-servicio-militar-controles-internos-casanare\/#breadcrumb\"},\"inLanguage\":\"es\",\"potentialAction\":[{\"@type\":\"ReadAction\",\"target\":[\"https:\/\/marthacifuentes.com\/portada\/cupiagua-soldados-muertos-servicio-militar-controles-internos-casanare\/\"]}]},{\"@type\":\"ImageObject\",\"inLanguage\":\"es\",\"@id\":\"https:\/\/marthacifuentes.com\/portada\/cupiagua-soldados-muertos-servicio-militar-controles-internos-casanare\/#primaryimage\",\"url\":\"https:\/\/marthacifuentes.com\/portada\/wp-content\/uploads\/2026\/09\/ChatGPT-Image-3-sept-2026-07_30_38-p.m.-1-1.png\",\"contentUrl\":\"https:\/\/marthacifuentes.com\/portada\/wp-content\/uploads\/2026\/09\/ChatGPT-Image-3-sept-2026-07_30_38-p.m.-1-1.png\",\"width\":627,\"height\":353},{\"@type\":\"BreadcrumbList\",\"@id\":\"https:\/\/marthacifuentes.com\/portada\/cupiagua-soldados-muertos-servicio-militar-controles-internos-casanare\/#breadcrumb\",\"itemListElement\":[{\"@type\":\"ListItem\",\"position\":1,\"name\":\"Portada\",\"item\":\"https:\/\/marthacifuentes.com\/portada\/\"},{\"@type\":\"ListItem\",\"position\":2,\"name\":\"\ud835\uddd6\ud835\ude02\ud835\uddfd\ud835\uddf6\ud835\uddee\ud835\uddf4\ud835\ude02\ud835\uddee \ud835\uddfb\ud835\uddfc \ud835\uddf2\ud835\ude00 \ud835\uddf2\ud835\uddf9 \ud835\uddfd\ud835\uddff\ud835\uddf6\ud835\uddfa\ud835\uddf2\ud835\uddff \ud835\uddf0\ud835\uddee\ud835\ude00\ud835\uddfc: \ud835\uddf1\ud835\uddfc\ud835\ude00 \ud835\ude00\ud835\uddfc\ud835\uddf9\ud835\uddf1\ud835\uddee\ud835\uddf1\ud835\uddfc\ud835\ude00 \ud835\uddfa\ud835\ude02\ud835\uddf2\ud835\uddff\ud835\ude01\ud835\uddfc\ud835\ude00 \ud835\uddff\ud835\uddf2\ud835\uddee\ud835\uddef\ud835\uddff\ud835\uddf2\ud835\uddfb \ud835\uddf1\ud835\uddf2\ud835\uddef\ud835\uddee\ud835\ude01\ud835\uddf2 \ud835\ude00\ud835\uddfc\ud835\uddef\ud835\uddff\ud835\uddf2 \ud835\uddee\ud835\uddff\ud835\uddfa\ud835\uddee\ud835\ude00, \ud835\ude00\ud835\uddf2\ud835\uddff\ud835\ude03\ud835\uddf6\ud835\uddf0\ud835\uddf6\ud835\uddfc \ud835\uddfa\ud835\uddf6\ud835\uddf9\ud835\uddf6\ud835\ude01\ud835\uddee\ud835\uddff \ud835\ude06 \ud835\uddf0\ud835\uddfc\ud835\uddfb\ud835\ude01\ud835\uddff\ud835\uddfc\ud835\uddf9\ud835\uddf2\ud835\ude00 \ud835\uddf6\ud835\uddfb\ud835\ude01\ud835\uddf2\ud835\uddff\ud835\uddfb\ud835\uddfc\ud835\ude00\"}]},{\"@type\":\"WebSite\",\"@id\":\"https:\/\/marthacifuentes.com\/portada\/#website\",\"url\":\"https:\/\/marthacifuentes.com\/portada\/\",\"name\":\"\u25b7 Noticias de Casanare : Martha Cifuentes | Casanare\",\"description\":\"Noticias &amp; Contenidos\",\"potentialAction\":[{\"@type\":\"SearchAction\",\"target\":{\"@type\":\"EntryPoint\",\"urlTemplate\":\"https:\/\/marthacifuentes.com\/portada\/?s={search_term_string}\"},\"query-input\":{\"@type\":\"PropertyValueSpecification\",\"valueRequired\":true,\"valueName\":\"search_term_string\"}}],\"inLanguage\":\"es\"},{\"@type\":\"Person\",\"@id\":\"https:\/\/marthacifuentes.com\/portada\/#\/schema\/person\/57f53174b991db5f90ff78d58502b714\",\"name\":\"Martha Cifuentes\",\"image\":{\"@type\":\"ImageObject\",\"inLanguage\":\"es\",\"@id\":\"https:\/\/marthacifuentes.com\/portada\/#\/schema\/person\/image\/\",\"url\":\"http:\/\/marthacifuentes.com\/portada\/wp-content\/uploads\/2018\/06\/avatar_user_2_1528838701-96x96.jpg\",\"contentUrl\":\"http:\/\/marthacifuentes.com\/portada\/wp-content\/uploads\/2018\/06\/avatar_user_2_1528838701-96x96.jpg\",\"caption\":\"Martha Cifuentes\"},\"sameAs\":[\"http:\/\/www.marthacifuentes.com\"],\"url\":\"https:\/\/marthacifuentes.com\/portada\/author\/martha\/\"}]}<\/script>\n<!-- \/ Yoast SEO plugin. -->","yoast_head_json":{"title":"Cupiagua no es el primer caso: dos soldados muertos reabren debate sobre controles internos","description":"Dos soldados murieron y dos resultaron heridos en Cupiagua. El caso revive antecedentes de hechos graves en unidades militares de Casanare.","robots":{"index":"index","follow":"follow","max-snippet":"max-snippet:-1","max-image-preview":"max-image-preview:large","max-video-preview":"max-video-preview:-1"},"canonical":"https:\/\/marthacifuentes.com\/portada\/cupiagua-soldados-muertos-servicio-militar-controles-internos-casanare\/","og_locale":"es_ES","og_type":"article","og_title":"Cupiagua no es el primer caso: dos soldados muertos reabren debate sobre controles internos","og_description":"El ataque ocurrido en la Base Militar de Cupiagua se suma a otros episodios graves registrados en unidades militares de Casanare.","og_url":"https:\/\/marthacifuentes.com\/portada\/cupiagua-soldados-muertos-servicio-militar-controles-internos-casanare\/","og_site_name":"\u25b7 Noticias de Casanare : Martha Cifuentes | Casanare","article_published_time":"2026-09-04T00:34:17+00:00","article_modified_time":"2026-09-04T00:34:18+00:00","og_image":[{"width":627,"height":353,"url":"https:\/\/marthacifuentes.com\/portada\/wp-content\/uploads\/2026\/09\/ChatGPT-Image-3-sept-2026-07_30_38-p.m.-1-1.png","type":"image\/png"}],"author":"Martha Cifuentes","twitter_card":"summary_large_image","twitter_title":"Cupiagua no es el primer caso: dos soldados muertos reabren debate sobre controles internos","twitter_description":"El ataque ocurrido en la Base Militar de Cupiagua se suma a otros episodios graves registrados en unidades militares de Casanare.","twitter_misc":{"Escrito por":"Martha Cifuentes","Tiempo de lectura":"5 minutos"},"schema":{"@context":"https:\/\/schema.org","@graph":[{"@type":"WebPage","@id":"https:\/\/marthacifuentes.com\/portada\/cupiagua-soldados-muertos-servicio-militar-controles-internos-casanare\/","url":"https:\/\/marthacifuentes.com\/portada\/cupiagua-soldados-muertos-servicio-militar-controles-internos-casanare\/","name":"Cupiagua no es el primer caso: dos soldados muertos reabren debate sobre controles internos","isPartOf":{"@id":"https:\/\/marthacifuentes.com\/portada\/#website"},"primaryImageOfPage":{"@id":"https:\/\/marthacifuentes.com\/portada\/cupiagua-soldados-muertos-servicio-militar-controles-internos-casanare\/#primaryimage"},"image":{"@id":"https:\/\/marthacifuentes.com\/portada\/cupiagua-soldados-muertos-servicio-militar-controles-internos-casanare\/#primaryimage"},"thumbnailUrl":"https:\/\/marthacifuentes.com\/portada\/wp-content\/uploads\/2026\/09\/ChatGPT-Image-3-sept-2026-07_30_38-p.m.-1-1.png","datePublished":"2026-09-04T00:34:17+00:00","dateModified":"2026-09-04T00:34:18+00:00","author":{"@id":"https:\/\/marthacifuentes.com\/portada\/#\/schema\/person\/57f53174b991db5f90ff78d58502b714"},"description":"Dos soldados murieron y dos resultaron heridos en Cupiagua. El caso revive antecedentes de hechos graves en unidades militares de Casanare.","breadcrumb":{"@id":"https:\/\/marthacifuentes.com\/portada\/cupiagua-soldados-muertos-servicio-militar-controles-internos-casanare\/#breadcrumb"},"inLanguage":"es","potentialAction":[{"@type":"ReadAction","target":["https:\/\/marthacifuentes.com\/portada\/cupiagua-soldados-muertos-servicio-militar-controles-internos-casanare\/"]}]},{"@type":"ImageObject","inLanguage":"es","@id":"https:\/\/marthacifuentes.com\/portada\/cupiagua-soldados-muertos-servicio-militar-controles-internos-casanare\/#primaryimage","url":"https:\/\/marthacifuentes.com\/portada\/wp-content\/uploads\/2026\/09\/ChatGPT-Image-3-sept-2026-07_30_38-p.m.-1-1.png","contentUrl":"https:\/\/marthacifuentes.com\/portada\/wp-content\/uploads\/2026\/09\/ChatGPT-Image-3-sept-2026-07_30_38-p.m.-1-1.png","width":627,"height":353},{"@type":"BreadcrumbList","@id":"https:\/\/marthacifuentes.com\/portada\/cupiagua-soldados-muertos-servicio-militar-controles-internos-casanare\/#breadcrumb","itemListElement":[{"@type":"ListItem","position":1,"name":"Portada","item":"https:\/\/marthacifuentes.com\/portada\/"},{"@type":"ListItem","position":2,"name":"\ud835\uddd6\ud835\ude02\ud835\uddfd\ud835\uddf6\ud835\uddee\ud835\uddf4\ud835\ude02\ud835\uddee \ud835\uddfb\ud835\uddfc \ud835\uddf2\ud835\ude00 \ud835\uddf2\ud835\uddf9 \ud835\uddfd\ud835\uddff\ud835\uddf6\ud835\uddfa\ud835\uddf2\ud835\uddff \ud835\uddf0\ud835\uddee\ud835\ude00\ud835\uddfc: \ud835\uddf1\ud835\uddfc\ud835\ude00 \ud835\ude00\ud835\uddfc\ud835\uddf9\ud835\uddf1\ud835\uddee\ud835\uddf1\ud835\uddfc\ud835\ude00 \ud835\uddfa\ud835\ude02\ud835\uddf2\ud835\uddff\ud835\ude01\ud835\uddfc\ud835\ude00 \ud835\uddff\ud835\uddf2\ud835\uddee\ud835\uddef\ud835\uddff\ud835\uddf2\ud835\uddfb \ud835\uddf1\ud835\uddf2\ud835\uddef\ud835\uddee\ud835\ude01\ud835\uddf2 \ud835\ude00\ud835\uddfc\ud835\uddef\ud835\uddff\ud835\uddf2 \ud835\uddee\ud835\uddff\ud835\uddfa\ud835\uddee\ud835\ude00, \ud835\ude00\ud835\uddf2\ud835\uddff\ud835\ude03\ud835\uddf6\ud835\uddf0\ud835\uddf6\ud835\uddfc \ud835\uddfa\ud835\uddf6\ud835\uddf9\ud835\uddf6\ud835\ude01\ud835\uddee\ud835\uddff \ud835\ude06 \ud835\uddf0\ud835\uddfc\ud835\uddfb\ud835\ude01\ud835\uddff\ud835\uddfc\ud835\uddf9\ud835\uddf2\ud835\ude00 \ud835\uddf6\ud835\uddfb\ud835\ude01\ud835\uddf2\ud835\uddff\ud835\uddfb\ud835\uddfc\ud835\ude00"}]},{"@type":"WebSite","@id":"https:\/\/marthacifuentes.com\/portada\/#website","url":"https:\/\/marthacifuentes.com\/portada\/","name":"\u25b7 Noticias de Casanare : Martha Cifuentes | Casanare","description":"Noticias &amp; Contenidos","potentialAction":[{"@type":"SearchAction","target":{"@type":"EntryPoint","urlTemplate":"https:\/\/marthacifuentes.com\/portada\/?s={search_term_string}"},"query-input":{"@type":"PropertyValueSpecification","valueRequired":true,"valueName":"search_term_string"}}],"inLanguage":"es"},{"@type":"Person","@id":"https:\/\/marthacifuentes.com\/portada\/#\/schema\/person\/57f53174b991db5f90ff78d58502b714","name":"Martha Cifuentes","image":{"@type":"ImageObject","inLanguage":"es","@id":"https:\/\/marthacifuentes.com\/portada\/#\/schema\/person\/image\/","url":"http:\/\/marthacifuentes.com\/portada\/wp-content\/uploads\/2018\/06\/avatar_user_2_1528838701-96x96.jpg","contentUrl":"http:\/\/marthacifuentes.com\/portada\/wp-content\/uploads\/2018\/06\/avatar_user_2_1528838701-96x96.jpg","caption":"Martha Cifuentes"},"sameAs":["http:\/\/www.marthacifuentes.com"],"url":"https:\/\/marthacifuentes.com\/portada\/author\/martha\/"}]}},"_links":{"self":[{"href":"https:\/\/marthacifuentes.com\/portada\/wp-json\/wp\/v2\/posts\/40714","targetHints":{"allow":["GET"]}}],"collection":[{"href":"https:\/\/marthacifuentes.com\/portada\/wp-json\/wp\/v2\/posts"}],"about":[{"href":"https:\/\/marthacifuentes.com\/portada\/wp-json\/wp\/v2\/types\/post"}],"author":[{"embeddable":true,"href":"https:\/\/marthacifuentes.com\/portada\/wp-json\/wp\/v2\/users\/2"}],"replies":[{"embeddable":true,"href":"https:\/\/marthacifuentes.com\/portada\/wp-json\/wp\/v2\/comments?post=40714"}],"version-history":[{"count":1,"href":"https:\/\/marthacifuentes.com\/portada\/wp-json\/wp\/v2\/posts\/40714\/revisions"}],"predecessor-version":[{"id":40716,"href":"https:\/\/marthacifuentes.com\/portada\/wp-json\/wp\/v2\/posts\/40714\/revisions\/40716"}],"wp:featuredmedia":[{"embeddable":true,"href":"https:\/\/marthacifuentes.com\/portada\/wp-json\/wp\/v2\/media\/40715"}],"wp:attachment":[{"href":"https:\/\/marthacifuentes.com\/portada\/wp-json\/wp\/v2\/media?parent=40714"}],"wp:term":[{"taxonomy":"category","embeddable":true,"href":"https:\/\/marthacifuentes.com\/portada\/wp-json\/wp\/v2\/categories?post=40714"},{"taxonomy":"post_tag","embeddable":true,"href":"https:\/\/marthacifuentes.com\/portada\/wp-json\/wp\/v2\/tags?post=40714"}],"curies":[{"name":"wp","href":"https:\/\/api.w.org\/{rel}","templated":true}]}}